{"id":361576,"date":"2025-09-02T20:18:28","date_gmt":"2025-09-02T20:18:28","guid":{"rendered":"https:\/\/www.europesays.com\/fr\/361576\/"},"modified":"2025-09-02T20:18:28","modified_gmt":"2025-09-02T20:18:28","slug":"ce-centre-commercial-du-centre-ville-a-ete-evacue-en-urgence-ce-quil-sest-passe","status":"publish","type":"post","link":"https:\/\/www.europesays.com\/fr\/361576\/","title":{"rendered":"Ce centre commercial du centre-ville a \u00e9t\u00e9 \u00e9vacu\u00e9 en urgence : ce qu&rsquo;il s&rsquo;est pass\u00e9"},"content":{"rendered":"<p class=\"article__intro\">Le centre commercial de la Visitation, \u00e0 Rennes (Ille-et-Vilaine), a \u00e9t\u00e9 \u00e9vacu\u00e9 ce mardi 2 septembre dans l&rsquo;apr\u00e8s-midi. Une valise avait \u00e9t\u00e9 abandonn\u00e9e sur le site.<\/p>\n<p>\n      La Quotidienne Soci\u00e9t\u00e9\n    <\/p>\n<p>\n      De la vie quotidienne aux grands enjeux, recevez tous les jours les sujets qui font la soci\u00e9t\u00e9 locale, comme la justice, l\u2019\u00e9ducation, la sant\u00e9 et la famille.\n    <\/p>\n<p>    France T\u00e9l\u00e9visions utilise votre adresse e-mail afin de vous envoyer la newsletter \u00ab\u00a0La Quotidienne Soci\u00e9t\u00e9\u00a0\u00bb. Vous pouvez vous d\u00e9sinscrire \u00e0 tout moment via le lien en bas de cette newsletter. <a target=\"_blank\" href=\"https:\/\/www.francetelevisions.fr\/groupe\/confidentialite\/politique-de-confidentialite\/politique-de-confidentialite-de-france-televisions-6503\" rel=\"nofollow noopener\">Notre politique de confidentialit\u00e9<\/a><\/p>\n<p>Ce mardi 2 septembre 2025 \u00e0 Rennes, en Ille-et-Vilaine, le centre commercial de la Visitation a \u00e9t\u00e9 \u00e9vacu\u00e9, apprend France 3 Bretagne.\u00a0<\/p>\n<p>La police a \u00e9t\u00e9 contact\u00e9e \u00e0 16h30 pour une valise abandonn\u00e9e.<\/p>\n<\/p>\n<p>Apr\u00e8s avoir consult\u00e9 les cam\u00e9ras de surveillance, aucune \u00e9quipe de d\u00e9minage n&rsquo;est intervenue suite \u00e0 l&rsquo;abandon d&rsquo;une valise dans ce centre commercial du centre-ville.\u00a0<\/p>\n<p>L&rsquo;intervention, qui a dur\u00e9 40 minutes au total, a abouti \u00e0 la d\u00e9couverte d&rsquo;une tour d&rsquo;ordinateur dans la valise, nous pr\u00e9cisent les forces de police.\u00a0<\/p>\n<p>Durant ce laps de temps, clients et employ\u00e9s du site avaient \u00e9t\u00e9 \u00e9vacu\u00e9s.<\/p>\n<p>Le centre commercial, situ\u00e9 en centre-ville, est compos\u00e9 d&rsquo;une quinzaine d&rsquo;enseignes (alimentation, bricolage, pr\u00eat-\u00e0-porter&#8230;), dont certaines sont tr\u00e8s fr\u00e9quent\u00e9es.<\/p>\n<p>Il tire son nom du couvent des Visitandines, construit en\u00a01628, qui se situait \u00e0 cet emplacement. Il sera un couvent donc, mais aussi un h\u00f4pital ou encore, un \u00e9tablissement scolaire.<\/p>\n","protected":false},"excerpt":{"rendered":"Le centre commercial de la Visitation, \u00e0 Rennes (Ille-et-Vilaine), a \u00e9t\u00e9 \u00e9vacu\u00e9 ce mardi 2 septembre dans l&rsquo;apr\u00e8s-midi.&hellip;\n","protected":false},"author":2,"featured_media":361577,"comment_status":"","ping_status":"","sticky":false,"template":"","format":"standard","meta":{"footnotes":""},"categories":[2821],"tags":[1111,11,829,1777,674,1011,27,12,584,25],"class_list":{"0":"post-361576","1":"post","2":"type-post","3":"status-publish","4":"format-standard","5":"has-post-thumbnail","7":"category-rennes","8":"tag-actu","9":"tag-actualites","10":"tag-bretagne","11":"tag-eu","12":"tag-europe","13":"tag-fr","14":"tag-france","15":"tag-news","16":"tag-rennes","17":"tag-republique-francaise"},"share_on_mastodon":{"url":"https:\/\/pubeurope.com\/@fr\/115136555775094914","error":""},"_links":{"self":[{"href":"https:\/\/www.europesays.com\/fr\/wp-json\/wp\/v2\/posts\/361576","targetHints":{"allow":["GET"]}}],"collection":[{"href":"https:\/\/www.europesays.com\/fr\/wp-json\/wp\/v2\/posts"}],"about":[{"href":"https:\/\/www.europesays.com\/fr\/wp-json\/wp\/v2\/types\/post"}],"author":[{"embeddable":true,"href":"https:\/\/www.europesays.com\/fr\/wp-json\/wp\/v2\/users\/2"}],"replies":[{"embeddable":true,"href":"https:\/\/www.europesays.com\/fr\/wp-json\/wp\/v2\/comments?post=361576"}],"version-history":[{"count":0,"href":"https:\/\/www.europesays.com\/fr\/wp-json\/wp\/v2\/posts\/361576\/revisions"}],"wp:featuredmedia":[{"embeddable":true,"href":"https:\/\/www.europesays.com\/fr\/wp-json\/wp\/v2\/media\/361577"}],"wp:attachment":[{"href":"https:\/\/www.europesays.com\/fr\/wp-json\/wp\/v2\/media?parent=361576"}],"wp:term":[{"taxonomy":"category","embeddable":true,"href":"https:\/\/www.europesays.com\/fr\/wp-json\/wp\/v2\/categories?post=361576"},{"taxonomy":"post_tag","embeddable":true,"href":"https:\/\/www.europesays.com\/fr\/wp-json\/wp\/v2\/tags?post=361576"}],"curies":[{"name":"wp","href":"https:\/\/api.w.org\/{rel}","templated":true}]}}