{"id":361578,"date":"2025-09-02T20:19:54","date_gmt":"2025-09-02T20:19:54","guid":{"rendered":"https:\/\/www.europesays.com\/fr\/361578\/"},"modified":"2025-09-02T20:19:54","modified_gmt":"2025-09-02T20:19:54","slug":"12-spectacles-droles-furieux-ou-curieux-a-decouvrir-a-strasbourg","status":"publish","type":"post","link":"https:\/\/www.europesays.com\/fr\/361578\/","title":{"rendered":"12 spectacles dr\u00f4les, furieux ou curieux \u00e0 d\u00e9couvrir \u00e0 Strasbourg"},"content":{"rendered":"<p><b>La culture comme r\u00e9sistance. C\u2019est ce que nous offre le th\u00e9\u00e2tre strasbourgeois du Maillon, cette saison. Spectacles futuristes, th\u00e9matiques f\u00e9ministes et \u00e9cologiques, esth\u00e9tique punk et r\u00e9cits de soi : il d\u00e9roule jusqu\u2019en f\u00e9vrier, douze propositions curieuses, originales, pour se replonger dans le pass\u00e9, imaginer nos futurs, mais toujours plus parler de \u00ab l\u2019ici et maintenant \u00bb.<\/b><\/p>\n<p>Gardant le format propos\u00e9 l\u2019an pass\u00e9,<b> le Maillon d\u00e9coupe et d\u00e9ploie une nouvelle fois sa programmation en deux semestres<\/b>, commen\u00e7ant ainsi sa saison avec celui qui s\u2019\u00e9tendra <b>de septembre \u00e0 d\u00e9cembre<\/b>, prolong\u00e9 d\u00e9j\u00e0, de son <b>Focus Premi\u00e8res <\/b>(du 29 janvier au 7 f\u00e9vrier).<\/p>\n<p>Au programme\u00a0? <b>Douze spectacles<\/b> \u2013 originaires de <b>six<\/b> <b>pays<\/b> \u2013 dont <b>trois propositions hors-les-murs<\/b>, et une rentr\u00e9e toujours aussi engag\u00e9e.<\/p>\n<p>    <img width=\"800\" height=\"532\" src=\"https:\/\/www.europesays.com\/fr\/wp-content\/uploads\/2025\/09\/djset_patiomaillon_09-06-22_laetitiapiccarreta_web-40.jpg\" class=\"attachment-image-size-L size-image-size-L\" alt=\"Maillon + th\u00e9\u00e2tre + BIM + PAM + B!M + bistrot + patio\" decoding=\"async\" loading=\"lazy\"  \/>         Le Maillon \u00a9 Laetitia Piccarreta \/ Document remis <\/p>\n<p>La culture comme r\u00e9sistance<\/p>\n<p>En miroir avec l\u2019actualit\u00e9 qui nous rappelle tous les jours un peu plus les dangers auxquels nos d\u00e9mocraties sont expos\u00e9es, le Maillon renforce son positionnement.<\/p>\n<p>Celui d\u2019<b>un th\u00e9\u00e2tre qui d\u00e9fend <\/b><b>\u00ab\u00a0le pluralisme de la pens\u00e9e\u00a0\u00bb <\/b><b>et <\/b><b>la libert\u00e9 d\u2019expression<\/b>, qui offre <b>un espace de r\u00e9flexion, de dialogue, d\u2019exp\u00e9rimentations<\/b>. Avec pour mission d\u2019y pr\u00e9senter <b>\u00ab\u00a0une culture pour toutes et tous, ouverte \u00e0 la diversit\u00e9\u00a0\u00bb<\/b>, <a href=\"https:\/\/maillon.eu\/page\/52.ledito\" target=\"_blank\" rel=\"noopener\">comme l\u2019\u00e9crit <b>sa directrice Barbara Engelhardt<\/b> dans son \u00e9dito.<\/a><\/p>\n<p>    <img width=\"800\" height=\"457\" src=\"https:\/\/www.europesays.com\/fr\/wp-content\/uploads\/2025\/09\/maillon-2-800x457.webp.webp\" class=\"attachment-image-size-L size-image-size-L\" alt=\"maillon\" decoding=\"async\" loading=\"lazy\"  \/>         \u00ab\u00a0La Distance\u00a0\u00bb de Tiago Rodrigues \u00a9 Christophe Raynaud de Lage \/ Document remis <\/p>\n<p>Cette derni\u00e8re y rappelle aussi les obstacles, rencontr\u00e9s aujourd\u2019hui par la culture \u2013 avec la pr\u00e9carisation de son syst\u00e8me. \u00c9crivant ainsi que \u00ab\u00a0<b>la culture elle-m\u00eame se trouve en situation de r\u00e9sistance<\/b>. Elle peut \u00eatre inventive et engag\u00e9e, mais si on lui retire son financement, un espace essentiel de parole et d\u2019\u00e9coute dans nos d\u00e9mocraties dispara\u00eet\u00a0\u00bb.<\/p>\n<p>Quant \u00e0 la saison que le th\u00e9\u00e2tre nous r\u00e9serve, Barbara Engelhardt conclue ainsi\u00a0: \u00ab\u00a0qu\u2019elles soient percutantes, joyeuses, d\u00e9routantes ou \u00e9mouvantes, toutes les propositions que nous font les artistes au Maillon le rappellent\u00a0: nous partageons le plaisir de <b>nous laisser emporter dans l\u2019ailleurs, pour mieux nous saisir de l\u2019ici\u00a0<\/b>\u00bb.<\/p>\n<p>    <img width=\"800\" height=\"640\" src=\"https:\/\/www.europesays.com\/fr\/wp-content\/uploads\/2025\/09\/theatre-du-maillon-charly-broyez-quelque-chose-se-passe-e1632784234324.jpeg\" class=\"attachment-image-size-L size-image-size-L\" alt=\"Th\u00e9\u00e2tre du Maillon\" decoding=\"async\" loading=\"lazy\"\/>         Sur l&rsquo;un des murs du Maillon, on y lit d&rsquo;ailleurs des mots d\u2019Eug\u00e8ne Ionesco : \u00ab Le th\u00e9\u00e2tre peut \u00eatre le lieu o\u00f9 il semble que quelque chose se passe. \u00bb \u00a9 Charly Broyez \/ Document remis <\/p>\n<p>Une rentr\u00e9e qui se conjugue au pass\u00e9, pr\u00e9sent, futur<\/p>\n<p>Cette ann\u00e9e encore, <b>le Maillon orchestre son d\u00e9but saison au diapason avec Musica<\/b> (festival strasbourgeois de cr\u00e9ation musicale cr\u00e9\u00e9 en 1983, au rayonnement international).<\/p>\n<p>Son <b>premier rendez-vous\u00a0: <\/b><a href=\"https:\/\/maillon.eu\/spectacle\/974.eternal-dawn--alexander-schubert-decoder-ensemble\" target=\"_blank\" rel=\"noopener\"><b>Eternal Dawn<\/b><b> <\/b>du \u00ab\u00a0compositeur et cr\u00e9ateur de mondes\u00a0\u00bb allemand Alexander Schubert<\/a>, et du Decoder Ensemble, les <b>vendredi 19 et samedi 20 septembre<\/b><\/p>\n<p>Nous parlions plus haut du futur\u2026 Ce spectacle \u2013 \u00ab\u00a0\u00e0 la crois\u00e9e du th\u00e9\u00e2tre musical et de l\u2019installation\u00a0\u00bb \u2013 nous y propulsera, <b>\u00e0 la rencontre de cyborgs<\/b> \u00ab\u00a0faits de chair, d\u2019acier et de plastique\u00a0\u00bb. Dans un monde pas si lointain, rythm\u00e9 par <b>le bruit des machines<\/b>, du m\u00e9tal et du num\u00e9rique.<\/p>\n<p>    <img width=\"800\" height=\"800\" src=\"https:\/\/www.europesays.com\/fr\/wp-content\/uploads\/2025\/09\/eternal-dawn-copyright-alexander-schubert000011-800x800.png\" class=\"attachment-image-size-L size-image-size-L\" alt=\"Maillon Musica\" decoding=\"async\" loading=\"lazy\"  \/>         \u00ab\u00a0Eternal Dawn\u00a0\u00bb d&rsquo;Alexander Schubert \u00a9 Alexander Schubert \/ Document remis <\/p>\n<p>Pr\u00e9mices, peut-\u00eatre, du pr\u00e9c\u00e9dent\u00a0: <a href=\"https:\/\/maillon.eu\/spectacle\/975.nexus-de-ladoration--joris-lacoste\" target=\"_blank\" rel=\"noopener\"><b>Nexus de l\u2019adoration<\/b> de Joris Lacoste<\/a>\u00a0braquera, lui, <b>\u00ab\u00a0un regard sur notre monde hyper-connect\u00e9\u00a0\u00bb<\/b>, divis\u00e9 en profils vari\u00e9s (des \u00e9co-f\u00e9ministes, \u00e0 la Gen Z, en passant par les n\u00e9o-conservateurs\/rices, les eurosceptiques et autres artistes).<\/p>\n<p><b>Une soci\u00e9t\u00e9 patchwork<\/b>, repr\u00e9sent\u00e9e ici par des \u00ab\u00a0po\u00e8mes r\u00e9p\u00e9titifs, pri\u00e8res mat\u00e9rialistes, m\u00e9ditations rythmiques, <b>chor\u00e9graphies K-pop, dialogues absurdes<\/b>, discours flamboyants, confidences intimes\u2026\u00a0\u00bb, entre th\u00e9\u00e2tre, musique et danse. \u00c0 d\u00e9couvrir les jeudi 25 et vendredi 26 septembre.<\/p>\n<p>    <img width=\"800\" height=\"534\" src=\"https:\/\/www.europesays.com\/fr\/wp-content\/uploads\/2025\/09\/nexus-07-c-raynaud-de-lage-800x534.jpg\" class=\"attachment-image-size-L size-image-size-L\" alt=\"Maillon Musica\" decoding=\"async\" loading=\"lazy\"  \/>         \u00ab\u00a0Nexus de l&rsquo;adoration\u00a0\u00bb de Joris Lacoste \u00a9 Raynaud de Lage \/ Document remis <\/p>\n<p>    <img width=\"800\" height=\"413\" src=\"https:\/\/www.europesays.com\/fr\/wp-content\/uploads\/2025\/09\/nexus-06-c-raynaud-de-lage1-800x413.jpg\" class=\"attachment-image-size-L size-image-size-L\" alt=\"Maillon Musica\" decoding=\"async\" loading=\"lazy\"  \/>         \u00ab\u00a0Nexus de l&rsquo;adoration\u00a0\u00bb de Joris Lacoste \u00a9 Raynaud de Lage \/ Document remis <\/p>\n<p>Si le premier parle du futur, le second du pr\u00e9sent\u2026 Avec <a href=\"https:\/\/maillon.eu\/spectacle\/976.ultimo-helecho\u2014nina-laisne-francois-chaignaud-et-nadia-larcher\" target=\"_blank\" rel=\"noopener\"><b>\u00daltimo helecho<\/b><b> de Nina Laisn\u00e9<\/b><\/a> (du mercredi 1er au vendredi 3 octobre), <b>on retourne aux sources<\/b>. Celles des <b>cultures autochtones<\/b>, qui s\u2019incarnent ici \u00ab\u00a0au son des sacqueboutes, wacrapuco ou sachaguitarra\u00a0\u00bb, <b>(re)mises en musique et mouvement<\/b> par le chor\u00e9graphe et chanteur <b>Fran\u00e7ois Chaignaud<\/b>, et la chanteuse, compositrice, autrice et<b> sp\u00e9cialiste des musiques folkloriques contemporaines argentines Nadia Larcher<\/b>.<\/p>\n<p>De leur collaboration et de recherches de terrain en Am\u00e9rique du Sud, s\u2019exprime <b>\u00ab\u00a0la culture et la m\u00e9moire des peuples opprim\u00e9s par la colonisation\u00a0\u00bb<\/b>. Un <b>\u00ab\u00a0spectacle-utopie\u00a0\u00bb<\/b>, nous dit-on, atypique et po\u00e9tique, qui \u00ab\u00a0renouvelle toute une cosmogonie\u00a0\u00bb.<\/p>\n<p>                <img width=\"750\" height=\"500\" src=\"https:\/\/www.europesays.com\/fr\/wp-content\/uploads\/2025\/09\/04-ultimo-helecho-nina-laisne-hd-750x500.jpg\" class=\"attachment-gallery size-gallery\" alt=\"Maillon\" data-full-url=\"https:\/\/pokaa.fr\/wp-content\/uploads\/2025\/08\/29\/04-ultimo-helecho-nina-laisne-hd.jpg\" decoding=\"async\" loading=\"lazy\"  \/>            <\/p>\n<p>                <img width=\"750\" height=\"500\" src=\"https:\/\/www.europesays.com\/fr\/wp-content\/uploads\/2025\/09\/03-ultimo-helecho-nina-laisne-hd-750x500.jpg\" class=\"attachment-gallery size-gallery\" alt=\"Maillon\" data-full-url=\"https:\/\/pokaa.fr\/wp-content\/uploads\/2025\/08\/29\/03-ultimo-helecho-nina-laisne-hd.jpg\" decoding=\"async\" loading=\"lazy\"  \/>            <\/p>\n<p>                    \u00ab\u00a0\u00daltimo Helecho\u00a0\u00bb de Nina Laisn\u00e9 \u00a9 Nina Laisn\u00e9 \/ Documents remis<\/p>\n<p>Pour prolonger les th\u00e9matiques abord\u00e9es par Musica, le Maillon nous catapulte <b>en 2077<\/b>, les mercredi 15 et jeudi 16 octobre avec <a href=\"https:\/\/maillon.eu\/spectacle\/977.la-distance--tiago-rodrigues\" target=\"_blank\" rel=\"noopener\"><b>La Distance<\/b><b>, de Tiago Rodrigues<\/b><\/a>.<\/p>\n<p><b>Une dystopie futuriste qui imagine l\u2019humanit\u00e9 scind\u00e9e en deux<\/b>\u00a0: quelques privil\u00e9gi\u00e9(e)s <b>sur Mars<\/b>, et \u00e0 \u00ab\u00a0des centaines de millions de kilom\u00e8tres\u00a0\u00bb de l\u00e0, <b>celles et ceux rest\u00e9(e)s sur Terre<\/b>, \u00ab\u00a0dans une pr\u00e9carit\u00e9 toujours croissante\u00a0\u00bb.<\/p>\n<p>Entre les deux\u00a0: La Distance qui s\u00e9pare un p\u00e8re et sa fille. En filigrane, aussi, de ce dialogue familial, intime\u00a0? <b>La question de notre survie, face \u00e0 la catastrophe environnementale<\/b>, et de \u00ab\u00a0l\u2019exploitation \u00e0 outrance des ressources\u00a0\u00bb. <b>Un spectacle qui a boulevers\u00e9 le festival d\u2019Avignon, cet \u00e9t\u00e9.<\/b><\/p>\n<p>                <img width=\"875\" height=\"500\" src=\"https:\/\/www.europesays.com\/fr\/wp-content\/uploads\/2025\/09\/la-distance-875x500.jpeg\" class=\"attachment-gallery size-gallery\" alt=\"maillon\" data-full-url=\"https:\/\/pokaa.fr\/wp-content\/uploads\/2025\/09\/01\/la-distance.jpeg\" decoding=\"async\" loading=\"lazy\"  \/>            <\/p>\n<p>                <img width=\"875\" height=\"500\" src=\"https:\/\/www.europesays.com\/fr\/wp-content\/uploads\/2025\/09\/maillon-875x500.jpeg\" class=\"attachment-gallery size-gallery\" alt=\"maillon\" data-full-url=\"https:\/\/pokaa.fr\/wp-content\/uploads\/2025\/09\/01\/maillon.jpeg\" decoding=\"async\" loading=\"lazy\"  \/>            <\/p>\n<p>                <img width=\"334\" height=\"500\" src=\"https:\/\/www.europesays.com\/fr\/wp-content\/uploads\/2025\/09\/ladistancechristophe-raynaud-de-lage-festival-davignon-1-334x500.jpeg\" class=\"attachment-gallery size-gallery\" alt=\"Maillon\" data-full-url=\"https:\/\/pokaa.fr\/wp-content\/uploads\/2025\/08\/29\/ladistancechristophe-raynaud-de-lage-festival-davignon-1.jpeg\" decoding=\"async\" loading=\"lazy\"  \/>            <\/p>\n<p>                    \u00ab\u00a0La Distance\u00a0\u00bb de Tiago Rodrigues \u00a9 Christophe Raynaud de Lage \/ Documents remis<\/p>\n<p>La masculinit\u00e9 \u00e0 l&rsquo;\u00e9preuve<\/p>\n<p>\u00c0 noter aussi, que <b>le Maillon conviera deux artistes en r\u00e9sidence de cr\u00e9ation<\/b>, cette ann\u00e9e.<\/p>\n<p>D\u2019une part, <b>la metteuse en sc\u00e8ne, chor\u00e9graphe, et marionnettiste Gis\u00e8le Vienne<\/b> \u2013 grande fid\u00e8le du Maillon \u2013 qui reviendra au printemps, apr\u00e8s avoir pr\u00e9sent\u00e9 depuis 2013 This is how you will disappear, The Pyre, Showroomdummies #3, I Apologize, The Ventriloquists Convention, Crowd, L\u2019\u00c9tang ou plus r\u00e9cemment EXTRA LIFE (avec Ad\u00e8le Haenel).<\/p>\n<p>    <img width=\"800\" height=\"457\" src=\"https:\/\/www.europesays.com\/fr\/wp-content\/uploads\/2025\/09\/cielarecidive-herkulagenceculturellegrandest-sebastiennorth46-800x457.jpg\" class=\"attachment-image-size-L size-image-size-L\" alt=\"Maillon\" decoding=\"async\" loading=\"lazy\"  \/>         \u00ab\u00a0HERK\u00dcL\u00a0\u00bb de Cyril Balny et la Cie La R\u00e9cidive \u00a9 Sebastien North \/ Document remis <\/p>\n<p>Mais <b>d\u00e8s cet automne<\/b>, le Maillon accueillera <b>Cyril Balny<\/b>, connu pour ses projets vid\u00e9o et cin\u00e9matographiques et ses installations, cofondateur de la compagnie strasbourgeoise La R\u00e9cidive (aux c\u00f4t\u00e9s de Fanny Perreau). \u00c0 la suite de sa r\u00e9sidence, il nous pr\u00e9sentera <a href=\"https:\/\/maillon.eu\/spectacle\/978.herkul--cyril-balny-la-recidive\" target=\"_blank\" rel=\"noopener\"><b>HERK\u00dcL<\/b><b>, les mercredi 5 et jeudi 6 novembre<\/b>.<\/a><\/p>\n<p><b>Une relecture moderne du mythe d\u2019Hercule<\/b>, figure mythologique autant que de la pop culture. Si ses 12 travaux relay\u00e9s par celles-ci en ont fait un h\u00e9ros \u00e0 la \u00ab\u00a0masculinit\u00e9 muscl\u00e9e et triomphante, [droit] dans ses sandales et solide dans ses convictions\u00a0\u00bb\u2026 Cyril Balny en explore ici une autre vision, h\u00e9rit\u00e9e de l\u2019auteur romain S\u00e9n\u00e8que, plus nuanc\u00e9e, d\u2019<b>un <\/b><b>\u00ab\u00a0\u00eatre en proie au doute, faible, meurtri\u00a0\u00bb<\/b>.<\/p>\n<p>    <img width=\"800\" height=\"457\" src=\"https:\/\/www.europesays.com\/fr\/wp-content\/uploads\/2025\/09\/cielarecidive-herkulagenceculturellegrandest-sebastiennorth7-800x457.jpg\" class=\"attachment-image-size-L size-image-size-L\" alt=\"Maillon\" decoding=\"async\" loading=\"lazy\"  \/>         \u00ab\u00a0HERK\u00dcL\u00a0\u00bb de Cyril Balny et la Cie La R\u00e9cidive \u00a9 Sebastien North \/ Document remis <\/p>\n<p>Sur sc\u00e8ne\u00a0: <b>un <\/b><b>\u00ab\u00a0show spectaculaire\u00a0\u00bb<\/b> livr\u00e9 par <b>le <\/b><b>\u00ab\u00a0rappeur c\u00e9leste\u00a0\u00bb <\/b><b>Alcide<\/b> (blaze imagin\u00e9 en hommage au premier nom d\u2019H\u00e9racl\u00e8s \u2013 le pendant grec du mythe romain d\u2019Hercule), pour <b>une r\u00e9interpr\u00e9tation moderne qui ne manquera ni de <\/b><b>flow<\/b><b>, ni de force<\/b>.<\/p>\n<p>Toujours en novembre, le Maillon continuera sa collaboration entam\u00e9e l\u2019an pass\u00e9e avec <b>Carolina Bianchi<\/b>.<\/p>\n<p>L\u2019autrice, metteuse en sc\u00e8ne et performeuse br\u00e9silienne y avait livr\u00e9 le saisissant La Mari\u00e9e et Bonne nuit Cendrillon. <b>Premier opus de son triptyque <\/b><b>Cadela For\u00e7a<\/b><b> consacr\u00e9 aux violences sexuelles et \u00e0 leur repr\u00e9sentation dans les arts <\/b>(dont les textes sont publi\u00e9s aux \u00e9ditions Les Solitaires Intempestifs).<\/p>\n<p>    <img width=\"800\" height=\"534\" src=\"https:\/\/www.europesays.com\/fr\/wp-content\/uploads\/2025\/09\/cadela-forca-trilogy-chapter-ii-the-brotherhood-photo-by-mayra-azzi-3-800x534.jpg\" class=\"attachment-image-size-L size-image-size-L\" alt=\"Maillon\" decoding=\"async\" loading=\"lazy\"  \/>         \u00ab\u00a0Cadela For\u00e7a Trilogy &#8211; Chapter II_ The Brotherhood\u00a0\u00bb de Carolina Bianchi Y Cara di Cavalo \u00a9 Mayra Azzi \/ Document remis <\/p>\n<p><b>Du jeudi 13 au samedi 15 novembre<\/b>, elle pr\u00e9sente son chapitre II, et s\u2019attaque cette fois \u00e0 <b>la \u00ab\u00a0fraternit\u00e9\u00a0\u00bb masculine, dans une nouvelle pi\u00e8ce coup-de-poing\u00a0: <\/b><a href=\"https:\/\/maillon.eu\/spectacle\/979.the-brotherhood-trilogie-cadela-forca-chapitre-ii--carolina-bianchi-y-cara-de-cavalo\" target=\"_blank\" rel=\"noopener\"><b>The Brotherhood<\/b>.<\/a><\/p>\n<p>Un gros plan de 3h40 sur le masculinisme, <b>la violence des hommes<\/b>, et plus g\u00e9n\u00e9ralement\u00a0: le \u00ab\u00a0lien puissant qui [les] innocente [\u2026] et cautionne leurs crimes \u00e0 l\u2019endroit des femmes\u00a0\u00bb. Pour <b>public averti<\/b> (d\u00e8s 18 ans).<\/p>\n<p>    <img width=\"800\" height=\"534\" src=\"https:\/\/www.europesays.com\/fr\/wp-content\/uploads\/2025\/09\/cadela-forca-trilogy-chapter-ii-the-brotherhood-photo-by-mayra-azzi-5-800x534.jpg\" class=\"attachment-image-size-L size-image-size-L\" alt=\"Maillon\" decoding=\"async\" loading=\"lazy\"  \/>         \u00ab\u00a0Cadela For\u00e7a Trilogy &#8211; Chapter II_ The Brotherhood\u00a0\u00bb de Carolina Bianchi Y Cara di Cavalo \u00a9 Mayra Azzi \/ Document remis <\/p>\n<p>Une fin d&rsquo;ann\u00e9e en famille<\/p>\n<p><b>Parlons un peu de sentiments, maintenant<\/b>. Si The Brotherhood n\u2019est pas \u00e0 mettre en toutes les sensibilit\u00e9s, le Maillon r\u00e9serve <b>quelques rendez-vous familiaux<\/b>, pour partager le th\u00e9\u00e2tre en famille.<\/p>\n<p>Parmi eux, celui de <b>Tabea Martin<\/b> qui revient au Maillon avec \u00ab\u00a0un sujet vieux comme le monde\u00a0\u00bb <b>\u2013<\/b> <b>l\u2019amour <\/b>\u2013 en nous livrant toutefois une proposition aussi originale que pleine d\u2019<b>humour<\/b>\u00a0: <a href=\"https:\/\/maillon.eu\/spectacle\/980.love-scenes--tabea-martin\" target=\"_blank\" rel=\"noopener\">Love Scenes<\/a>.<\/p>\n<p>    <img width=\"800\" height=\"533\" src=\"https:\/\/www.europesays.com\/fr\/wp-content\/uploads\/2025\/09\/lovescenes-c-guillaumemusset-03-800x533.jpg\" class=\"attachment-image-size-L size-image-size-L\" alt=\"Maillon\" decoding=\"async\" loading=\"lazy\"  \/>         \u00ab\u00a0Love Scenes\u00a0\u00bb de Tabea Martin \u00a9 Guillaume Musset \/ Document remis <\/p>\n<p>    <img width=\"400\" height=\"600\" src=\"https:\/\/www.europesays.com\/fr\/wp-content\/uploads\/2025\/09\/lovescenes-c-guillaumemusset-05-400x600.jpg\" class=\"attachment-image-size-M size-image-size-M\" alt=\"Maillon\" decoding=\"async\" loading=\"lazy\"  \/>         \u00ab\u00a0Love Scenes\u00a0\u00bb de Tabea Martin \u00a9 Guillaume Musset \/ Document remis <\/p>\n<p>S\u2019inspirant de Fragments d\u2019un discours amoureux de Roland Barthes, la chor\u00e9graphe imagine avec ses <b>quatre danseurs\/euses<\/b>, des sc\u00e8nes illustrant tout \u00e0 la fois \u00ab\u00a0notre besoin d\u2019amour, [\u2026] nos h\u00e9sitations et [\u2026] nos \u00e9lans, [\u2026] nos espoirs et [\u2026] nos d\u00e9ceptions\u00a0\u00bb, dans une soci\u00e9t\u00e9 qui laisse peu de place \u00e0 l\u2019\u00e9motion, \u00e0 la vuln\u00e9rabilit\u00e9.<\/p>\n<p>\u00c0 voir en solo, ou avec celles et ceux que l\u2019on aime, en duo, entre ami(e)s ou en famille \u2013 puisqu\u2019<b>accessible d\u00e8s 10 ans<\/b> \u2013 <b>du jeudi 20 au samedi 22 novembre<\/b>.<\/p>\n<\/p>\n<p><b>D\u00e8s 10 ans<\/b>, aussi\u00a0:<a href=\"https:\/\/maillon.eu\/spectacle\/985.circus-remake--maroussia-diaz-verbeke-le-troisieme-cirque\" target=\"_blank\" rel=\"noopener\"> <b>Circus Remarke <\/b><b>de Maroussia Diaz Verb\u00e8ke<\/b><\/a>, du mercredi 17 au samedi 20 d\u00e9cembre.<\/p>\n<p>Un spectacle de cirque, comme l\u2019indique son titre\u2026 Mieux : de<b> \u00ab\u00a0Troisi\u00e8me cirque\u00a0\u00bb<\/b>, nom de sa compagnie, et de l\u2019id\u00e9e d\u2019<b>une nouvelle pratique du cirque qui <\/b><b>\u00ab\u00a0d\u00e9passerait le clivage entre la tradition et le cirque contemporain\u00a0\u00bb<\/b>.<\/p>\n<p>    <img width=\"399\" height=\"600\" src=\"https:\/\/www.europesays.com\/fr\/wp-content\/uploads\/2025\/09\/circus-remake-theresa-kuhn-2-studio-cui-cui-aude-boissaye-399x600.jpg\" class=\"attachment-image-size-M size-image-size-M\" alt=\"Maillon\" decoding=\"async\" loading=\"lazy\"  \/>         \u00ab\u00a0Circus Remake\u00a0\u00bb de Maroussia Diaz Verb\u00e8ke \/ Le Troisi\u00e8me Cirque \u00a9 Studio Cui Cui Aude Boissaye \/ Document remis <\/p>\n<p>Dans ce Circus remake\u00a0? <b>Des acrobaties, de la jongle et du clown<\/b> qui s\u2019animent sur <b>une piste au format 45 tours<\/b>, sur fond de vinyles et d\u2019extraits audio qui convoquent l\u2019humoriste Raymond Devos, le philosophe Jacques Derrida, Annie Fratellini (artiste, multi-instrumentiste, clown et premi\u00e8re femme \u00e0 interpr\u00e9ter l\u2019Auguste) ou de la sc\u00e9nariste Claire Denis.<\/p>\n<p>    <img width=\"800\" height=\"533\" src=\"https:\/\/www.europesays.com\/fr\/wp-content\/uploads\/2025\/09\/circus-remake-studio-cui-cui-aude-boissaye-800x533.jpg\" class=\"attachment-image-size-L size-image-size-L\" alt=\"Maillon\" decoding=\"async\" loading=\"lazy\"  \/>         \u00ab\u00a0Circus Remake\u00a0\u00bb de Maroussia Diaz Verb\u00e8ke \/ Le Troisi\u00e8me Cirque \u00a9 Studio Cui Cui Aude Boissaye \/ Document remis <\/p>\n<p>Paysage #5\u00a0: Fran\u00e7ois Gremaud, le go\u00fbt du mot<\/p>\n<p>Dans le cadre de la 5e \u00e9dition de son <b>Paysage<\/b> (qui valorise chaque ann\u00e9e, le travail d\u2019un(e) artiste), <a href=\"https:\/\/maillon.eu\/paysage\/8.10-jours-avec-francois-gremaud\" target=\"_blank\" rel=\"noopener\">le Maillon consacrera<b> dix jours \u00e0 Fran\u00e7ois Gremaud <\/b><\/a>que certain(e)s reconna\u00eetront peut-\u00eatre pour ses pr\u00e9c\u00e9dents spectacles au Maillon : Giselle\u2026 (2022) et Carmen. (2024).<\/p>\n<p><b>Du 3 au 13 d\u00e9cembre<\/b>, coup de projecteur sur un metteur en sc\u00e8ne \u2013 parfois com\u00e9dien \u2013 qui aime \u00e0 faire \u00ab\u00a0rena\u00eetre notre \u00e9tonnement, [\u2026] pour <b>r\u00e9veiller notre intelligence naturelle<\/b> \u2013 et pas artificielle\u00a0\u00bb, et \u00e0 <b>d\u00e9mocratiser le th\u00e9\u00e2tre avec fantaisie et fac\u00e9tie <\/b>au travers d\u2019un r\u00e9pertoire qui explore l\u2019\u00e9criture, le proc\u00e9d\u00e9 th\u00e9\u00e2tral, avec humour, intelligence et finesse.<\/p>\n<\/p>\n<p>\u00c0 l\u2019affiche ?<a href=\"https:\/\/maillon.eu\/paysage\/8.10-jours-avec-francois-gremaud\/spectacle\/981.aller-sans-savoir-ou\" target=\"_blank\" rel=\"noopener\"><b> Aller sans savoir o\u00f9<\/b><b> <\/b>(du 3 au 6 d\u00e9cembre)<\/a> o\u00f9 il y \u00e9voque ses travaux, ses inspirations \u00ab\u00a0au fil [d\u2019une] pens\u00e9e faite d\u2019impr\u00e9vus et de pirouettes logiques\u00a0\u00bb. <a href=\"https:\/\/maillon.eu\/paysage\/8.10-jours-avec-francois-gremaud\/spectacle\/982.phedre\" target=\"_blank\" rel=\"noopener\"><b>Ph\u00e8dre !<\/b> (du jeudi 4 au samedi 6 d\u00e9cembre),<\/a> la <b>lecture passionn\u00e9e de l\u2019\u0153uvre de Racine<\/b>, elle-m\u00eame \u00ab\u00a0r\u00e9cit d\u2019un amour interdit\u00a0\u00bb (de Ph\u00e8dre pour son beau-fils), mais \u00ab\u00a0tol\u00e9r\u00e9, encourag\u00e9 m\u00eame, <b>pour la po\u00e9sie et la langue\u00a0<\/b>\u00bb.<\/p>\n<\/p>\n<p>Mais aussi <a href=\"https:\/\/maillon.eu\/paysage\/8.10-jours-avec-francois-gremaud\/spectacle\/983.piece-sans-acteurs\" target=\"_blank\" rel=\"noopener\"><b>Pi\u00e8ce sans acteur(s)<\/b> (mardi 9 et mercredi 10 d\u00e9cembre)<\/a>, o\u00f9 Fran\u00e7ois Gremaud et Victor Lenoble vont plus loin\u00a0: <b>penser le th\u00e9\u00e2tre, en imaginant une sc\u00e8ne vid\u00e9e de ses com\u00e9diens<\/b>, et habit\u00e9e seulement par deux enceintes \u00ab\u00a0d\u2019o\u00f9 s\u2019\u00e9l\u00e8vent une voix, puis deux, de la musique\u00a0\u00bb.<\/p>\n<p>Une r\u00e9flexion sur <b>le pouvoir \u00e9vocateur des mots<\/b>, capables \u00e0 eux seuls de \u00ab\u00a0faire \u00e9merger mentalement tout un monde\u00a0\u00bb.<\/p>\n<p>                <img width=\"747\" height=\"500\" src=\"https:\/\/www.europesays.com\/fr\/wp-content\/uploads\/2025\/09\/aller-sans-savoir-ou-marie-clauzade-2-747x500.jpg\" class=\"attachment-gallery size-gallery\" alt=\"Maillon\" data-full-url=\"https:\/\/pokaa.fr\/wp-content\/uploads\/2025\/08\/29\/aller-sans-savoir-ou-marie-clauzade-2.jpg\" decoding=\"async\" loading=\"lazy\"  \/>            <\/p>\n<p>                <img width=\"333\" height=\"500\" src=\"https:\/\/www.europesays.com\/fr\/wp-content\/uploads\/2025\/09\/phedre-vidy-111-loan-nguyen-333x500.jpg\" class=\"attachment-gallery size-gallery\" alt=\"Maillon\" data-full-url=\"https:\/\/pokaa.fr\/wp-content\/uploads\/2025\/08\/29\/phedre-vidy-111-loan-nguyen.jpg\" decoding=\"async\" loading=\"lazy\"  \/>            <\/p>\n<p>                    \u00c0 gauche : \u00ab\u00a0Aller sans savoir o\u00f9\u00a0\u00bb de Fran\u00e7ois Gremaud \u00a9 Marie Clauzade \/ Document remis ; \u00e0 droite : \u00ab\u00a0Ph\u00e8dre !\u00a0\u00bb de Fran\u00e7ois Gremaud \u00a9 Loan Nguyen \/ Document remis<\/p>\n<p>Dans <a href=\"https:\/\/maillon.eu\/paysage\/8.10-jours-avec-francois-gremaud\/spectacle\/984.la-magnificite\" target=\"_blank\" rel=\"noopener\"><b>La Magnificit\u00e9 <\/b>(vendredi 12 et samedi 13 d\u00e9cembre)<\/a>, le collectif Gremaud\/Gurtner\/Bovay y incarnera tour \u00e0 tour des \u00ab\u00a0participant(e)s d\u2019un jeu de soci\u00e9t\u00e9, animateurs et animatrices de radio, artistes de stand-up lourdingues, musicien(ne)s dans un groupe de rock\u00a0\u00bb pour<b> explorer avec espi\u00e8glerie, la th\u00e9matique du \u00ab\u00a0faire ensemble\u00a0\u00bb<\/b>.<\/p>\n<p>Et puis, Fran\u00e7ois Gremaud nous emm\u00e8nera <a href=\"https:\/\/maillon.eu\/paysage\/8.10-jours-avec-francois-gremaud\/spectacle\/990.pondre-un-9\" target=\"_blank\" rel=\"noopener\"><b>Pondre un 9<\/b><\/a><b>, au 5e Lieu<\/b>. <b>Un spectacle hors-les-murs (et gratuit) <\/b>sur <b>le <\/b><b>\u00ab\u00a0comment et le pouquoi\u00a0\u00bb <\/b><b>\u00e9crire pour le th\u00e9\u00e2tre.<\/b> Pour aller plus loin\u00a0: il donnera par ailleurs, le dimanche 7 d\u00e9cembre, un atelier th\u00e9\u00e2tre et \u00e9criture pour \u00ab\u00a0donner \u00e0 voir et mettre en partage\u00a0\u00bb.<\/p>\n<p>    <img width=\"800\" height=\"534\" src=\"https:\/\/www.europesays.com\/fr\/wp-content\/uploads\/2025\/09\/magnificite-hd-4382-dorothee-thebert-filliger-800x534.jpg\" class=\"attachment-image-size-L size-image-size-L\" alt=\"Maillon\" decoding=\"async\" loading=\"lazy\"  \/>          2. \u00ab\u00a0La Magnificit\u00e9\u00a0\u00bb du collectif GREMAUD\/GURTNER\/BOVAY \u00a9 Doroth\u00e9e Th\u00e9bert Filliger \/ Document remis <\/p>\n<p>Premi\u00e8res\u00a0: la jeunesse europ\u00e9enne se raconte sur sc\u00e8ne<\/p>\n<p>Et enfin, pour d\u00e9marrer 2026, le Maillon passe la <a href=\"https:\/\/maillon.eu\/focus\/9.premieres\" target=\"_blank\" rel=\"noopener\"><b>Premi\u00e8res<\/b>, avec<b> son<\/b><b> <\/b><b>festival de l\u2019\u00e9mergence europ\u00e9enne<\/b><\/a>, relanc\u00e9 l\u2019an pass\u00e9 par Barbara Engelhardt, et de retour pour la deuxi\u00e8me ann\u00e9e cons\u00e9cutive. (Outre les spectacles\u00a0: des tables rondes et rencontres, pour aller plus loin).<\/p>\n<p>    <img width=\"800\" height=\"457\" src=\"https:\/\/www.europesays.com\/fr\/wp-content\/uploads\/2025\/09\/its-the-end-of-the-amusement-phase-de-chara-kotsali-pinelopi-gerasimou-onassis-stegi-high-2-800x457..jpeg\" class=\"attachment-image-size-L size-image-size-L\" alt=\"maillon\" decoding=\"async\" loading=\"lazy\"  \/>         \u00ab\u00a0It\u2019s the end of the amusement phase\u00a0\u00bb de Chara Kotsali \u00a9 Pinelopi Gerasimou &#8211; Onassis Stegi High \/ Document remis <\/p>\n<p>Sur deux week-ends \u2013 <b>du 29 janvier au 7 f\u00e9vrier<\/b> \u2013, Premi\u00e8res nous invitera \u00e0 <b>d\u00e9couvrir les premi\u00e8res (ou secondes) mises en sc\u00e8nes de jeunes artistes<\/b>. Et par l\u00e0 m\u00eame\u00a0: diverses visions de la cr\u00e9ation artistique, du monde qui les entoure, et \u00ab\u00a0des th\u00e8mes actuels dont [ils et elles] s\u2019empare[nt] avec force\u00a0\u00bb.<\/p>\n<p>Des r\u00e9cits de soi, des parcours de vie marqu\u00e9s par l\u2019exil, la double-culture, la diff\u00e9rence. <b>En creux, une question\u00a0: comment se raconte-t-on\u00a0?<\/b><\/p>\n<p>                <img width=\"875\" height=\"500\" src=\"https:\/\/www.europesays.com\/fr\/wp-content\/uploads\/2025\/09\/das-wetter-zuhause-ein-wohnzimmerballett-aleksandr-kapeliush-steven-m-schultz-875x500.jpg\" class=\"attachment-gallery size-gallery\" alt=\"Maillon\" data-full-url=\"https:\/\/pokaa.fr\/wp-content\/uploads\/2025\/09\/01\/das-wetter-zuhause-ein-wohnzimmerballett-aleksandr-kapeliush-steven-m-schultz.jpg\" decoding=\"async\" loading=\"lazy\"  \/>            <\/p>\n<p>                <img width=\"875\" height=\"500\" src=\"https:\/\/www.europesays.com\/fr\/wp-content\/uploads\/2025\/09\/das-wetter-zuhause-ein-wohnzimmerballett-aleksandr-kapeliush-steven-m-schultz-2-875x500.jpg\" class=\"attachment-gallery size-gallery\" alt=\"Maillon\" data-full-url=\"https:\/\/pokaa.fr\/wp-content\/uploads\/2025\/09\/01\/das-wetter-zuhause-ein-wohnzimmerballett-aleksandr-kapeliush-steven-m-schultz-2.jpg\" decoding=\"async\" loading=\"lazy\"  \/>            <\/p>\n<p>                    \u00ab\u00a0das Wetter Zuhause. ein Wohnzimmerballett\u00a0\u00bb de Aleksandr Kapeliush \u00a9 Steven M Schultz \/ Documents remis<\/p>\n<p><b>Aleksandr Kapeliush<\/b>, parti de Russie \u00e0 l\u2019invasion de l\u2019Ukraine pour Tel Aviv puis l\u2019Allemagne, nous pr\u00e9sentera <a href=\"https:\/\/maillon.eu\/spectacle\/1012.das-wetter-zuhause-ein-wohnzimmerballett--aleksandr-kapeliush\" target=\"_blank\" rel=\"noopener\"><b>Das Wetter Zuhause. Ein Wohnzimmerballett (La m\u00e9t\u00e9o \u00e0 la maison. Un ballet de salon)<\/b> <\/a>du jeudi 29 au samedi 31 janvier (\u00e0 la HEAR).<\/p>\n<p>Une plong\u00e9e dans<b> ses souvenirs<\/b>, de son \u00ab\u00a0identit\u00e9 au croisement des cultures\u00a0\u00bb \u00e0 l\u2019\u00ab\u00a0impossibilit\u00e9 de vivre son homosexualit\u00e9 dans une soci\u00e9t\u00e9 sous surveillance\u00a0\u00bb, et <b>l\u2019exil<\/b>. Entre Taylor Swift et Le Lac des Cygnes de Tcha\u00efkovski\u00a0: <b>un r\u00e9cit de soi qui d\u00e9montre toujours plus que oui, l\u2019intime est politique<\/b>.<\/p>\n<p>                <img width=\"875\" height=\"500\" src=\"https:\/\/www.europesays.com\/fr\/wp-content\/uploads\/2025\/09\/language-no-broblem-de-marah-haj-hussein-boris-breugel-3-875x500.jpg\" class=\"attachment-gallery size-gallery\" alt=\"maillon\" data-full-url=\"https:\/\/pokaa.fr\/wp-content\/uploads\/2025\/09\/01\/language-no-broblem-de-marah-haj-hussein-boris-breugel-3.jpg\" decoding=\"async\" loading=\"lazy\"  \/>            <\/p>\n<p>                <img width=\"875\" height=\"500\" src=\"https:\/\/www.europesays.com\/fr\/wp-content\/uploads\/2025\/09\/language-no-broblem-de-marah-haj-hussein-boris-breugel-2-875x500.jpg\" class=\"attachment-gallery size-gallery\" alt=\"maillon\" data-full-url=\"https:\/\/pokaa.fr\/wp-content\/uploads\/2025\/09\/01\/language-no-broblem-de-marah-haj-hussein-boris-breugel-2.jpg\" decoding=\"async\" loading=\"lazy\"  \/>            <\/p>\n<p>                <img width=\"875\" height=\"500\" src=\"https:\/\/www.europesays.com\/fr\/wp-content\/uploads\/2025\/09\/language-no-broblem-de-marah-haj-hussein-boris-breugel-875x500.jpg\" class=\"attachment-gallery size-gallery\" alt=\"Maillon\" data-full-url=\"https:\/\/pokaa.fr\/wp-content\/uploads\/2025\/09\/01\/language-no-broblem-de-marah-haj-hussein-boris-breugel.jpg\" decoding=\"async\" loading=\"lazy\"  \/>            <\/p>\n<p>                    \u00ab\u00a0Language no broblem\u00a0\u00bb de Marah Haj Hussein \u00a9 Boris Breugel \/ Documents remis<\/p>\n<p>Chez <b>Marah Haj Hussein<\/b>, c\u2019est la langue qui est au c\u0153ur, porteuse d\u2019une histoire, et du \u00ab\u00a0plurilinguisme comme enjeu de pouvoir\u00a0\u00bb. <b>Palestinienne<\/b>, dipl\u00f4m\u00e9e en Belgique o\u00f9 elle vit aujourd\u2019hui, la danseuse et cr\u00e9atrice, aborde dans <a href=\"https:\/\/maillon.eu\/spectacle\/1013.language-no-broblem--marah-haj-hussein\" target=\"_blank\" rel=\"noopener\"><b>Language: No broblem<\/b> <\/a>(du jeudi 29 au samedi 31 janvier), son parcours et \u00ab\u00a0le rapport \u00e0 l\u2019arabe parl\u00e9 en Palestine et \u00e0 l\u2019h\u00e9breu, langue officielle de l\u2019\u00c9tat qui fixe les r\u00e8gles\u00a0\u00bb.<\/p>\n<p>Un spectacle sensible, d\u2019actualit\u00e9, aussi sonore que visuel, <b>o\u00f9 les mots s\u2019\u00e9coutent autant qu\u2019ils s\u2019\u00e9crivent, en petit, en grand et partout, pour se faire entendre<\/b>.<\/p>\n<\/p>\n<p><a href=\"https:\/\/maillon.eu\/spectacle\/1014.bidibibodibiboo--francesco-alberici\" target=\"_blank\" rel=\"noopener\"><b>Bidibibodibiboo<\/b> de Francesco Alberici (du jeudi 29 au samedi 31 janvier)<\/a> se penchera sur la relation entre deux fr\u00e8res, pour mieux <b>raconter notre monde, et plus particuli\u00e8rement\u00a0: celui du travail<\/b>. Entre management poussif, souffrance, qu\u00eate de performance et perte de sens (ou peut-\u00eatre l\u2019inverse)\u00a0:<b> <\/b><b>\u00ab\u00a0le r\u00e9cit d\u2019une ali\u00e9nation\u00a0\u00bb<\/b>.<\/p>\n<p>    <img width=\"800\" height=\"457\" src=\"https:\/\/www.europesays.com\/fr\/wp-content\/uploads\/2025\/09\/bidibibodibiboo-de-francesco-alberici-2-800x457.jpg\" class=\"attachment-image-size-L size-image-size-L\" alt=\"Maillon\" decoding=\"async\" loading=\"lazy\"  \/>         \u00ab\u00a0Bidibibodibiboo\u00a0\u00bb de Francesco Alberici \u00a9 Document remis <\/p>\n<p><b>Davide-Christelle Sanvee <\/b>(Suisse, Togo) s\u2019attaquera quant \u00e0 elle, \u00e0 <b>la question du racisme<\/b>. Comme point de d\u00e9part\u00a0? Les deux semaines pass\u00e9es par l\u2019auteur James Baldwin dans le village de Lo\u00e8che-les-Bains, en 1951, o\u00f9 il sera per\u00e7u lors de son s\u00e9jour l\u00e0-bas comme <b>\u00ab\u00a0l\u2019intrus noir\u00a0\u00bb<\/b><b> d\u2019une Suisse blanche<\/b> \u2013 une exp\u00e9rience dont il parlera dans Un \u00e9tranger au village.<\/p>\n<p>Partant d\u2019images d\u2019archives, elle nous livre dans <a href=\"https:\/\/maillon.eu\/spectacle\/1015.qui-a-peur--davide-christelle-sanvee\" target=\"_blank\" rel=\"noopener\"><b>Qui a peur <\/b><b>(vendredi 6 et samedi 7 f\u00e9vrier)<\/b><\/a>, <b>une performance immersive<\/b> entre \u00ab\u00a0r\u00eave et r\u00e9alit\u00e9, <b>croisant humour mordant et visions plus sombres<\/b>\u00a0\u00bb, pour \u00ab\u00a0d\u00e9ployer avec lucidit\u00e9 <b>les manifestations du rejet de l\u2019Autre <\/b>au motif de sa couleur de peau\u00a0\u00bb.<\/p>\n<p>                <img width=\"875\" height=\"500\" src=\"https:\/\/www.europesays.com\/fr\/wp-content\/uploads\/2025\/09\/qui-a-peur-de-davide-christelle-sanvee-875x500.jpg\" class=\"attachment-gallery size-gallery\" alt=\"maillon\" data-full-url=\"https:\/\/pokaa.fr\/wp-content\/uploads\/2025\/09\/01\/qui-a-peur-de-davide-christelle-sanvee.jpg\" decoding=\"async\" loading=\"lazy\"  \/>            <\/p>\n<p>                <img width=\"875\" height=\"500\" src=\"https:\/\/www.europesays.com\/fr\/wp-content\/uploads\/2025\/09\/qui-a-peur-de-davide-christelle-sanvee-eden-leviam-875x500.jpg\" class=\"attachment-gallery size-gallery\" alt=\"Maillon\" data-full-url=\"https:\/\/pokaa.fr\/wp-content\/uploads\/2025\/09\/01\/qui-a-peur-de-davide-christelle-sanvee-eden-leviam.jpg\" decoding=\"async\" loading=\"lazy\"  \/>            <\/p>\n<p>                <img width=\"875\" height=\"500\" src=\"https:\/\/www.europesays.com\/fr\/wp-content\/uploads\/2025\/09\/qui-a-peur-de-davide-christelle-sanvee-eden-leviam-2-875x500.jpg\" class=\"attachment-gallery size-gallery\" alt=\"Maillon\" data-full-url=\"https:\/\/pokaa.fr\/wp-content\/uploads\/2025\/09\/01\/qui-a-peur-de-davide-christelle-sanvee-eden-leviam-2.jpg\" decoding=\"async\" loading=\"lazy\"  \/>            <\/p>\n<p>                    \u00ab\u00a0Qui a peur de Davide-Christelle Sanvee\u00a0\u00bb \u00a9 Eden Leviam \/ Documents remis<\/p>\n<p>Et quelle meilleure conclusion \u00e0 ce cycle de Premi\u00e8res, que <a href=\"https:\/\/maillon.eu\/spectacle\/1016.its-the-end-of-the-amusement-phase--chara-kotsali\" target=\"_blank\" rel=\"noopener\"><b>It\u2019s the end of the amusement phase <\/b><\/a><b>de Chara Kotsali <\/b>(Gr\u00e8ce)\u00a0? Un spectacle entre la danse et la performance qui s\u2019annonce comme un <b>\u00ab\u00a0r\u00e9cit de soi autant que r\u00e9cit du monde\u00a0\u00bb<\/b>, une \u00ab\u00a0chronologie alternative [\u2026] qui nous rappelle que <b>l\u2019Histoire n\u2019est pas lin\u00e9aire<\/b>, mais que c\u2019est nous qui en \u00e9crivons la logique\u00a0\u00bb.<\/p>\n<p><b>La Macarena y croise des parades militaires<\/b>, des \u00ab\u00a0manifestations de masse et a\u00e9robic [\u2026], danses rituelles et pom-pom girl\u00a0\u00bb, sur <b>une bande-son <\/b><b>\u00ab\u00a0fait[e] de tous les bruits du monde\u00a0\u00bb<\/b>. \u2026Un mash-up pour r\u00e9viser l\u2019Histoire\u00a0? Il faudra venir les vendredi 6 et samedi 7 f\u00e9vrier pour le voir.<\/p>\n<\/p>\n<p>    <img width=\"800\" height=\"457\" src=\"https:\/\/www.europesays.com\/fr\/wp-content\/uploads\/2025\/09\/its-the-end-of-the-amusement-phase-de-chara-kotsali-pinelopi-gerasimou-onassis-stegi-high-800x457.jp.jpeg\" class=\"attachment-image-size-L size-image-size-L\" alt=\"maillon\" decoding=\"async\" loading=\"lazy\"  \/>         \u00ab\u00a0It\u2019s the end of the amusement phase\u00a0\u00bb de Chara Kotsali \u00a9 Pinelopi Gerasimou &#8211; Onassis Stegi High \/ Document remis <\/p>\n<p>Quant \u00e0 d\u00e9couvrir la programmation du Maillon en face-\u00e0-face, on se note dans l\u2019agenda<b> les pr\u00e9sentations de saison<\/b> : <a href=\"https:\/\/maillon.eu\/spectacle\/986.presentation-de-saison-en-grand-comite-semestre-1\" target=\"_blank\" rel=\"noopener\">en grand comit\u00e9, d\u2019une part (<b>les 9 et 12 septembre<\/b>)<\/a>, ou en <a href=\"https:\/\/maillon.eu\/spectacle\/987.presentation-de-saison-en-petit-comite-semestre-1\" target=\"_blank\" rel=\"noopener\"><b>version speed-dating, le 18 septembre<\/b><\/a>.<\/p>\n<p>            Maillon Saison 2025-26 : 1er semestre<\/p>\n<p>            Quoi ? <\/p>\n<p>Spectacles, rencontres, ateliers, etc.<\/p>\n<p>                Quand ?<\/p>\n<p>Premier semestre de programmation\u00a0: de septembre \u00e0 d\u00e9cembre<br \/>Festival PREMI\u00c8RES\u00a0: du 29 janvier au 7 f\u00e9vrier<\/p>\n<p>            o\u00f9 ?<\/p>\n<p>Au Maillon \u2013 th\u00e9\u00e2tre de Strasbourg, sc\u00e8ne europ\u00e9enne<br \/>1 boulevard de Dresde \u00e0 Strasbourg<\/p>\n<p>                Plus d&rsquo;infos ?<\/p>\n<p><a href=\"https:\/\/maillon.eu\/saison\" target=\"_blank\" rel=\"noopener\">Programmation compl\u00e8te et billetterie<\/a><\/p>\n","protected":false},"excerpt":{"rendered":"La culture comme r\u00e9sistance. C\u2019est ce que nous offre le th\u00e9\u00e2tre strasbourgeois du Maillon, cette saison. Spectacles futuristes,&hellip;\n","protected":false},"author":2,"featured_media":361579,"comment_status":"","ping_status":"","sticky":false,"template":"","format":"standard","meta":{"footnotes":""},"categories":[2820],"tags":[1111,11,251,5972,1777,674,652,6757,1011,27,775,32834,873,12,25,3140,640,1347,4064],"class_list":{"0":"post-361578","1":"post","2":"type-post","3":"status-publish","4":"format-standard","5":"has-post-thumbnail","7":"category-strasbourg","8":"tag-actu","9":"tag-actualites","10":"tag-culture","11":"tag-danse","12":"tag-eu","13":"tag-europe","14":"tag-famille","15":"tag-feminisme","16":"tag-fr","17":"tag-france","18":"tag-grand-est","19":"tag-le-maillon","20":"tag-musique","21":"tag-news","22":"tag-republique-francaise","23":"tag-spectacle","24":"tag-strasbourg","25":"tag-theatre","26":"tag-week-end"},"share_on_mastodon":{"url":"https:\/\/pubeurope.com\/@fr\/115136563660681050","error":""},"_links":{"self":[{"href":"https:\/\/www.europesays.com\/fr\/wp-json\/wp\/v2\/posts\/361578","targetHints":{"allow":["GET"]}}],"collection":[{"href":"https:\/\/www.europesays.com\/fr\/wp-json\/wp\/v2\/posts"}],"about":[{"href":"https:\/\/www.europesays.com\/fr\/wp-json\/wp\/v2\/types\/post"}],"author":[{"embeddable":true,"href":"https:\/\/www.europesays.com\/fr\/wp-json\/wp\/v2\/users\/2"}],"replies":[{"embeddable":true,"href":"https:\/\/www.europesays.com\/fr\/wp-json\/wp\/v2\/comments?post=361578"}],"version-history":[{"count":0,"href":"https:\/\/www.europesays.com\/fr\/wp-json\/wp\/v2\/posts\/361578\/revisions"}],"wp:featuredmedia":[{"embeddable":true,"href":"https:\/\/www.europesays.com\/fr\/wp-json\/wp\/v2\/media\/361579"}],"wp:attachment":[{"href":"https:\/\/www.europesays.com\/fr\/wp-json\/wp\/v2\/media?parent=361578"}],"wp:term":[{"taxonomy":"category","embeddable":true,"href":"https:\/\/www.europesays.com\/fr\/wp-json\/wp\/v2\/categories?post=361578"},{"taxonomy":"post_tag","embeddable":true,"href":"https:\/\/www.europesays.com\/fr\/wp-json\/wp\/v2\/tags?post=361578"}],"curies":[{"name":"wp","href":"https:\/\/api.w.org\/{rel}","templated":true}]}}