{"id":361580,"date":"2025-09-02T20:20:11","date_gmt":"2025-09-02T20:20:11","guid":{"rendered":"https:\/\/www.europesays.com\/fr\/361580\/"},"modified":"2025-09-02T20:20:11","modified_gmt":"2025-09-02T20:20:11","slug":"ludovic-mercier-reprend-gout-a-lovalie-a-strasbourg","status":"publish","type":"post","link":"https:\/\/www.europesays.com\/fr\/361580\/","title":{"rendered":"Ludovic Mercier reprend go\u00fbt \u00e0 l\u2019ovalie \u00e0 Strasbourg"},"content":{"rendered":"<p>Voir d\u00e9barquer le vainqueur, avec Gloucester en 2006, du challenge europ\u00e9en dont il reste le meilleur r\u00e9alisateur de l\u2019histoire n\u2019a rien d\u2019anodin. \u00c0 l\u2019origine, c\u2019\u00e9tait une fiert\u00e9 pour le SAR, son pr\u00e9sident Laurent Auvray en t\u00eate. Selon les dires de l\u2019int\u00e9ress\u00e9, dont la carri\u00e8re professionnelle s\u2019est \u00e9tal\u00e9e de 1994 \u00e0 2014, c\u2019en est d\u00e9j\u00e0 une pour lui.<\/p>\n<p>\u00ab\u00a0Le projet \u00e9tait convaincant\u00a0\u00bb<\/p>\n<p>Pass\u00e9 de l\u2019autre c\u00f4t\u00e9 de la barri\u00e8re voici onze ans, avec notamment une saison \u00e0 Metz o\u00f9, tiens, tiens, il avait d\u00e9j\u00e0 succ\u00e9d\u00e9 \u00e0 Alexis Vairy, Ludovic Mercier \u00e9tait depuis 2002 en poste \u00e0 Aubenas, en Nationale 2, soit trois \u00e9tages au-dessus de la F\u00e9d\u00e9rale\u00a03. Que vient-il donc faire \u00e0 Strasbourg\u00a0?<\/p>\n<p>Dans l\u2019histoire, Robin Staab a jou\u00e9 les interm\u00e9diaires. En provenance l\u2019an pass\u00e9 du club ard\u00e9chois, le trois-quarts a fait le plus grand bien au SAR avant d\u2019\u00eatre stopp\u00e9 net par une rupture des ligaments crois\u00e9s. Il est rest\u00e9 en contact permanent avec son ex-entra\u00eeneur et lui a souffl\u00e9 \u00e0 l\u2019oreille que la place se lib\u00e9rait&#8230;<\/p>\n","protected":false},"excerpt":{"rendered":"Voir d\u00e9barquer le vainqueur, avec Gloucester en 2006, du challenge europ\u00e9en dont il reste le meilleur r\u00e9alisateur de&hellip;\n","protected":false},"author":2,"featured_media":361581,"comment_status":"","ping_status":"","sticky":false,"template":"","format":"standard","meta":{"footnotes":""},"categories":[2820],"tags":[1111,11,2649,2880,1777,674,1011,27,775,12,25,479,517,640,2879],"class_list":{"0":"post-361580","1":"post","2":"type-post","3":"status-publish","4":"format-standard","5":"has-post-thumbnail","7":"category-strasbourg","8":"tag-actu","9":"tag-actualites","10":"tag-bas-rhin","11":"tag-edition-strasbourg","12":"tag-eu","13":"tag-europe","14":"tag-fr","15":"tag-france","16":"tag-grand-est","17":"tag-news","18":"tag-republique-francaise","19":"tag-rugby","20":"tag-sport","21":"tag-strasbourg","22":"tag-strasbourg-ville"},"share_on_mastodon":{"url":"","error":""},"_links":{"self":[{"href":"https:\/\/www.europesays.com\/fr\/wp-json\/wp\/v2\/posts\/361580","targetHints":{"allow":["GET"]}}],"collection":[{"href":"https:\/\/www.europesays.com\/fr\/wp-json\/wp\/v2\/posts"}],"about":[{"href":"https:\/\/www.europesays.com\/fr\/wp-json\/wp\/v2\/types\/post"}],"author":[{"embeddable":true,"href":"https:\/\/www.europesays.com\/fr\/wp-json\/wp\/v2\/users\/2"}],"replies":[{"embeddable":true,"href":"https:\/\/www.europesays.com\/fr\/wp-json\/wp\/v2\/comments?post=361580"}],"version-history":[{"count":0,"href":"https:\/\/www.europesays.com\/fr\/wp-json\/wp\/v2\/posts\/361580\/revisions"}],"wp:featuredmedia":[{"embeddable":true,"href":"https:\/\/www.europesays.com\/fr\/wp-json\/wp\/v2\/media\/361581"}],"wp:attachment":[{"href":"https:\/\/www.europesays.com\/fr\/wp-json\/wp\/v2\/media?parent=361580"}],"wp:term":[{"taxonomy":"category","embeddable":true,"href":"https:\/\/www.europesays.com\/fr\/wp-json\/wp\/v2\/categories?post=361580"},{"taxonomy":"post_tag","embeddable":true,"href":"https:\/\/www.europesays.com\/fr\/wp-json\/wp\/v2\/tags?post=361580"}],"curies":[{"name":"wp","href":"https:\/\/api.w.org\/{rel}","templated":true}]}}