{"id":361584,"date":"2025-09-02T20:22:14","date_gmt":"2025-09-02T20:22:14","guid":{"rendered":"https:\/\/www.europesays.com\/fr\/361584\/"},"modified":"2025-09-02T20:22:14","modified_gmt":"2025-09-02T20:22:14","slug":"beaucoup-trop-tot-pour-juger-le-directeur-sportif-de-logc-nice-florian-maurice-livre-ses-verites-sur-le-mercato","status":"publish","type":"post","link":"https:\/\/www.europesays.com\/fr\/361584\/","title":{"rendered":"\u00ab\u00a0Beaucoup trop t\u00f4t pour juger\u00a0\u00bb. Le directeur sportif de l&rsquo;OGC Nice Florian Maurice livre ses v\u00e9rit\u00e9s sur le mercato"},"content":{"rendered":"<p>Avec neuf arriv\u00e9es pour 15 d\u00e9parts et des rebondissements \u00e0 gogo, le march\u00e9 estival de l\u2019OGC Nice a \u00e9t\u00e9 intense, anim\u00e9, voire parfois d\u00e9routant. Au lendemain de sa conclusion, le directeur sportif Florian Maurice a accept\u00e9 d\u2019en diss\u00e9quer les orientations et les difficult\u00e9s.<\/p>\n<p><strong>Quel bilan tirez-vous du mercato?<br \/>&#13;<br \/>\n<\/strong>\u00c7a a \u00e9t\u00e9 un mercato difficile, c\u2019est certain. Pas seulement pour l\u2019OGC Nice mais pour l\u2019ensemble des clubs. C\u2019est beaucoup trop t\u00f4t pour juger la qualit\u00e9 intrins\u00e8que de ceux qui sont arriv\u00e9s et leur apport. J\u2019attends mieux, je ne suis pas fou, j\u2019attends aussi mieux de la part des joueurs qui sont l\u00e0 depuis quelque temps. L\u2019important, c\u2019est que le mercato a \u00e9t\u00e9 r\u00e9alis\u00e9 par l\u2019ensemble des parties, sportives notamment, avec un alignement global. Les r\u00e9sultats ne sont pas ce qu\u2019on attend sur les cinq premiers matchs. Ce n\u2019est pas suffisant, j\u2019en suis bien conscient. A nous de mettre des choses en place pour que cet effectif-l\u00e0, tel qu\u2019il est mont\u00e9, puisse \u00eatre performant.<\/p>\n<p><strong>C\u2019est la premi\u00e8re fois depuis l\u2019arriv\u00e9e d\u2019Ineos que vous faites de telles recettes (70,75 M d\u2019euros*).Il a fallu vendre plus que les ann\u00e9es pr\u00e9c\u00e9dentes?<br \/>&#13;<br \/>\n<\/strong>La strat\u00e9gie n\u2019a pas chang\u00e9. Le club doit revenir \u00e0 l\u2019\u00e9quilibre et donc avoir une certaine rigueur. Sur le plan \u00e9conomique, on est oblig\u00e9 de faire des ventes de mani\u00e8re r\u00e9guli\u00e8re. Mais on a aussi investi de fa\u00e7on int\u00e9ressante. Apr\u00e8s, il faut aller trouver les bons profils sur le plan sportif et mental pour que l\u2019\u00e9quipe continue d\u2019\u00eatre performante. Aujourd\u2019hui, il se passe des choses dans certains clubs qui sont difficiles pour nous. Comment est-ce possible que certains puissent \u00eatre aussi d\u00e9pensiers, malgr\u00e9 le fair-play financier et toutes les autres choses qui entrent en compte ?<\/p>\n<p><strong>O\u00f9 pensez-vous pouvoir placer le club maintenant en L1, sachant que d\u2019autres ont d\u00e9pens\u00e9 plus comme Strasbourg ou Rennes?<br \/>&#13;<br \/>\n<\/strong>On ne peut pas dire qu\u2019on soit dans la m\u00eame lign\u00e9e au vu de ce qu\u2019ils ont investi. \u00c9conomiquement, on n\u2019est pas dimensionn\u00e9 de la m\u00eame mani\u00e8re, on en est conscient. \u00e7a ne nous a pas emp\u00each\u00e9s l\u2019ann\u00e9e derni\u00e8re de finir devant ces clubs-l\u00e0. On a des armes pour se bagarrer. Quand je regarde le groupe, je ne me dis pas qu\u2019il est catastrophique, bien au contraire. Avec tout le monde \u00e0 100 % physiquement, mentalement, techniquement, l\u2019effectif est dense et complet, les postes sont doubl\u00e9s voire tripl\u00e9s. Il a les moyens de lutter \u00e0 la fois en coupe d\u2019Europe, m\u00eame si on a un tirage difficile, et en championnat. L\u2019objectif, c\u2019est d\u2019\u00eatre performant et europ\u00e9en. Il y a six places, potentiellement une septi\u00e8me.<\/p>\n<p><strong>Comprenez-vous cette inqui\u00e9tude ambiante autour du club?<br \/>&#13;<br \/>\n<\/strong>C\u2019est surtout li\u00e9 aux r\u00e9sultats et, au-del\u00e0 de \u00e7a, \u00e0 ce qu\u2019on montre sur le terrain. Avec les joueurs qu\u2019on a, notre niveau n\u2019est pas l\u00e0. Il y a des nouveaux qui jouent peut-\u00eatre plus t\u00f4t que ce qu\u2019ils pouvaient imaginer. On ne pensait pas qu\u2019en d\u00e9but de saison, on pouvait commencer avec une d\u00e9fense compos\u00e9e de joueurs de 2004, 2005, 2006, On pensait qu\u2019ils allaient \u00eatre accompagn\u00e9s par Moise (Bombito), Dante. Ces jeunes, on aurait pu imaginer qu\u2019ils soient dans de meilleures conditions pour \u00eatre performants. Et encore, je trouve que ce qu\u2019ils font, c\u2019est plut\u00f4t bien.<\/p>\n<p><strong>Votre recrue la plus \u00e2g\u00e9e a 26 ans. Est-ce un choix?<br \/>&#13;<br \/>\n<\/strong>Quand je vais chercher un joueur, mon premier objectif, c\u2019est qu\u2019il soit performant, sportivement. Apr\u00e8s, \u00e9videmment, s\u2019il l\u2019est, il y aura peut-\u00eatre un potentiel de plus-value derri\u00e8re, mais ce n\u2019est pas ce que je regarde dans un premier temps. On avait imagin\u00e9 faire un d\u00e9fenseur de 32 ans pour amener de la stabilit\u00e9 derri\u00e8re. Malheureusement, les conditions n\u2019ont pas \u00e9t\u00e9 r\u00e9unies. 21, 22, 23 ans&#8230; \u00e7a reste des joueurs qui ne sont pas forc\u00e9ment pr\u00eats dans l\u2019imm\u00e9diat mais qui peuvent le devenir. Oppong est un tr\u00e8s jeune joueur d\u2019un championnat mineur, mais sur le d\u00e9but de saison, c\u2019est presque lui le plus performant. Il n\u2019y a pas de v\u00e9rit\u00e9. On doit \u00eatre capable de cr\u00e9er quelque chose \u00e0 l\u2019int\u00e9rieur du groupe pour que tout le monde puisse \u00eatre \u00e0 100%.<\/p>\n<p><strong>Avez-vous l\u2019impression de vous \u00eatre renforc\u00e9 par rapport \u00e0 l\u2019ann\u00e9e derni\u00e8re?<br \/>&#13;<br \/>\n<\/strong>C\u2019est difficile \u00e0 dire aujourd\u2019hui. Si on reste sur les trois premi\u00e8res journ\u00e9es, vous allez me dire que non. On a perdu Evann (Guessand) et Ga\u00ebtan (Laborde), deux joueurs en capacit\u00e9 de marquer des buts. On a Terem Moffi, qui est un joueur qui, mis \u00e0 part l\u2019ann\u00e9e de sa blessure, marque entre 15 et 20 buts par saison. On est all\u00e9 chercher Kevin Carlos, qui a inscrit 14 et 15 r\u00e9alisations sur les deux derni\u00e8res ann\u00e9es. Et apr\u00e8s, il y a tous ceux qui sont autour qui doivent aussi am\u00e9liorer leurs performances. On s\u2019est renforc\u00e9 de la meilleure mani\u00e8re possible pour avoir une \u00e9quipe comp\u00e9titive.<\/p>\n<p><strong>On sent aujourd\u2019hui un groupe \u00e9teint. Comment l\u2019expliquez-vous?<br \/>&#13;<br \/>\n<\/strong>Le mercato est toujours une p\u00e9riode d\u00e9licate. Il y a des joueurs qui veulent partir, qui ne sont pas contents. \u00e7a peut diffuser dans le groupe certaines ondes un peu n\u00e9gatives. On est l\u00e0-dedans depuis le d\u00e9but de la saison. Il faut qu\u2019on maintienne le cap. On doit repartir de l\u2019avant. On attend des joueurs qu\u2019ils remettent le bleu de chauffe.<\/p>\n<p>            \u00ab\u00a0Clauss? Quel message aurait-on envoy\u00e9?\u00a0\u00bb<\/p>\n<p><strong>Il y a un joueur qui a cru partir. Comment se g\u00e8re le cas Jonathan Clauss?<br \/>&#13;<br \/>\n<\/strong>En d\u00e9but de mercato, il n\u2019\u00e9tait pas pr\u00e9vu qu\u2019il s\u2019en aille. Apr\u00e8s, il y a des discussions qui ont \u00e9t\u00e9 men\u00e9es qui ne sont pas all\u00e9es au bout et \u00e7a, on doit le respecter. Le joueur est sous contrat. On l\u2019a sorti d\u2019un loft \u00e0 Marseille l\u2019ann\u00e9e derni\u00e8re et l\u2019id\u00e9e, ce n\u2019\u00e9tait absolument pas de s\u2019en s\u00e9parer. C\u2019est quelqu\u2019un d\u2019important pour le club et pour nos objectifs. Quel message aurait-on envoy\u00e9 si on avait perdu Jonathan ?<\/p>\n<p><strong>Mais si l\u2019offre avait \u00e9t\u00e9 convaincante, vous l\u2019auriez fait.<br \/>&#13;<br \/>\n<\/strong>Elle ne l\u2019\u00e9tait pas, et on avait anticip\u00e9 les choses au cas o\u00f9. \u00c0 partir du moment o\u00f9 les trois parties n\u2019\u00e9taient pas d\u2019accord, le transfert ne pouvait pas \u00eatre valid\u00e9. A lui d\u2019\u00eatre en capacit\u00e9 de se dire qu\u2019il est joueur ni\u00e7ois et qu\u2019il se doit d\u2019\u00eatre performant. Et c\u2019est \u00e0 nous de l\u2019aider en ce sens.<\/p>\n<p><strong>A contrario, vous avez laiss\u00e9 partir Badredine Bouanani.<br \/>&#13;<br \/>\n<\/strong>Ce n\u2019\u00e9tait pas pr\u00e9vu. Bad, c\u2019est un joueur hyper talentueux qui avait tr\u00e8s bien fini la saison derni\u00e8re, avant des performances plus en demi-teinte. On a r\u00e9fl\u00e9chi, c\u2019\u00e9tait une bonne offre qu\u2019on ne pouvait pas refuser.<\/p>\n<p><strong>Charles Vanhoutte est arriv\u00e9 \u00e0 la toute fin de mercato. Il y a eu \u00e0 un moment de flottement sur l\u2019arriv\u00e9e ou non d\u2019un rempla\u00e7ant \u00e0 Rosario. Pourquoi?<br \/>&#13;<br \/>\n<\/strong>C\u2019est une question qu\u2019on avait identifi\u00e9e. Il \u00e9tait pr\u00e9vu que Pablo parte. Sauf que le temps avan\u00e7ant, on s\u2019est aper\u00e7u que finalement peut-\u00eatre qu\u2019il ne partirait pas. Et \u00e0 partir du moment o\u00f9 Porto est revenu avec une proposition qui nous laissait penser que ce serait la meilleure qu\u2019on recevrait, on a rebascul\u00e9 sur quelque chose qu\u2019on avait d\u2019ailleurs anticip\u00e9 avec Salis (Abdul Samed). L\u2019id\u00e9e, c\u2019est d\u2019avoir un autre milieu de terrain avec des caract\u00e9ristiques un peu diff\u00e9rentes et du caract\u00e8re. Des choses qui nous manquent aujourd\u2019hui.<\/p>\n<p><strong>Que va-t-il apporter?<br \/>&#13;<br \/>\n<\/strong>Au-del\u00e0 de l\u2019aspect purement technique et tactique, c\u2019est un joueur qui va amener beaucoup par sa motivation et son \u00e9thique de travail. Il a une certaine exp\u00e9rience. Avec Tiago Gouveia (Benfica), ils ont jou\u00e9 dans des clubs habitu\u00e9s \u00e0 gagner ou \u00e0 \u00eatre toujours dans le tr\u00e8s haut niveau. On avait besoin d\u2019ajouter ce genre de petites choses dans le vestiaire pour emmener tout le monde et retrouver un \u00e9lan.<\/p>\n<p><strong>La saison \u00e0 peine commenc\u00e9e, Franck Haise a d\u00e9j\u00e0 rappel\u00e9 plusieurs fois le besoin d\u2019exigence.<br \/>&#13;<br \/>\n<\/strong>C\u2019est un probl\u00e8me qu\u2019on veut r\u00e9gler. Il se r\u00e9glera sur le terrain, avec la concurrence. Notre effectif est important. Si tu n\u2019es pas performant, il y en a d\u2019autres qui le seront. Et tu ne joueras pas. \u00e7a fait partie du haut niveau.<\/p>\n<p>              <img ci-src=\"https:\/\/www.nicematin.com\/football\/Image+SPO03Q506_DM_FLORIAN_MAURICE_OGC_NICE-Q9CcsOGN.jpg?vh=58ff1a&amp;ci_seal=d3d2278de4\" alt=\"\"\/><br \/>\n        Le directeur sportif regrette de voir l\u2019\u00e9quipe dans un mauvais \u2018\u2018mood\u2019\u2019 actuellement. <strong>Photo Dylan Meiffret.<\/strong> <\/p>\n<p>                                \u00ab\u00a0On doit passer un cap au niveau mental\u00a0\u00bb<\/p>\n<p><strong>Avec K\u00f6nigsd\u00f6rffer recal\u00e9 \u00e0 la visite m\u00e9dicale, le revirement Mahdi Camara, le faux d\u00e9part Clauss, c\u2019est le pire mercato que vous avez v\u00e9cu<\/strong>?<br \/>&#13;<br \/>\nFranchement, \u00e7a n\u2019a pas \u00e9t\u00e9 un mercato agr\u00e9able. On parle de ces pistes-l\u00e0, il y en a eu d\u2019autres qui n\u2019ont pas forc\u00e9ment \u00e9t\u00e9 au bout. Il faut savoir s\u2019adapter, je pense qu\u2019on a \u00e9t\u00e9 capable de le faire. Il y a quand m\u00eame une \u00e9quipe qui va tenir la route. Je n\u2019ai pas suivi le mercato de l\u2019ensemble des clubs de Ligue 1. Mais je pense que \u00e7a a \u00e9t\u00e9 compliqu\u00e9 pour tout le monde.<\/p>\n<p><strong>Le plus gros investissement de l\u2019\u00e9t\u00e9, Isak Jansson, vit des d\u00e9buts difficiles. Etes-vous convaincu par sa capacit\u00e9 \u00e0 r\u00e9ussir ici?<\/strong> <br \/>&#13;<br \/>\nQuand tu prends un joueur qui vient d\u2019un championnat l\u00e9g\u00e8rement inf\u00e9rieur, il faut un certain temps d\u2019adaptation. \u00c9videmment, il doit faire mieux. Je pense qu\u2019il a les qualit\u00e9s pour le faire. Il doit b\u00e9n\u00e9ficier d\u2019une \u00e9quipe qui soit dans un meilleur \u2018\u2018mood\u2019\u2019, je pense qu\u2019il n\u2019est pas \u00e0 100 % non plus.<\/p>\n<p><strong>Changer de profil d\u2019attaquant, avec Carlos qui ressemble plus \u00e0 Moffi que Guessand, \u00e9tait une volont\u00e9 de votre part?<\/strong> <br \/>&#13;<br \/>\nOn a travaill\u00e9 sur diff\u00e9rents dossiers avec des profils \u00e0 la \u2018\u2018Evann Guessand\u2019\u2019. Aujourd\u2019hui, \u00e7a co\u00fbte cher. D\u2019ailleurs, si Evann est vendu aussi cher c\u2019est parce qu\u2019ils sont difficiles \u00e0 trouver. On avait \u00e9tudi\u00e9 plusieurs dossiers comme \u00e7a, pour diff\u00e9rentes circonstances ce n\u2019est pas all\u00e9 au bout. La concurrence \u00e9tait plus forte que nous.<\/p>\n<p><strong>On a vu l\u2019impact dans le jeu, l\u2019apport comptable d\u2019Evann Guessand pour l\u2019OGC Nice la saison pass\u00e9e&#8230;<\/strong><br \/>&#13;<br \/>\nCe sont des choses qu\u2019on doit retrouver sur un plan collectif. Evidemment, on n\u2019aura peut-\u00eatre pas les chevauch\u00e9es qu\u2019il \u00e9tait capable de faire. Mais je pense qu\u2019on doit trouver des alternatives dans cet effectif-l\u00e0. Avec Kevin (Carlos), Terem (Moffi), J\u00e9r\u00e9mie (Boga), Sofiane (Diop), Isak (Jansson) et Momo Cho, je ne pense pas que le coach ait moins de solutions que l\u2019an dernier. \u00e7a risque de prendre du temps&#8230; Aujourd\u2019hui, sur l\u2019aspect mental, on n\u2019y est pas. Je pense qu\u2019on a besoin de passer un cap \u00e0 ce niveau-l\u00e0, de mettre beaucoup plus d\u2019engagement dans ce qu\u2019on fait, dans le quotidien. Je suis convaincu qu\u2019on va y arriver.<\/p>\n<p><strong>Gouveia et Abdul Samed ont \u00e9t\u00e9 beaucoup bless\u00e9s la saison pass\u00e9e. Cela a engag\u00e9 une r\u00e9flexion dans un effectif d\u00e9j\u00e0 fragile?<\/strong> <br \/>&#13;<br \/>\nRegarder ce qu\u2019il s\u2019est pass\u00e9 sur les six-sept derniers mois fait partie de la r\u00e9flexion. Mais les blessures font partie du sport de haut niveau. M\u00eame si un joueur a \u00e9t\u00e9 bless\u00e9 un certain temps, il a quand m\u00eame jou\u00e9 des matchs. Et \u00e0 un moment, tu peux retrouver un joueur sain. Je touche du bois mais on n\u2019est pas \u00e0 l\u2019abri que demain il arrive quelque chose \u00e0 un \u00e9l\u00e9ment qui a jou\u00e9 tous les matchs l\u2019an pass\u00e9. C\u2019est toujours difficile \u00e0 anticiper.<\/p>\n<p><strong>C\u2019est pour \u00e7a que vous avez un effectif de 30 joueurs.<\/strong> <br \/>&#13;<br \/>\nIl y a un effectif tr\u00e8s, tr\u00e8s large. L\u2019an pass\u00e9, on a v\u00e9cu une p\u00e9riode un peu d\u00e9licate \u00e0 cause des absences, avec des joueurs qui ne devaient pas jouer qui ont jou\u00e9&#8230; Ce n\u2019est pas se pr\u00e9server, mais on a cr\u00e9\u00e9 un groupe qui nous permettra d\u2019aller sur les trois comp\u00e9titions. D\u2019avoir suffisamment de joueurs pour pouvoir cr\u00e9er quelque chose, mettre de la concurrence. Ce groupe-l\u00e0 en a besoin pour aller chercher des choses de mani\u00e8re individuelle, puis collective. \u00c7a va am\u00e9liorer la qualit\u00e9 des entra\u00eenements, tirer tout le monde vers le haut.<\/p>\n<p><strong>Recruter \u00e0 l\u2019\u00e9tranger r\u00e9pond \u00e0 une strat\u00e9gie \u00e9conomique?<\/strong> <br \/>&#13;<br \/>\nPas simplement, au d\u00e9part on va chercher la qualit\u00e9 du joueur. Et ce n\u2019est pas forc\u00e9ment toujours moins cher. On s\u2019aper\u00e7oit que certains clubs belges payent plus que certains clubs fran\u00e7ais, par exemple. Se sont cr\u00e9\u00e9s des march\u00e9s avec lesquels on n\u2019avait pas forc\u00e9ment l\u2019habitude d\u2019\u00eatre en concurrence. Aujourd\u2019hui dans le championnat de France, \u00e7a co\u00fbte relativement cher. D\u2019autant que tous les clubs vont chercher au d\u00e9part \u00e0 maximiser leur vente, et au final ils vont se dire qu\u2019ils auraient mieux fait d\u2019accepter l\u2019offre du mois de juillet parce qu\u2019au mois d\u2019ao\u00fbt, aucune vente n\u2019est venue.<\/p>\n<p><strong>A voir les deux derniers mercatos, doit-on redouter une r\u00e9duction des ambitions du club \u00e0 venir?<\/strong> <br \/>&#13;<br \/>\nJe vous l\u2019avais dit quand je suis arriv\u00e9, je suis conscient de ce qui se passe aujourd\u2019hui au sein du club. Mais \u00e7a ne nous a pas emp\u00each\u00e9s, derni\u00e8rement, de faire ce qu\u2019on a fait. Avec aussi les \u00e9l\u00e9ments du pass\u00e9, il ne faut pas l\u2019oublier. Je suis convaincu qu\u2019on a la chance d\u2019avoir vraiment un environnement sain au niveau du club. \u00e0 partir de l\u00e0, on est capable de faire des tr\u00e8s belles choses. Il y a eu des exemples par le pass\u00e9, des clubs qui ont moins investi, qui ont moins de moyens, et qui pourtant ont r\u00e9alis\u00e9 des performances tr\u00e8s importantes. Evidemment, je ne suis pas fou, je sais qu\u2019il faut des moyens pour aller l\u00e0-haut. La concurrence est encore plus grande aussi. Il faut aller se bagarrer pour aller chercher ce dont on a envie. Avec beaucoup d\u2019\u00e9nergie et d\u2019engagement de tout le monde, on peut y arriver.<\/p>\n<p><strong>Le coach estime aussi avoir le groupe pour atteindre les objectifs fix\u00e9s?<\/strong> On a fait ce qu\u2019il fallait pour pouvoir \u00eatre l\u00e0 pendant cette saison. Apr\u00e8s, \u00e7a reste du foot. C\u2019est difficile de pr\u00e9voir, mais quand je regarde mon effectif, je ne m\u2019inqui\u00e8te pas. Loin de l\u00e0. Maintenant, c\u2019est aux joueurs de prendre leurs responsabilit\u00e9s. Tout le monde doit prendre la sienne, on est tous dans le m\u00eame bateau.<\/p>\n<p>            \u00ab\u00a0L\u2019id\u00e9e est de garder une autonomie par rapport \u00e0 Manchester\u00a0\u00bb<\/p>\n<p><strong>Vous avez essay\u00e9 d\u2019obtenir un pr\u00eat de Manchester United? C\u2019est possible \u00e0 l\u2019avenir?<br \/>&#13;<br \/>\n<\/strong>C\u2019est seulement depuis cette ann\u00e9e qu\u2019on est en capacit\u00e9 d\u2019\u00e9changer de mani\u00e8re assez r\u00e9guli\u00e8re avec Manchester. Donc, le process ne se fait pas du jour au lendemain. On a envisag\u00e9 des choses. On est dans des pr\u00e9misses de collaboration, entre guillemets. Malheureusement, ils doivent aussi regarder ce qui est bon pour eux. Ils ont besoin de sortir des joueurs, de vendre en priorit\u00e9. Il faut que tout le monde trouve son compte. Aujourd\u2019hui, je ne peux pas acheter un joueur de Manchester, ni le payer.<\/p>\n<p><strong>Une passerelle comme Strasbourg avec Chelsea est impossible?<br \/>&#13;<br \/>\n<\/strong>Je ne pense pas que le projet de Chelsea repr\u00e9sente ce qu\u2019a envie de faire Manchester. L\u2019id\u00e9e est de garder une certaine autonomie. Je ne sais pas comment \u00e7a se passe \u00e0 Strasbourg, mais je ne suis pas s\u00fbr qu\u2019il y ait beaucoup de choix de joueurs effectu\u00e9s par les gens \u00e0 l\u2019int\u00e9rieur du club. Recevoir une flop\u00e9e de joueurs que l\u2019on nous imposerait, est-ce la volont\u00e9 du club aujourd\u2019hui? L\u2019id\u00e9e, c\u2019est que la passerelle fonctionne. Il faut voir comment on peut la faire fonctionner. J\u2019ai \u00e9t\u00e9 en contact avec eux pour potentiellement trouver des solutions avec certains de leurs joueurs. Ce n\u2019est pas si simple que \u00e7a. Peut-\u00eatre qu\u2019en janvier ou l\u2019\u00e9t\u00e9 prochain, il y aura des possibilit\u00e9s.<\/p>\n<p>C&rsquo;est dit<\/p>\n<p><strong>Sur les retours de blessure <\/strong><\/p>\n<p>\u00ab\u00a0Abdelmonem pourrait reprendre fin novembre, d\u00e9but d\u00e9cembre, je l\u2019esp\u00e8re. Pour Youssouf, je ne sais pas exactement encore.\u00a0\u00bb<\/p>\n<p><strong> Dante et l\u2019apr\u00e8s-Dante <\/strong><\/p>\n<p>\u00ab\u00a0On savait que c\u2019\u00e9tait sa derni\u00e8re ann\u00e9e. Le d\u00e9but de saison est un peu tronqu\u00e9 par certaines situations, je pense que \u00e7a va aller de mieux en mieux, qu\u2019il va pouvoir jouer des matchs. Je le souhaite en tout cas, parce que c\u2019est un gar\u00e7on important pour nous. On travaille d\u00e9j\u00e0 sur une projection \u00e0 la saison prochaine, pour trouver, entre guillemets, le pendant de Dante. On y avait d\u00e9j\u00e0 pens\u00e9 \u00e0 la fin de la saison, m\u00eame si on avait d\u00e9cid\u00e9 de le prolonger. On avait d\u00e9j\u00e0 dans la t\u00eate des noms de joueurs qui pouvaient potentiellement arriver. On n\u2019a pas pu aller au bout des choses. On pr\u00e9pare d\u00e9j\u00e0 l\u2019apr\u00e8s. En janvier? Pourquoi pas.\u00a0\u00bb<\/p>\n<p><strong> A propos de Tiago Gouveia <\/strong><\/p>\n<p>\u00ab\u00a0Je suivais beaucoup le Benfica Lisbonne, notamment ses jeunes il y a quelques ann\u00e9es. J\u2019avais la volont\u00e9 de le faire venir \u00e0 Rennes, d\u00e9j\u00e0. Et m\u00eame \u00e0 l\u2019\u00e9poque de Lyon, je le connaissais bien. C\u2019est un gar\u00e7on qui a de la personnalit\u00e9, du caract\u00e8re, qui vient d\u2019un club qui veut gagner, qui a beaucoup d\u2019exigences. Il est appr\u00e9ci\u00e9 \u00e0 Lisbonne, il a des qualit\u00e9s et de l\u2019envie. Et il parle tr\u00e8s bien fran\u00e7ais parce que son papa a travaill\u00e9 \u00e0 Toulouse pendant un certain nombre d\u2019ann\u00e9es. (Sur son poste) A la base, c\u2019est un ailier. Mais depuis quelque temps, il a jou\u00e9 diff\u00e9rentes positions, lat\u00e9ral droit notamment. Il peut occuper le r\u00f4le de piston, \u00e0 droite et \u00e0 gauche. Il est tr\u00e8s polyvalent et met beaucoup d\u2019engagement dans ce qu\u2019il fait. Il a eu tr\u00e8s peu de temps de jeu jusqu\u2019ici mais j\u2019ai vu chez lui une r\u00e9elle capacit\u00e9 \u00e0 marquer des buts, faire des passes.\u00a0\u00bb<\/p>\n<p><strong> Les dates du mercato <\/strong><\/p>\n<p>\u00ab\u00a0Il faudrait uniformiser son calendrier, le cl\u00f4turer le 10 ou le 1er ao\u00fbt. C\u2019est aux instances, l\u2019UEFA et la FIFA, de prendre \u00e7a en main. Avec l\u2019aide des clubs, \u00e9videmment.\u00a0\u00bb<\/p>\n","protected":false},"excerpt":{"rendered":"Avec neuf arriv\u00e9es pour 15 d\u00e9parts et des rebondissements \u00e0 gogo, le march\u00e9 estival de l\u2019OGC Nice a&hellip;\n","protected":false},"author":2,"featured_media":361585,"comment_status":"","ping_status":"","sticky":false,"template":"","format":"standard","meta":{"footnotes":""},"categories":[2819],"tags":[1111,11,1777,674,63,1011,27,12,2401,882,25,60],"class_list":{"0":"post-361584","1":"post","2":"type-post","3":"status-publish","4":"format-standard","5":"has-post-thumbnail","7":"category-nice","8":"tag-actu","9":"tag-actualites","10":"tag-eu","11":"tag-europe","12":"tag-football","13":"tag-fr","14":"tag-france","15":"tag-news","16":"tag-nice","17":"tag-provence-alpes-cote-dazur","18":"tag-republique-francaise","19":"tag-sports"},"share_on_mastodon":{"url":"","error":""},"_links":{"self":[{"href":"https:\/\/www.europesays.com\/fr\/wp-json\/wp\/v2\/posts\/361584","targetHints":{"allow":["GET"]}}],"collection":[{"href":"https:\/\/www.europesays.com\/fr\/wp-json\/wp\/v2\/posts"}],"about":[{"href":"https:\/\/www.europesays.com\/fr\/wp-json\/wp\/v2\/types\/post"}],"author":[{"embeddable":true,"href":"https:\/\/www.europesays.com\/fr\/wp-json\/wp\/v2\/users\/2"}],"replies":[{"embeddable":true,"href":"https:\/\/www.europesays.com\/fr\/wp-json\/wp\/v2\/comments?post=361584"}],"version-history":[{"count":0,"href":"https:\/\/www.europesays.com\/fr\/wp-json\/wp\/v2\/posts\/361584\/revisions"}],"wp:featuredmedia":[{"embeddable":true,"href":"https:\/\/www.europesays.com\/fr\/wp-json\/wp\/v2\/media\/361585"}],"wp:attachment":[{"href":"https:\/\/www.europesays.com\/fr\/wp-json\/wp\/v2\/media?parent=361584"}],"wp:term":[{"taxonomy":"category","embeddable":true,"href":"https:\/\/www.europesays.com\/fr\/wp-json\/wp\/v2\/categories?post=361584"},{"taxonomy":"post_tag","embeddable":true,"href":"https:\/\/www.europesays.com\/fr\/wp-json\/wp\/v2\/tags?post=361584"}],"curies":[{"name":"wp","href":"https:\/\/api.w.org\/{rel}","templated":true}]}}