{"id":361588,"date":"2025-09-02T20:24:11","date_gmt":"2025-09-02T20:24:11","guid":{"rendered":"https:\/\/www.europesays.com\/fr\/361588\/"},"modified":"2025-09-02T20:24:11","modified_gmt":"2025-09-02T20:24:11","slug":"nantes-assure-lessentiel-et-verra-les-8emes-de-finale-de-cdf-25-29","status":"publish","type":"post","link":"https:\/\/www.europesays.com\/fr\/361588\/","title":{"rendered":"Nantes assure l\u2019essentiel et verra les 8\u00e8mes de finale de CDF ! (25-29)"},"content":{"rendered":"<p>D\u2019entr\u00e9e de jeu, les deux \u00e9quipes se rendent coup pour coup. Du c\u00f4t\u00e9 de Nantes, c\u2019est Julien Bos qui ouvre le score en lucarne. Pau Bill\u00e8re, poussif, trouve le but facilement et prend les devants d\u00e8s la 6e minute (4-3). Nantes court apr\u00e8s le score jusqu\u2019\u00e0 la 13e minute.<\/p>\n<p>Dans la foul\u00e9e, notre tour de contr\u00f4le slov\u00e8ne, <strong>Matej Gaber, prend un rouge direct<\/strong>. Pau Bill\u00e8re recolle au score : 9-9 \u00e0 la 18e. Sur son aile, Noam donne un peu d\u2019air \u00e0 notre \u00e9quipe qui retrouve deux buts d\u2019avance (10-12 \u00e0 la 25e).<\/p>\n<p>Les B\u00e9arnais ne l\u00e2chent rien face \u00e0 un Nacho Biosca peu en r\u00e9ussite. Nos Nantais encaissent un but dans les derniers instants et partent au vestiaire avec seulement un but d\u2019avance : <strong>14-15.<\/strong><\/p>\n<p>De retour sur le terrain, le match est toujours aussi rugueux et les Nantais profitent d\u2019une double exclusion des B\u00e9arnais apr\u00e8s une main au visage sur Aymeric Minne ainsi qu\u2019une poussette en situation de tir sur Julien Bos. Le score est de 16-18 \u00e0 la 36e.<\/p>\n<p>Nantes compte jusqu\u2019\u00e0 trois buts d\u2019avance mais le gardien adverse, Arnaud Tabarant, sort de sa bo\u00eete et r\u00e9alise une double parade sur jet de 7 m\u00e8tres, qui remet son \u00e9quipe dans le jeu. Nos Violets ne comptent alors plus qu\u2019un but d\u2019\u00e9cart \u00e0 la 41e (19-20).<\/p>\n<p>L\u2019histoire se r\u00e9p\u00e8te, et Nantes m\u00e8ne de nouveau de trois buts \u00e0 la 44e (19-22) avant de voir Pau Bill\u00e8re revenir \u00e0 un but \u00e0 la 48e (23-24). Le score reste ensuite bloqu\u00e9 pendant presque cinq minutes.<\/p>\n<p>Au mental, Thibaud Briet transforme un jet de 7 m\u00e8tres \u00e0 la 55e et le score et redonne deux buts d\u2019avance. Nos joueurs finissent mieux la partie gr\u00e2ce \u00e0 deux buts coup sur coup de Nicolas Tournat.<\/p>\n<p><strong>Nantes s\u2019impose (25-29) et verra les 8\u00e8mes de finale de Coupe de France (qui se d\u00e9rouleront le 10 d\u00e9cembre). <\/strong><\/p>\n<p>Premier match de Liqui Moly StarLigue de la saison \u00e0 Chamb\u00e9ry, le vendredi 5 septembre, \u00e0 20h. Une rencontre \u00e0 suivre sur beIN Sports.<\/p>\n","protected":false},"excerpt":{"rendered":"D\u2019entr\u00e9e de jeu, les deux \u00e9quipes se rendent coup pour coup. Du c\u00f4t\u00e9 de Nantes, c\u2019est Julien Bos&hellip;\n","protected":false},"author":2,"featured_media":361589,"comment_status":"","ping_status":"","sticky":false,"template":"","format":"standard","meta":{"footnotes":""},"categories":[2818],"tags":[1111,11,1777,674,1011,27,766,12,2636,25],"class_list":{"0":"post-361588","1":"post","2":"type-post","3":"status-publish","4":"format-standard","5":"has-post-thumbnail","7":"category-nantes","8":"tag-actu","9":"tag-actualites","10":"tag-eu","11":"tag-europe","12":"tag-fr","13":"tag-france","14":"tag-nantes","15":"tag-news","16":"tag-pays-de-la-loire","17":"tag-republique-francaise"},"share_on_mastodon":{"url":"https:\/\/pubeurope.com\/@fr\/115136578569550151","error":""},"_links":{"self":[{"href":"https:\/\/www.europesays.com\/fr\/wp-json\/wp\/v2\/posts\/361588","targetHints":{"allow":["GET"]}}],"collection":[{"href":"https:\/\/www.europesays.com\/fr\/wp-json\/wp\/v2\/posts"}],"about":[{"href":"https:\/\/www.europesays.com\/fr\/wp-json\/wp\/v2\/types\/post"}],"author":[{"embeddable":true,"href":"https:\/\/www.europesays.com\/fr\/wp-json\/wp\/v2\/users\/2"}],"replies":[{"embeddable":true,"href":"https:\/\/www.europesays.com\/fr\/wp-json\/wp\/v2\/comments?post=361588"}],"version-history":[{"count":0,"href":"https:\/\/www.europesays.com\/fr\/wp-json\/wp\/v2\/posts\/361588\/revisions"}],"wp:featuredmedia":[{"embeddable":true,"href":"https:\/\/www.europesays.com\/fr\/wp-json\/wp\/v2\/media\/361589"}],"wp:attachment":[{"href":"https:\/\/www.europesays.com\/fr\/wp-json\/wp\/v2\/media?parent=361588"}],"wp:term":[{"taxonomy":"category","embeddable":true,"href":"https:\/\/www.europesays.com\/fr\/wp-json\/wp\/v2\/categories?post=361588"},{"taxonomy":"post_tag","embeddable":true,"href":"https:\/\/www.europesays.com\/fr\/wp-json\/wp\/v2\/tags?post=361588"}],"curies":[{"name":"wp","href":"https:\/\/api.w.org\/{rel}","templated":true}]}}