{"id":361590,"date":"2025-09-02T20:25:16","date_gmt":"2025-09-02T20:25:16","guid":{"rendered":"https:\/\/www.europesays.com\/fr\/361590\/"},"modified":"2025-09-02T20:25:16","modified_gmt":"2025-09-02T20:25:16","slug":"rdv-le-12-et-13-sept-2025-quai-deschamps","status":"publish","type":"post","link":"https:\/\/www.europesays.com\/fr\/361590\/","title":{"rendered":"RDV le 12 et 13 sept 2025 quai Deschamps"},"content":{"rendered":"\n<p><strong>Les 12 et 13 septembre, le quai Deschamps de Bordeaux s\u2019anime avec la troisi\u00e8me \u00e9dition de l\u2019Assonance Festival. Deux jours de concerts, une apr\u00e8s-midi artistique, des performances et une ambiance f\u00e9d\u00e9ratrice. Bonne nouvelle : les concerts gratuits \u00e0 Bordeaux sont r\u00e9serv\u00e9s aux \u00e9tudiants (avec justificatif), et le festival fonctionne au prix libre pour les autres.<\/strong><\/p>\n<p> Un festival de musique accessible \u00e0 tous <\/p>\n<p>Dans un paysage o\u00f9 les festivals affichent souvent des tarifs \u00e9lev\u00e9s, <a href=\"https:\/\/www.facebook.com\/Lesassonances\" target=\"_blank\" rel=\"noreferrer noopener nofollow\">l\u2019Assonance<\/a> Festival joue la <strong>carte de l\u2019inclusivit\u00e9<\/strong>. Pas de ticket hors de prix : <strong>l\u2019entr\u00e9e est gratuite pour les \u00e9tudiants et au prix libre pour le reste du public<\/strong>. Chacun contribue selon ses moyens, ce qui rend l\u2019\u00e9v\u00e9nement accessible \u00e0 tous, sans compromettre la qualit\u00e9 de la programmation.<\/p>\n<p> Vendredi 12 septembre : le lancement en musique <img loading=\"lazy\" width=\"700\" height=\"725\" alt=\"Concerts gratuits \u00e0 Bordeaux\" title=\"Des concerts gratuits (ou presque) quai Deschamps dans le cadre de L'Assonance Festival 1\"  nitro-lazy- nitro-lazy-src=\"https:\/\/cdn-ilbobfj.nitrocdn.com\/LLQyioEDmPooSUeshdcABKPnDEWJyTwh\/assets\/images\/optimized\/rev-fefab80\/quoifaireabordeaux.com\/wp-content\/uploads\/2025\/09\/concert-bordeaux-assonance.jpg\" class=\"wp-image-18811848 nitro-lazy\" decoding=\"async\" nitro-lazy-empty=\"\" id=\"NDU1OjU4OQ==-1\" src=\"data:image\/svg+xml;nitro-empty-id=NDU1OjU4OQ==-1;base64,PHN2ZyB2aWV3Qm94PSIwIDAgNzAwIDcyNSIgd2lkdGg9IjcwMCIgaGVpZ2h0PSI3MjUiIHhtbG5zPSJodHRwOi8vd3d3LnczLm9yZy8yMDAwL3N2ZyI+PC9zdmc+\"\/>\u00a9 Les Assonances <\/p>\n<p>D\u00e8s 18h, le quai Deschamps devient un dancefloor en plein air. Le <strong>festival<\/strong> d\u00e9marre avec ODP, puis les concerts s\u2019encha\u00eenent :<\/p>\n<ul class=\"wp-block-list\">\n<li><strong>Fr\u00e9quences<\/strong> ouvre le bal, avec un set \u00e9lectro qui capte les premi\u00e8res \u00e9nergies du public.<\/li>\n<li><strong>So Many People Band<\/strong> prend le relais, avec une ambiance plus funk et cuivr\u00e9e.<\/li>\n<li>Ensuite, carte blanche \u00e0 <strong>3615 Cheeko<\/strong>, qu\u2019on conna\u00eet pour ses flows percutants et son univers rap teint\u00e9 d\u2019humour.<\/li>\n<li>La soir\u00e9e se poursuit avec l\u2019univers rock sombre et \u00e9lectrique de <strong>Nasty Joe<\/strong>.<\/li>\n<li>Enfin, <strong>DJ Koyla<\/strong> cl\u00f4ture avec un set qui m\u00e9lange rythmes house et influences world.<\/li>\n<\/ul>\n<p>Entre les concerts, les spectateurs profitent aussi des performances de <strong>La Bel.le Rouge<\/strong>, qui accompagne la soir\u00e9e par des interventions artistiques surprenantes.<\/p>\n<p> Samedi 13 septembre : une journ\u00e9e enti\u00e8re d\u2019animations <\/p>\n<p>Le samedi commence plus t\u00f4t, d\u00e8s 13h. Le quai Deschamps se transforme en un lieu vivant o\u00f9 spectacles et jeux c\u00f4toient la musique.<\/p>\n<p>En apr\u00e8s-midi, plusieurs propositions s\u2019encha\u00eenent :<\/p>\n<ul class=\"wp-block-list\">\n<li><strong>La Lubrik<\/strong>, troupe de th\u00e9\u00e2tre d\u2019improvisation, invite le public \u00e0 plonger dans des sc\u00e8nes impr\u00e9vues et dr\u00f4les.<\/li>\n<li>Une performance de pole dance vient ajouter une touche acrobatique et esth\u00e9tique \u00e0 l\u2019ambiance.<\/li>\n<li>La <strong>sc\u00e8ne \u00e9tudiante<\/strong> permet aux jeunes talents de s\u2019exprimer, confirmant l\u2019esprit inclusif du festival.<\/li>\n<li>Tout autour, un <strong>village associatif<\/strong> et des stands de cr\u00e9ateurs occupent les quais, pendant que petits et grands s\u2019amusent aux jeux de soci\u00e9t\u00e9 et aux jeux en bois.<\/li>\n<\/ul>\n<p> <img loading=\"lazy\" width=\"700\" height=\"584\" alt=\"Assonance Festival Bordeaux\" title=\"Des concerts gratuits (ou presque) quai Deschamps dans le cadre de L'Assonance Festival 2\"  nitro-lazy- nitro-lazy-src=\"https:\/\/cdn-ilbobfj.nitrocdn.com\/LLQyioEDmPooSUeshdcABKPnDEWJyTwh\/assets\/images\/optimized\/rev-fefab80\/quoifaireabordeaux.com\/wp-content\/uploads\/2025\/09\/assonance-festival.jpg\" class=\"wp-image-18811849 nitro-lazy\" decoding=\"async\" nitro-lazy-empty=\"\" id=\"NTE5OjU3OA==-1\" src=\"data:image\/svg+xml;nitro-empty-id=NTE5OjU3OA==-1;base64,PHN2ZyB2aWV3Qm94PSIwIDAgNzAwIDU4NCIgd2lkdGg9IjcwMCIgaGVpZ2h0PSI1ODQiIHhtbG5zPSJodHRwOi8vd3d3LnczLm9yZy8yMDAwL3N2ZyI+PC9zdmc+\"\/>\u00a9 Les Assonances <\/p>\n<p>Puis place \u00e0 la musique, avec une soir\u00e9e dense et vari\u00e9e :<\/p>\n<ul class=\"wp-block-list\">\n<li><strong>Emma Fleurs<\/strong> ouvre avec une pop d\u00e9licate et solaire.<\/li>\n<li>Le duo <strong>Zocco Baia<\/strong> fait voyager avec des sonorit\u00e9s latines et festives.<\/li>\n<li>La sc\u00e8ne s\u2019enflamme avec <strong>Chelab\u00f4m<\/strong>, groupe m\u00ealant soul et grooves \u00e9lectro.<\/li>\n<li>Le collectif <strong>Ras El Hanout<\/strong> apporte ses influences m\u00e9tiss\u00e9es et dansantes.<\/li>\n<li>Place ensuite \u00e0 <strong>La Sueur<\/strong>, formation explosive qui fusionne rap, punk et \u00e9nergie brute.<\/li>\n<li>Enfin, <strong>Uzly Hifi Sound System<\/strong> prolonge la f\u00eate avec un set calibr\u00e9 pour danser jusqu\u2019au bout de la soir\u00e9e.<\/li>\n<\/ul>\n<p> Une identit\u00e9 artistique forte <\/p>\n<p>Chaque ann\u00e9e, l\u2019Assonance Festival se distingue par son<strong> identit\u00e9 visuelle<\/strong>. Pour cette \u00e9dition, c\u2019est le <strong>graphiste bordelais<\/strong> <strong>Isco<\/strong> (@kois_co) qui signe l\u2019affiche. Sa cr\u00e9ation illustre une valse entre le soleil et la lune, jouant avec les couleurs du cr\u00e9puscule : rouge, rose, violet. Un clin d\u2019\u0153il aux soir\u00e9es d\u2019\u00e9t\u00e9 o\u00f9 la musique accompagne le coucher du soleil.<\/p>\n<p> Des valeurs affirm\u00e9es <\/p>\n<p>L\u2019\u00e9quipe d\u2019organisation met en avant des valeurs d\u2019inclusivit\u00e9 et de tol\u00e9rance. Aucune discrimination n\u2019est tol\u00e9r\u00e9e. Une<strong> \u00e9quipe VSS (Violences sexistes et sexuelles)<\/strong> est pr\u00e9sente sur le site pour garantir un cadre s\u00fbr et bienveillant. Ce positionnement fait de l\u2019Assonance plus qu\u2019un simple festival : c\u2019est un espace o\u00f9 chacun peut se sentir libre, qu\u2019il vienne pour \u00e9couter de la musique, d\u00e9couvrir des artistes ou simplement profiter de l\u2019ambiance.<\/p>\n<p>Retrouvez tous nos bons plans en cliquant <a href=\"https:\/\/quoifaireabordeaux.com\/category\/actus\/\" target=\"_blank\" rel=\"noreferrer noopener nofollow\">ICI<\/a>.<\/p>\n<p>  Informations pratiques <\/p>\n<p>concernant l&rsquo;\u00e9v\u00e9nement<\/p>\n<p data-start=\"4894\" data-end=\"4947\"><strong data-start=\"4894\" data-end=\"4903\">Dates<\/strong> : vendredi 12 et samedi 13 septembre 2025<\/p>\n<p data-start=\"4950\" data-end=\"4999\"><strong data-start=\"4950\" data-end=\"4962\">Horaires<\/strong> : vendredi d\u00e8s 18h, samedi d\u00e8s 13h<\/p>\n<p data-start=\"5002\" data-end=\"5045\"><strong data-start=\"5002\" data-end=\"5010\">Lieu<\/strong> : Quai Deschamps, 33100 Bordeaux<\/p>\n<p data-start=\"5048\" data-end=\"5135\"><strong data-start=\"5048\" data-end=\"5057\">Acc\u00e8s<\/strong> : Tram A arr\u00eat Stalingrad, bus lignes 16, 25, 28, 60 et 65 arr\u00eat Stalingrad<\/p>\n<p data-start=\"5138\" data-end=\"5227\"><strong data-start=\"5138\" data-end=\"5148\">Tarifs<\/strong> : gratuit pour les \u00e9tudiants (avec justificatif), prix libre pour les autres<\/p>\n<p data-start=\"5230\" data-end=\"5294\"><strong data-start=\"5230\" data-end=\"5246\">Restauration<\/strong> : buvette et stands de restauration sur place<\/p>\n<p data-start=\"5297\" data-end=\"5380\"><strong data-start=\"5297\" data-end=\"5312\">R\u00e9servation<\/strong> : pas de billetterie, acc\u00e8s libre (places selon capacit\u00e9 du site)<\/p>\n","protected":false},"excerpt":{"rendered":"Les 12 et 13 septembre, le quai Deschamps de Bordeaux s\u2019anime avec la troisi\u00e8me \u00e9dition de l\u2019Assonance Festival.&hellip;\n","protected":false},"author":2,"featured_media":361591,"comment_status":"","ping_status":"","sticky":false,"template":"","format":"standard","meta":{"footnotes":""},"categories":[2817],"tags":[1111,11,1997,1777,674,1011,27,12,2219,25],"class_list":{"0":"post-361590","1":"post","2":"type-post","3":"status-publish","4":"format-standard","5":"has-post-thumbnail","7":"category-bordeaux","8":"tag-actu","9":"tag-actualites","10":"tag-bordeaux","11":"tag-eu","12":"tag-europe","13":"tag-fr","14":"tag-france","15":"tag-news","16":"tag-nouvelle-aquitaine","17":"tag-republique-francaise"},"share_on_mastodon":{"url":"https:\/\/pubeurope.com\/@fr\/115136582393165270","error":""},"_links":{"self":[{"href":"https:\/\/www.europesays.com\/fr\/wp-json\/wp\/v2\/posts\/361590","targetHints":{"allow":["GET"]}}],"collection":[{"href":"https:\/\/www.europesays.com\/fr\/wp-json\/wp\/v2\/posts"}],"about":[{"href":"https:\/\/www.europesays.com\/fr\/wp-json\/wp\/v2\/types\/post"}],"author":[{"embeddable":true,"href":"https:\/\/www.europesays.com\/fr\/wp-json\/wp\/v2\/users\/2"}],"replies":[{"embeddable":true,"href":"https:\/\/www.europesays.com\/fr\/wp-json\/wp\/v2\/comments?post=361590"}],"version-history":[{"count":0,"href":"https:\/\/www.europesays.com\/fr\/wp-json\/wp\/v2\/posts\/361590\/revisions"}],"wp:featuredmedia":[{"embeddable":true,"href":"https:\/\/www.europesays.com\/fr\/wp-json\/wp\/v2\/media\/361591"}],"wp:attachment":[{"href":"https:\/\/www.europesays.com\/fr\/wp-json\/wp\/v2\/media?parent=361590"}],"wp:term":[{"taxonomy":"category","embeddable":true,"href":"https:\/\/www.europesays.com\/fr\/wp-json\/wp\/v2\/categories?post=361590"},{"taxonomy":"post_tag","embeddable":true,"href":"https:\/\/www.europesays.com\/fr\/wp-json\/wp\/v2\/tags?post=361590"}],"curies":[{"name":"wp","href":"https:\/\/api.w.org\/{rel}","templated":true}]}}