{"id":361592,"date":"2025-09-02T20:26:10","date_gmt":"2025-09-02T20:26:10","guid":{"rendered":"https:\/\/www.europesays.com\/fr\/361592\/"},"modified":"2025-09-02T20:26:10","modified_gmt":"2025-09-02T20:26:10","slug":"ca-donne-le-vertige-le-skippeur-arnaud-boissieres-fait-visiter-son-nouveau-bateau-aux-bordelais","status":"publish","type":"post","link":"https:\/\/www.europesays.com\/fr\/361592\/","title":{"rendered":"\u00ab\u00a0\u00c7a donne le vertige\u00a0!\u00a0\u00bb : le skippeur Arnaud Boissi\u00e8res fait visiter son nouveau bateau aux Bordelais"},"content":{"rendered":"<p>Le skippeur girondin Arnaud Boissi\u00e8res a fait escale \u00e0 Bordeaux cette semaine, et en a profit\u00e9 ce mardi pour pr\u00e9senter son nouvel Imoca aux Bordelais.<\/p>\n<p>Le skippeur arcachonnais Arnaud Boissi\u00e8res \u00e9tait de passage \u00e0 Bordeaux ces lundi et mardi avec\u00a0<a class=\"IciLink ici-link IciArticleLink g-ici-body-regular-1 underline brand svelte-lu7k6w\" href=\"https:\/\/www.francebleu.fr\/sports\/voile\/arnaud-boissieres-a-mis-a-l-eau-son-nouveau-bateau-avec-en-ligne-de-mire-le-vendee-globe-2028-8698188\" rel=\"nofollow noopener\" target=\"_blank\">son nouvel Imoca<\/a>, le 4CAD &#8211; La Mie Caline, qui remplace le bateau avec lequel il a d\u00e9m\u00e2t\u00e9\u00a0<a class=\"IciLink ici-link IciArticleLink g-ici-body-regular-1 underline brand svelte-lu7k6w\" href=\"https:\/\/www.francebleu.fr\/sports\/voile\/vendee-globe-2024-2025-l-arcachonnais-arnaud-boissieres-a-demate-2730964\" rel=\"nofollow noopener\" target=\"_blank\">pendant le dernier Vend\u00e9e Globe<\/a>. Un passage dans sa cit\u00e9 natale pour rencontrer les sponsors et <strong>faire visiter le nouveau bateau au grand public<\/strong> sur le ponton de la Cit\u00e9 du vin.<\/p>\n<p>Et il y a de quoi faire\u00a0: un m\u00e2t de <strong>25 m\u00e8tres de haut<\/strong>, une coque de 18 m\u00e8tres de long et 5 m\u00e8tres de large, l&rsquo;Imoca rachet\u00e9 au skippeur Benjamin Dutreux, tout noir et en carbone, en met plein les mirettes.<\/p>\n<p><img loading=\"lazy\" decoding=\"async\" class=\"VisualPreview svelte-1rldrkz\" src=\"data:image\/jpeg;base64,\/9j\/2wBDACgcHiMeGSgjISMtKygwPGRBPDc3PHtYXUlkkYCZlo+AjIqgtObDoKrarYqMyP\/L2u71\/\/\/\/m8H\/\/\/\/6\/+b9\/\/j\/2wBDASstLTw1PHZBQXb4pYyl+Pj4+Pj4+Pj4+Pj4+Pj4+Pj4+Pj4+Pj4+Pj4+Pj4+Pj4+Pj4+Pj4+Pj4+Pj4+Pj4+Pj\/wAARCAAXACoDASIAAhEBAxEB\/8QAGAAAAwEBAAAAAAAAAAAAAAAAAAECBAP\/xAAZEAEAAwEBAAAAAAAAAAAAAAAAAQITEgP\/xAAUAQEAAAAAAAAAAAAAAAAAAAAA\/8QAFBEBAAAAAAAAAAAAAAAAAAAAAP\/aAAwDAQACEQMRAD8A19F24zdM3B37PRln0LQGzQ9GPQaAmbItYAHObp7AA4ufYAP\/2Q==\" alt=\"Le pont du nouvel Imoca d'Arnaud Boissi\u00e8res.\" width=\"600\" height=\"337\"\/>  Le pont du nouvel Imoca d&rsquo;Arnaud Boissi\u00e8res. \u00a9 Radio France &#8211; Alice Marot\u00a0\u00bbUn beau bordel\u00a0!\u00a0\u00bb<\/p>\n<p>\u00ab\u00a0Il est beau le bateau \u00e0 voile\u00a0\u00bb, articule Ga\u00ebtan, 3 ans, quand il embarque \u00e0 bord du grand bateau tout noir. Beau, et <strong>tr\u00e8s imposant<\/strong>\u00a0: \u00ab\u00a0Quand je pense que pendant le Vend\u00e9e Globe, on en a vu monter sur le m\u00e2t&#8230; \u00c7a me donne le vertige rien que de regarder\u00a0\u00bb, r\u00e9alise une visiteuse sur le pont.<\/p>\n<p>Pour \u00e9viter les vertiges, direction l&rsquo;int\u00e9rieur. Pierre, l&rsquo;\u00e9quipier, fait visiter le cockpit\u00a0: \u00ab\u00a0C&rsquo;est la zone de man\u0153uvre, o\u00f9 le skippeur va passer 60 \u00e0 70% de son temps\u00a0\u00bb, expose-t-il. Sur les \u00e9crans, la <strong>vitesse<\/strong> et la <strong>position<\/strong> du bateau s&rsquo;affichent en temps r\u00e9el.<\/p>\n<p>Agenouill\u00e9 pr\u00e8s des <strong>cordages de toutes les couleurs<\/strong>, Yanis essaie de s&rsquo;y retrouver\u00a0: \u00ab\u00a0C&rsquo;est un beau bordel, sourit le jeune homme, employ\u00e9 au chantier naval voisin. C&rsquo;est impressionnant de voir des bateaux en full carbone, pens\u00e9s pour \u00eatre le plus efficaces possibles pour la comp\u00e9tition.\u00a0\u00bb<\/p>\n<p><img loading=\"lazy\" decoding=\"async\" class=\"VisualPreview svelte-1rldrkz\" src=\"data:image\/jpeg;base64,\/9j\/2wBDACgcHiMeGSgjISMtKygwPGRBPDc3PHtYXUlkkYCZlo+AjIqgtObDoKrarYqMyP\/L2u71\/\/\/\/m8H\/\/\/\/6\/+b9\/\/j\/2wBDASstLTw1PHZBQXb4pYyl+Pj4+Pj4+Pj4+Pj4+Pj4+Pj4+Pj4+Pj4+Pj4+Pj4+Pj4+Pj4+Pj4+Pj4+Pj4+Pj4+Pj\/wAARCAAfACoDASIAAhEBAxEB\/8QAGAAAAwEBAAAAAAAAAAAAAAAAAAECAwT\/xAAXEAEBAQEAAAAAAAAAAAAAAAAAAREC\/8QAFQEBAQAAAAAAAAAAAAAAAAAAAAH\/xAAUEQEAAAAAAAAAAAAAAAAAAAAA\/9oADAMBAAIRAxEAPwDjwYrDwCkacoVAaynrOU9UZwCGgQBArRqQD\/\/Z\" alt=\"Le cockpit, de la m\u00eame couleur que le bateau.\" width=\"600\" height=\"450\"\/>  Le cockpit, de la m\u00eame couleur que le bateau. \u00a9 Radio France &#8211; Alice Marot\u00a0\u00bbC&rsquo;est chouette de renvoyer la balle\u00a0\u00bb<\/p>\n<p>Il faut \u00e0 nouveau descendre pour acc\u00e9der au carr\u00e9, la partie du bateau qui sert de <strong>lieu de d\u00e9tente<\/strong>. On y trouve la cuisine et les couchages. Pendant la visite, le skippeur Arnaud Boissi\u00e8res se repose dans sa couchette, avant de sortir \u00e9changer quelques mots avec les visiteurs.<\/p>\n<p><img loading=\"lazy\" decoding=\"async\" class=\"VisualPreview svelte-1rldrkz\" src=\"data:image\/jpeg;base64,\/9j\/2wBDACgcHiMeGSgjISMtKygwPGRBPDc3PHtYXUlkkYCZlo+AjIqgtObDoKrarYqMyP\/L2u71\/\/\/\/m8H\/\/\/\/6\/+b9\/\/j\/2wBDASstLTw1PHZBQXb4pYyl+Pj4+Pj4+Pj4+Pj4+Pj4+Pj4+Pj4+Pj4+Pj4+Pj4+Pj4+Pj4+Pj4+Pj4+Pj4+Pj4+Pj\/wAARCAAXACoDASIAAhEBAxEB\/8QAGQAAAwEBAQAAAAAAAAAAAAAAAAIDAQQF\/8QAGRABAQEBAQEAAAAAAAAAAAAAAAIBERID\/8QAFQEBAQAAAAAAAAAAAAAAAAAAAAH\/xAAUEQEAAAAAAAAAAAAAAAAAAAAA\/9oADAMBAAIRAxEAPwCN2hWs2y96DeHyWTi0SBZg\/hWYP4B5Po06AotDp+eAIOiMPwAH\/9k=\" alt=\"La cuisine est rudimentaire.\" width=\"600\" height=\"337\"\/>  La cuisine est rudimentaire. \u00a9 Radio France &#8211; Alice Marot<\/p>\n<p>Un moment <strong>privil\u00e9gi\u00e9 et gratuit<\/strong>, que le skippeur appr\u00e9cie. \u00ab\u00a0C&rsquo;est important de montrer qu&rsquo;on a des bateaux de course au large, mais on est capables d&rsquo;aller rencontrer le public\u00a0\u00bb, expose-t-il. Apr\u00e8s deux jours \u00e0 Bordeaux, l&rsquo;\u00e9quipe mettra ce mercredi \u00e0 l&rsquo;aube le cap sur Nantes.<\/p>\n<p>En attendant, le Bordelais de naissance se r\u00e9gale de la <strong>vue directe sur le pont Chaban-Delmas<\/strong> depuis le pont\u00a0: \u00ab\u00a0C&rsquo;est un gros bateau, mais par rapport \u00e0 ce qu&rsquo;est la Garonne, il fait tout petit\u00a0\u00bb, rigole-t-il, heureux d&rsquo;avoir suscit\u00e9 la curiosit\u00e9 des passants et des autres bateaux crois\u00e9s sur le chemin. \u00ab\u00a0\u00c7a intrigue. Moi, quand j&rsquo;\u00e9tais gamin, \u00e7a m&rsquo;intriguait ce genre de bateau, donc c&rsquo;est chouette de renvoyer la balle.\u00a0\u00bb<\/p>\n<p>\u00c0 \u00e9couter aussi   <img decoding=\"async\" src=\"https:\/\/www.europesays.com\/fr\/wp-content\/uploads\/2025\/09\/1756844770_276_560x315\" alt=\"Le monocoque ex-Guyot Environnement rachet\u00e9 par Arnaud Boissi\u00e8res.\" style=\"--_image-preview:url('data:image\/jpeg;base64,\/9j\/2wBDACgcHiMeGSgjISMtKygwPGRBPDc3PHtYXUlkkYCZlo+AjIqgtObDoKrarYqMyP\/L2u71\/\/\/\/m8H\/\/\/\/6\/+b9\/\/j\/2wBDASstLTw1PHZBQXb4pYyl+Pj4+Pj4+Pj4+Pj4+Pj4+Pj4+Pj4+Pj4+Pj4+Pj4+Pj4+Pj4+Pj4+Pj4+Pj4+Pj4+Pj\/wAARCAAXACoDASIAAhEBAxEB\/8QAGAAAAwEBAAAAAAAAAAAAAAAAAAECAwT\/xAAYEAEBAQEBAAAAAAAAAAAAAAAAAQISEf\/EABUBAQEAAAAAAAAAAAAAAAAAAAEC\/8QAFBEBAAAAAAAAAAAAAAAAAAAAAP\/aAAwDAQACEQMRAD8A7rUap2o0Qm0SppekN81fTnmldELTqAJUz0igEF6fQBS\/\/9k=');\" loading=\"lazy\" fetchpriority=\"low\" aria-hidden=\"true\" class=\"svelte-1pnmlwx rounded\" onload=\"this.__e=event\" onerror=\"this.__e=event\"\/><\/p>\n","protected":false},"excerpt":{"rendered":"Le skippeur girondin Arnaud Boissi\u00e8res a fait escale \u00e0 Bordeaux cette semaine, et en a profit\u00e9 ce mardi&hellip;\n","protected":false},"author":2,"featured_media":361593,"comment_status":"","ping_status":"","sticky":false,"template":"","format":"standard","meta":{"footnotes":""},"categories":[2817],"tags":[1111,11,1997,1777,674,1011,27,12,2219,25],"class_list":{"0":"post-361592","1":"post","2":"type-post","3":"status-publish","4":"format-standard","5":"has-post-thumbnail","7":"category-bordeaux","8":"tag-actu","9":"tag-actualites","10":"tag-bordeaux","11":"tag-eu","12":"tag-europe","13":"tag-fr","14":"tag-france","15":"tag-news","16":"tag-nouvelle-aquitaine","17":"tag-republique-francaise"},"share_on_mastodon":{"url":"https:\/\/pubeurope.com\/@fr\/115136586847554460","error":""},"_links":{"self":[{"href":"https:\/\/www.europesays.com\/fr\/wp-json\/wp\/v2\/posts\/361592","targetHints":{"allow":["GET"]}}],"collection":[{"href":"https:\/\/www.europesays.com\/fr\/wp-json\/wp\/v2\/posts"}],"about":[{"href":"https:\/\/www.europesays.com\/fr\/wp-json\/wp\/v2\/types\/post"}],"author":[{"embeddable":true,"href":"https:\/\/www.europesays.com\/fr\/wp-json\/wp\/v2\/users\/2"}],"replies":[{"embeddable":true,"href":"https:\/\/www.europesays.com\/fr\/wp-json\/wp\/v2\/comments?post=361592"}],"version-history":[{"count":0,"href":"https:\/\/www.europesays.com\/fr\/wp-json\/wp\/v2\/posts\/361592\/revisions"}],"wp:featuredmedia":[{"embeddable":true,"href":"https:\/\/www.europesays.com\/fr\/wp-json\/wp\/v2\/media\/361593"}],"wp:attachment":[{"href":"https:\/\/www.europesays.com\/fr\/wp-json\/wp\/v2\/media?parent=361592"}],"wp:term":[{"taxonomy":"category","embeddable":true,"href":"https:\/\/www.europesays.com\/fr\/wp-json\/wp\/v2\/categories?post=361592"},{"taxonomy":"post_tag","embeddable":true,"href":"https:\/\/www.europesays.com\/fr\/wp-json\/wp\/v2\/tags?post=361592"}],"curies":[{"name":"wp","href":"https:\/\/api.w.org\/{rel}","templated":true}]}}