{"id":361594,"date":"2025-09-02T20:27:14","date_gmt":"2025-09-02T20:27:14","guid":{"rendered":"https:\/\/www.europesays.com\/fr\/361594\/"},"modified":"2025-09-02T20:27:14","modified_gmt":"2025-09-02T20:27:14","slug":"voici-5-visites-pour-decouvrir-les-coulisses-de-la-ville-rose","status":"publish","type":"post","link":"https:\/\/www.europesays.com\/fr\/361594\/","title":{"rendered":"voici 5 visites pour d\u00e9couvrir les coulisses de la Ville Rose"},"content":{"rendered":"<p>            Par<br \/>\n        <strong><br \/>\n            <a href=\"https:\/\/actu.fr\/auteur\/enzo-legros\" title=\"Consulter tous les articles de Enzo Legros\" target=\"_blank\" rel=\"noopener\">Enzo Legros<\/a><br \/>\n        <\/strong><\/p>\n<p>        Publi\u00e9 le<\/p>\n<p>            2 sept. 2025 \u00e0 19h14        <\/p>\n<p>Au mois de septembre\u00a02025, les <a href=\"https:\/\/actu.fr\/tag\/journees-europeennes-du-patrimoine\" target=\"_blank\" rel=\"noopener\">Journ\u00e9es europ\u00e9ennes du patrimoine<\/a> vont animer comme chaque ann\u00e9e les lieux historiques de la ville de Toulouse. Pour l\u2019occasion, de tr\u00e8s nombreuses visites sont organis\u00e9es, autour de th\u00e8mes aussi divers qu\u2019approfondis. Le week-end des <strong>20 et 21\u00a0septembre<\/strong>, plusieurs espaces habituellement ferm\u00e9s au public vont m\u00eame s\u2019ouvrir \u00e0 des visiteurs, d\u00e9voilant les coulisses de la Ville Rose. <a href=\"https:\/\/actu.fr\/toulouse\/\" target=\"_blank\" rel=\"noopener\">Actu Toulouse<\/a> vous propose une s\u00e9lection d\u2019id\u00e9es de sorties \u00e0 noter dans l\u2019agenda pour red\u00e9couvrir le patrimoine toulousain.<\/p>\n<p>Les chantiers de la nouvelle ligne de m\u00e9tro<\/p>\n<p class=\" wall-content\">Elle occupe une grande place dans l\u2019actualit\u00e9 depuis des mois, <a href=\"https:\/\/actu.fr\/tag\/ligne-c-du-metro-de-toulouse\" target=\"_blank\" rel=\"noopener\">la ligne C du m\u00e9tro<\/a> en devenir s\u2019ouvre \u00e9galement aux yeux du public, trois ans avant son arriv\u00e9e pr\u00e9vue pour 2028. Plusieurs futures stations accueilleront les plus curieux de <strong>10h \u00e0 17h samedi 20\u00a0septembre<\/strong>, sans r\u00e9servation. Il s\u2019agira de l\u2019<strong>Ormeau<\/strong> (avenue Antoine de Saint-Exup\u00e9ry), <strong>Fran\u00e7ois Verdier<\/strong> (All\u00e9es forain Fran\u00e7ois Verdier) et <strong>Lab\u00e8ge Madron<\/strong> (rue du commerce). L\u2019entr\u00e9e sera gratuite et accessible \u00e0 tous, jusqu\u2019au plus jeune \u00e2ge.<\/p>\n<p>    <img   decoding=\"async\" loading=\"lazy\" src=\"https:\/\/www.europesays.com\/fr\/wp-content\/uploads\/2025\/09\/travaux-metro-ligne-c-toulouse-francois-verdier-960x640.jpg\" alt=\"L'un des secteurs de Toulouse impact\u00e9s par la future ligne C du m\u00e9tro, Fran\u00e7ois-Verdier.\" width=\"960\" height=\"640\"\/><br \/>\n    La future station Fran\u00e7ois-Verdier, le plus gros chantier de la ligne C du m\u00e9tro dans le centre-ville de Toulouse, sera ouverte \u00e0 la visite samedi 20\u00a0septembre. (\u00a9Marie Lamarque \/ Actu Toulouse)<\/p>\n<p class=\" wall-content\">Des agents de <a href=\"https:\/\/actu.fr\/tag\/journees-europeennes-du-patrimoine\" target=\"_blank\" rel=\"noopener\">Tiss\u00e9o<\/a> seront pr\u00e9sents pour r\u00e9pondre aux questions, avec \u00e0 Fran\u00e7ois Verdier un \u00ab\u2009focus <a href=\"https:\/\/actu.fr\/occitanie\/toulouse_31555\/en-images-fouilles-archeologiques-de-la-ligne-c-du-metro-de-toulouse-ce-qui-a-ete-trouve-a-francois-verdier_62275911.html\" target=\"_blank\" rel=\"noopener\">sur les fouilles arch\u00e9ologiques qui ont eu lieu sur site<\/a> et la construction de la future station\u2009\u00bb, tandis que Lab\u00e8ge Madron se concentrera sur sa future station a\u00e9rienne et la construction d\u2019un viaduc et l\u2019Ormeau sur \u00ab\u2009les diff\u00e9rentes \u00e9tapes d\u2019un tunnel\u2009\u00bb.<\/p>\n<p class=\" wall-content\">Une tenue sp\u00e9cifique sera exig\u00e9e\u2009: manches longues, pantalon, chaussures plates et\u00a0ferm\u00e9es.<\/p>\n<p>Voyage \u00e0 bord des vieux autobus de Toulouse<\/p>\n<p class=\" wall-content\">Ce n\u2019est pas un lieu qui ouvre ses portes mais plut\u00f4t un ancien acteur de la vie toulousaine qui rena\u00eet. Samedi\u00a020 et dimanche 21\u00a0septembre, <a href=\"https:\/\/actu.fr\/occitanie\/toulouse_31555\/toulouse-journees-du-patrimoine-un-voyage-a-bord-d-autobus-mythiques_60084384.html\" target=\"_blank\" rel=\"noopener\">deux bus \u00ab\u2009vintages\u2009\u00bb<\/a> seront remis en service, pour un voyage gratuit en ville. Ces bijoux de l\u2019histoire du transport en commun \u00e0 Toulouse ont \u00e9t\u00e9 r\u00e9nov\u00e9s par Tiss\u00e9o et l\u2019Association pour la sauvegarde du patrimoine des transports urbains et inter-urbains Toulousains (ASPTUIT).<\/p>\n<p>    <img   decoding=\"async\" loading=\"lazy\" src=\"https:\/\/www.europesays.com\/fr\/wp-content\/uploads\/2025\/09\/b4ce1881c1d85eec97dcc34378471801-1-960x640.jpg\" alt=\"Deux anciens autobus de Toulouse seront remis en service \u00e0 l'occasion des Journ\u00e9es europ\u00e9ennes du patriomoine.\" width=\"960\" height=\"640\"\/><br \/>\n    Deux anciens autobus de Toulouse seront remis en service \u00e0 l\u2019occasion des Journ\u00e9es europ\u00e9ennes du patrimoine. (\u00a9ASPTUIT)<\/p>\n<p class=\" wall-content\">Ces navettes, typiques de la seconde moiti\u00e9 du XXe\u00a0si\u00e8cle, parcourront l\u2019ancienne circulaire des boulevards autour de l\u2019hypercentre de Toulouse, \u00e0 sept reprises en une journ\u00e9e. Le d\u00e9part aura lieu depuis les all\u00e9es Paul Sabatier et du Grand Rond (pr\u00e9cis\u00e9ment devant la maison du m\u00e9tro), \u00e0 11h, 12h, 14h, 15h, 16h, 17h et 18h. Aucune r\u00e9servation n\u2019est n\u00e9cessaire.<\/p>\n<p>Votre r\u00e9gion, votre actu !<\/p>\n<p>Recevez chaque jour les infos qui comptent pour vous.<\/p>\n<p>\t<a href=\"https:\/\/actu.fr\/newsletter\" class=\"ac-btn ac-btn--corner ac-btn--medium ac-btn--blue800\" target=\"_blank\" rel=\"noopener\">S&rsquo;incrire<\/a><\/p>\n<p>    <a href=\"https:\/\/www.google.com\/maps\/embed?pb=!1m18!1m12!1m3!1d1287.0992589641055!2d1.4522110181240608!3d43.59737569805612!2m3!1f0!2f0!3f0!3m2!1i1024!2i768!4f13.1!3m3!1m2!1s0x12aebc85f27d26df%3A0xdc0fbf247fb288af!2sGrand%20Rond%20dit%20%22Boulingrin%22!5e0!3m2!1sfr!2sfr!4v1756392370184!5m2!1sfr!2sfr\" title=\"Ouvrie le lien\" target=\"_blank\" rel=\"noopener\">Cliquez ici pour visualiser le contenu<\/a><\/p>\n<p class=\" wall-content\">\u00ab\u2009Une belle occasion de remonter le temps et de red\u00e9couvrir l\u2019histoire des transports toulousains \u00e0 bord de v\u00e9hicules mythiques\u2009\u00bb, r\u00e9sume le programme des Journ\u00e9es du patrimoine.<\/p>\n<p>Ouverture des cales de Radoub au Canal du Midi<\/p>\n<p class=\" wall-content\">Les Journ\u00e9es du patrimoine s\u2019inviteront \u00e9videmment au Canal du Midi, appartenant au <a href=\"https:\/\/actu.fr\/occitanie\/toulouse_31555\/toulouse-une-nouvelle-ligne-ouvre-vers-cette-ville-classee-au-patrimoine-mondial-de-l-unesco_63033542.html\" target=\"_blank\" rel=\"noopener\">patrimoine mondial de l\u2019Unesco<\/a>. De 10h \u00e0 18h sur les deux jours, les cales de Radoub seront exceptionnellement ouvertes au public. Il s\u2019agit de quatre bassins construits en 1830, dans lesquels les bateaux viennent, encore aujourd\u2019hui, s\u2019y installer pour \u00eatre r\u00e9nov\u00e9s et entretenus. Ce sont les seules cales encore en activit\u00e9 sur le <a href=\"https:\/\/actu.fr\/tag\/canal-du-midi\" target=\"_blank\" rel=\"noopener\">Canal du Midi<\/a>, ce qui en fait un site historique pour le patrimoine fluvial de la r\u00e9gion.<\/p>\n<p>    <img   decoding=\"async\" loading=\"lazy\" id=\"exifviewer-img-3\" src=\"https:\/\/www.europesays.com\/fr\/wp-content\/uploads\/2025\/09\/20220516-145402-960x640.jpg\" alt=\"Le site des Cales de Radoub accueille d\u00e9sormais la compagnie du B\u00e1tar.\" width=\"960\" height=\"640\"\/><br \/>\n    Le site des Cales de Radoub sera ouvert au public samedi\u00a020 et dimanche 21\u00a0septembre. (\u00a9Maxence Dourlen\/Actu Toulouse)<\/p>\n<p class=\" wall-content\">Des visites comment\u00e9es auront le lieu le samedi avec un zoom pr\u00e9vu sur les m\u00e9tiers des agents de l\u2019administrateur des cales. Le dimanche sera consacr\u00e9 \u00e0 l\u2019\u00e9volution des Cales de Radoub \u00ab\u2009de 1840 \u00e0 nos jours\u2009\u00bb, avec l\u2019animation d\u2019Etienne Roger, historien chercheur. L\u2019accueil aura lieu sans r\u00e9servation au 65 all\u00e9es des Demoiselles.<\/p>\n<p>    <a href=\"https:\/\/www.google.com\/maps\/embed?pb=!1m18!1m12!1m3!1d5779.6584078789665!2d1.4567883774682626!3d43.58927377110525!2m3!1f0!2f0!3f0!3m2!1i1024!2i768!4f13.1!3m3!1m2!1s0x12aebc61bca21b31%3A0x634b68622fd0ada1!2sCale%20de%20Radoub!5e0!3m2!1sfr!2sfr!4v1756392254085!5m2!1sfr!2sfr\" title=\"Ouvrie le lien\" target=\"_blank\" rel=\"noopener\">Cliquez ici pour visualiser le contenu<\/a><\/p>\n<p>Visite de l\u2019embl\u00e9matique Poste Art d\u00e9co<\/p>\n<p class=\" wall-content\">Vieille de presque un si\u00e8cle, la Poste Art d\u00e9co de Saint-Aubin reste un b\u00e2timent embl\u00e9matique de Toulouse. De l\u2019ext\u00e9rieur, ses briques rouges et son architecture attire le regard. Un an apr\u00e8s sa r\u00e9novation, l\u2019\u00e9tablissement appartenant \u00e0 la Poste ouvre ses portes. Les visiteurs d\u00e9couvriront que l\u2019architecture impressionnante se poursuit jusque dans les salles int\u00e9rieures, occup\u00e9es par 300 agents du groupe postal.<\/p>\n<p>    <img   decoding=\"async\" loading=\"lazy\" id=\"exifviewer-img-4\" src=\"https:\/\/www.europesays.com\/fr\/wp-content\/uploads\/2025\/09\/la-poste-saint-aubin-toulouse-960x640.jpg\" alt=\"Depuis octobre 2022, La poste de Saint-Aubin \u00e0 Toulouse fait l'objet d'importants travaux.\" width=\"960\" height=\"640\"\/><br \/>\n    La poste de Saint-Aubin est l\u2019un des b\u00e2timents embl\u00e9matiques de Toulouse. (\u00a9Marie Lamarque \/ Actu Toulouse)<\/p>\n<p class=\" wall-content\">La visite guid\u00e9e des lieux ne sera possible qu\u2019\u00e0 partir de 12\u00a0ans sur r\u00e9servation le <strong>samedi 20\u00a0septembre<\/strong>, le matin, \u00e0 midi ou entre 14h30 et 16h30, gratuitement.<\/p>\n<p>    <a href=\"https:\/\/www.google.com\/maps\/embed?pb=!1m18!1m12!1m3!1d340.8778337180787!2d1.454377466013961!3d43.60279705490526!2m3!1f0!2f0!3f0!3m2!1i1024!2i768!4f13.1!3m3!1m2!1s0x12aebc90eef1a3b9%3A0xc5c864f67f3b4dd7!2sLa%20Poste!5e0!3m2!1sfr!2sfr!4v1756392154840!5m2!1sfr!2sfr\" title=\"Ouvrie le lien\" target=\"_blank\" rel=\"noopener\">Cliquez ici pour visualiser le contenu<\/a><\/p>\n<p class=\" wall-content\">L\u2019inscription s\u2019effectue via un formulaire disponible <a href=\"https:\/\/journeesdupatrimoine.culture.gouv.fr\/w\/377623\/evenement\/18931032\/visite-guidee-dun-batiment-emblematique-de-toulouse-la-poste-art-deco#\/events\/18931032\" target=\"_blank\" rel=\"noopener\">sur le site gouvernemental des Journ\u00e9es du patrimoine<\/a>.<\/p>\n<p>Excursion dans le sous-sol du palais de justice<\/p>\n<p class=\" wall-content\">Derni\u00e8re id\u00e9e de sortie exceptionnelle, la visite des vestiges antiques du Palais de Justice. Plusieurs m\u00e8tres en dessous des pi\u00e8ces du <a href=\"https:\/\/actu.fr\/occitanie\/toulouse_31555\/toulouse-en-plein-tribunal-le-condamne-tente-de-s-echapper-de-la-salle-et-etrangle-une-policiere_63017306.html\" target=\"_blank\" rel=\"noopener\">tribunal de Toulouse<\/a> se cachent des restes rares de l\u2019\u00e9poque romaine en <a href=\"https:\/\/actu.fr\/occitanie\/haute-garonne_31\" target=\"_blank\" rel=\"noopener\">Haute-Garonne<\/a>. L\u2019Office de tourisme du d\u00e9partement assurera une visite de ce sous-sol les derni\u00e8res traces de <strong>l\u2019ancien ch\u00e2teau narbonnais<\/strong>, \u00ab\u2009une structure majeure de l\u2019histoire urbaine de Toulouse\u2009\u00bb selon le minist\u00e8re de la Culture.<\/p>\n<p class=\" wall-content\">La visite se conclut par un tour des <strong>salons historiques de la cour d\u2019appel<\/strong> de Toulouse\u2009: la Grand\u2019Chambre, la salle des Assises, le salon dor\u00e9 et le salon Hercule. L\u00e0 aussi, la r\u00e9servation est obligatoire via le programme en ligne des JEP 2025, mais aussi gratuite.<\/p>\n<p>    <a href=\"https:\/\/www.google.com\/maps\/embed?pb=!1m18!1m12!1m3!1d303.7306511185114!2d1.4445764356956001!3d43.594272092830046!2m3!1f0!2f0!3f0!3m2!1i1024!2i768!4f13.1!3m3!1m2!1s0x12aebc8236ca1ca5%3A0x6096d60a1e4ad3aa!2sCour%20d%27Appel%20de%20Toulouse!5e0!3m2!1sfr!2sfr!4v1756392210755!5m2!1sfr!2sfr\" title=\"Ouvrie le lien\" target=\"_blank\" rel=\"noopener\">Cliquez ici pour visualiser le contenu<\/a><\/p>\n<p>De tr\u00e8s nombreuses autres visites sont \u00e0 d\u00e9couvrir sur <a href=\"http:\/\/journeesdupatrimoine.culture.gouv.fr.\" target=\"_blank\" rel=\"noopener\">journeesdupatrimoine.culture.gouv.fr.<\/a><\/p>\n<p class=\" wall-content\">Personnalisez votre actualit\u00e9 en ajoutant vos villes et m\u00e9dias en favori avec <a href=\"https:\/\/moncompte.actu.fr\" title=\"D\u00e9couvez Mon Actu\" rel=\"nofollow noopener\" data-trk=\"{&quot;cta&quot;:{&quot;action&quot;:&quot;https:\\\/\\\/moncompte.actu.fr&quot;,&quot;category&quot;:&quot;mon compte&quot;,&quot;from&quot;:&quot;article footer&quot;,&quot;name&quot;:&quot;Mon actu&quot;,&quot;type&quot;:&quot;cta&quot;}}\" target=\"_blank\">Mon Actu<\/a>.<\/p>\n","protected":false},"excerpt":{"rendered":"Par Enzo Legros Publi\u00e9 le 2 sept. 2025 \u00e0 19h14 Au mois de septembre\u00a02025, les Journ\u00e9es europ\u00e9ennes du&hellip;\n","protected":false},"author":2,"featured_media":361595,"comment_status":"","ping_status":"","sticky":false,"template":"","format":"standard","meta":{"footnotes":""},"categories":[2816],"tags":[1111,11,1777,674,1011,27,47275,1652,12,2680,25,1341,2312],"class_list":{"0":"post-361594","1":"post","2":"type-post","3":"status-publish","4":"format-standard","5":"has-post-thumbnail","7":"category-toulouse","8":"tag-actu","9":"tag-actualites","10":"tag-eu","11":"tag-europe","12":"tag-fr","13":"tag-france","14":"tag-journees-europeennes-du-patrimoine","15":"tag-loisirs-culture","16":"tag-news","17":"tag-occitanie","18":"tag-republique-francaise","19":"tag-sortir-a-toulouse","20":"tag-toulouse"},"share_on_mastodon":{"url":"https:\/\/pubeurope.com\/@fr\/115136590380425165","error":""},"_links":{"self":[{"href":"https:\/\/www.europesays.com\/fr\/wp-json\/wp\/v2\/posts\/361594","targetHints":{"allow":["GET"]}}],"collection":[{"href":"https:\/\/www.europesays.com\/fr\/wp-json\/wp\/v2\/posts"}],"about":[{"href":"https:\/\/www.europesays.com\/fr\/wp-json\/wp\/v2\/types\/post"}],"author":[{"embeddable":true,"href":"https:\/\/www.europesays.com\/fr\/wp-json\/wp\/v2\/users\/2"}],"replies":[{"embeddable":true,"href":"https:\/\/www.europesays.com\/fr\/wp-json\/wp\/v2\/comments?post=361594"}],"version-history":[{"count":0,"href":"https:\/\/www.europesays.com\/fr\/wp-json\/wp\/v2\/posts\/361594\/revisions"}],"wp:featuredmedia":[{"embeddable":true,"href":"https:\/\/www.europesays.com\/fr\/wp-json\/wp\/v2\/media\/361595"}],"wp:attachment":[{"href":"https:\/\/www.europesays.com\/fr\/wp-json\/wp\/v2\/media?parent=361594"}],"wp:term":[{"taxonomy":"category","embeddable":true,"href":"https:\/\/www.europesays.com\/fr\/wp-json\/wp\/v2\/categories?post=361594"},{"taxonomy":"post_tag","embeddable":true,"href":"https:\/\/www.europesays.com\/fr\/wp-json\/wp\/v2\/tags?post=361594"}],"curies":[{"name":"wp","href":"https:\/\/api.w.org\/{rel}","templated":true}]}}