{"id":361596,"date":"2025-09-02T20:28:17","date_gmt":"2025-09-02T20:28:17","guid":{"rendered":"https:\/\/www.europesays.com\/fr\/361596\/"},"modified":"2025-09-02T20:28:17","modified_gmt":"2025-09-02T20:28:17","slug":"le-plus-grand-salon-auto-moto-vintage-debarque-a-toulouse-ce-week-end-avec-1-700-vehicules","status":"publish","type":"post","link":"https:\/\/www.europesays.com\/fr\/361596\/","title":{"rendered":"Le plus grand salon Auto-Moto vintage d\u00e9barque \u00e0 Toulouse ce week-end avec 1 700 v\u00e9hicules"},"content":{"rendered":"<p data-start=\"593\" data-end=\"903\"><strong data-start=\"593\" data-end=\"694\">Du 5 au 7 septembre 2025, le MEETT de Toulouse se transforme en temple de la nostalgie m\u00e9canique.<\/strong> Le Salon Auto-Moto Classic signe sa 8e \u00e9dition avec une promesse claire\u00a0: trois jours de moteurs qui vrombissent, de chromes \u00e9tincelants et d\u2019\u00e9motions partag\u00e9es entre passionn\u00e9s, curieux et collectionneurs.<\/p>\n<p>&#13;<\/p>\n<p data-start=\"593\" data-end=\"903\"><img loading=\"lazy\" decoding=\"async\" src=\"https:\/\/www.europesays.com\/fr\/wp-content\/uploads\/2025\/09\/salon-auto-moto-classic-vintage-toulouse-4.jpg\" width=\"1900\" height=\"1267\" alt=\"salon-auto-moto-classic-vintage-toulouse\"\/><\/p>\n<p>&#13;<br \/>\n<strong>Un salon XXL aux allures de paradis r\u00e9tro<\/strong>&#13;<\/p>\n<p data-start=\"952\" data-end=\"1292\"><strong data-start=\"952\" data-end=\"1021\">Plus de 1700 v\u00e9hicules seront expos\u00e9s, admir\u00e9s et parfois vendus.<\/strong> Rolls-Royce, Honda S800, Jaguar rac\u00e9es, DS iconiques ou buggys d\u00e9jant\u00e9s\u00a0: l\u2019\u00e9ventail est aussi large qu\u2019impressionnant. Avec 250 exposants, des pi\u00e8ces rares \u00e0 chiner et une vente entre particuliers, ce salon coche toutes les cases des amoureux d\u2019automobiles anciennes.<\/p>\n<p>&#13;<\/p>\n<p data-start=\"952\" data-end=\"1292\"><img loading=\"lazy\" decoding=\"async\" src=\"https:\/\/www.europesays.com\/fr\/wp-content\/uploads\/2025\/09\/salon-auto-moto-classic-vintage-toulouse-3.jpg\" width=\"1900\" height=\"1267\" alt=\"salon-auto-moto-classic-vintage-toulouse\"\/><\/p>\n<p>&#13;<\/p>\n<p data-start=\"1343\" data-end=\"1645\"><strong data-start=\"1343\" data-end=\"1419\">Une expo sp\u00e9ciale mettra \u00e0 l\u2019honneur les circuits mythiques d\u2019Occitanie.<\/strong> Entre l\u00e9gendes du sport automobile et histoires locales, c\u2019est une plong\u00e9e dans l\u2019ADN vrombissant du Sud-Ouest qui attend les visiteurs. De quoi combler autant les mordus de comp\u00e9tition que les amateurs de belles histoires.<\/p>\n<p>&#13;<\/p>\n<p data-start=\"1343\" data-end=\"1645\"><img loading=\"lazy\" decoding=\"async\" src=\"https:\/\/www.europesays.com\/fr\/wp-content\/uploads\/2025\/09\/salon-auto-moto-classic-vintage-toulouse.jpg\" width=\"1900\" height=\"1425\" alt=\"salon-auto-moto-classic-vintage-toulouse\"\/><\/p>\n<p>&#13;<br \/>\n<strong>Une ambiance festive et populaire<\/strong>&#13;<\/p>\n<p data-start=\"1686\" data-end=\"2010\"><strong data-start=\"1686\" data-end=\"1750\">Le Salon ne se limite pas aux moteurs, c\u2019est une vraie f\u00eate.<\/strong> La nocturne du vendredi 5 septembre donnera le ton avec gospel envo\u00fbtant et un show rock &amp; swing d\u00e9coiffant sign\u00e9 TRAC. Les 6 et 7 septembre, place aux American Days\u00a0: plus de 700 voitures US, des concerts et une immersion totale dans l\u2019univers made in USA.<\/p>\n<p>&#13;<\/p>\n<p data-start=\"1686\" data-end=\"2010\"><img loading=\"lazy\" decoding=\"async\" src=\"https:\/\/www.europesays.com\/fr\/wp-content\/uploads\/2025\/09\/salon-auto-moto-classic-vintage-toulouse-2.jpg\" width=\"1900\" height=\"1267\" alt=\"salon-auto-moto-classic-vintage-toulouse\"\/><\/p>\n<p>&#13;<\/p>\n<p data-start=\"2053\" data-end=\"2325\"><strong data-start=\"2053\" data-end=\"2163\">Karting \u00e9lectrique, simulateurs de conduite, circuits radio-command\u00e9s et street food rythmeront la visite.<\/strong> Petits et grands trouveront leur bonheur entre sensations fortes et pauses gourmandes. Le Salon se vit en famille, dans une ambiance conviviale et chaleureuse.<\/p>\n<p>&#13;<br \/>\n<strong>Des invit\u00e9s de prestige au rendez-vous<\/strong>&#13;<\/p>\n<p data-start=\"2371\" data-end=\"2698\"><strong data-start=\"2371\" data-end=\"2458\">Les grandes figures de l\u2019automobile viendront partager leur passion avec le public.<\/strong> Bernard Darniche, multiple champion d\u2019Europe et de France de rallye, sera pr\u00e9sent aux c\u00f4t\u00e9s de Gerry Blyenberg, parrain du salon et animateur star de Wheeler Dealers, et de Sandy Gallant, influenceuse incontournable des Mustang et Dodge.<\/p>\n<p>&#13;<\/p>\n<p data-start=\"2371\" data-end=\"2698\">\n<p>&#13;<br \/>\n&#13;<\/p>\n<p><strong>MEETT \u2013\u00a0Parc des Expositions de Toulouse<\/strong><br \/><strong>Vendredi 5 septembre de 14h \u2013 21h, samedi 6 septembre de 10h \u00e0 19h30 et dimanche 7 septembre de 10h \u00e0 18h30<\/strong><br \/><strong>Tarifs\u00a0: \u00e0 partir de 10,50 \u20ac<br \/><a href=\"https:\/\/billetterie-tev.teamaxess.com\/webshop\/337\/tickets\" rel=\"nofollow noopener noreferrer\" target=\"_blank\">Billetterie<\/a><\/strong><\/p>\n","protected":false},"excerpt":{"rendered":"Du 5 au 7 septembre 2025, le MEETT de Toulouse se transforme en temple de la nostalgie m\u00e9canique.&hellip;\n","protected":false},"author":2,"featured_media":361597,"comment_status":"","ping_status":"","sticky":false,"template":"","format":"standard","meta":{"footnotes":""},"categories":[2816],"tags":[1111,11,1777,674,1011,27,12,2680,25,2312],"class_list":{"0":"post-361596","1":"post","2":"type-post","3":"status-publish","4":"format-standard","5":"has-post-thumbnail","7":"category-toulouse","8":"tag-actu","9":"tag-actualites","10":"tag-eu","11":"tag-europe","12":"tag-fr","13":"tag-france","14":"tag-news","15":"tag-occitanie","16":"tag-republique-francaise","17":"tag-toulouse"},"share_on_mastodon":{"url":"https:\/\/pubeurope.com\/@fr\/115136594675916820","error":""},"_links":{"self":[{"href":"https:\/\/www.europesays.com\/fr\/wp-json\/wp\/v2\/posts\/361596","targetHints":{"allow":["GET"]}}],"collection":[{"href":"https:\/\/www.europesays.com\/fr\/wp-json\/wp\/v2\/posts"}],"about":[{"href":"https:\/\/www.europesays.com\/fr\/wp-json\/wp\/v2\/types\/post"}],"author":[{"embeddable":true,"href":"https:\/\/www.europesays.com\/fr\/wp-json\/wp\/v2\/users\/2"}],"replies":[{"embeddable":true,"href":"https:\/\/www.europesays.com\/fr\/wp-json\/wp\/v2\/comments?post=361596"}],"version-history":[{"count":0,"href":"https:\/\/www.europesays.com\/fr\/wp-json\/wp\/v2\/posts\/361596\/revisions"}],"wp:featuredmedia":[{"embeddable":true,"href":"https:\/\/www.europesays.com\/fr\/wp-json\/wp\/v2\/media\/361597"}],"wp:attachment":[{"href":"https:\/\/www.europesays.com\/fr\/wp-json\/wp\/v2\/media?parent=361596"}],"wp:term":[{"taxonomy":"category","embeddable":true,"href":"https:\/\/www.europesays.com\/fr\/wp-json\/wp\/v2\/categories?post=361596"},{"taxonomy":"post_tag","embeddable":true,"href":"https:\/\/www.europesays.com\/fr\/wp-json\/wp\/v2\/tags?post=361596"}],"curies":[{"name":"wp","href":"https:\/\/api.w.org\/{rel}","templated":true}]}}