{"id":361598,"date":"2025-09-02T20:29:24","date_gmt":"2025-09-02T20:29:24","guid":{"rendered":"https:\/\/www.europesays.com\/fr\/361598\/"},"modified":"2025-09-02T20:29:24","modified_gmt":"2025-09-02T20:29:24","slug":"le-festival-lillarious-dates-2026-et-billetterie","status":"publish","type":"post","link":"https:\/\/www.europesays.com\/fr\/361598\/","title":{"rendered":"Le festival Lillarious : dates 2026 et billetterie"},"content":{"rendered":"<p class=\"intro\">Cr\u00e9\u00e9 en 2018, le <strong>festival Lillarious<\/strong> s\u2019est impos\u00e9 en seulement quelques \u00e9ditions comme un \u00e9v\u00e9nement majeur de la sc\u00e8ne humoristique en France.<\/p>\n<p><img decoding=\"async\" loading=\"lazy\" src=\"https:\/\/www.europesays.com\/fr\/wp-content\/uploads\/2025\/09\/festival-lillarious-2026-tickets_432649_3521553_222x222.jpg\" alt=\"Le festival Lillarious\" class=\"border\"\/><\/p>\n<p>Chaque ann\u00e9e, Lille devient la capitale du rire pendant plusieurs jours, accueillant des <strong>humoristes fran\u00e7ais et internationaux<\/strong>, des <strong>spectacles in\u00e9dits<\/strong> et un <strong>public toujours plus nombreux<\/strong>. V\u00e9ritable c\u00e9l\u00e9bration de l\u2019art comique, le festival s\u00e9duit par sa programmation vari\u00e9e et son atmosph\u00e8re festive.<\/p>\n<p>Un festival enti\u00e8rement d\u00e9di\u00e9 \u00e0 l\u2019humour<\/p>\n<p>Le <strong>festival Lillarious<\/strong> propose une exp\u00e9rience unique o\u00f9 l\u2019humour se d\u00e9cline sous toutes ses formes\u00a0: stand-up, one-man-shows, performances collectives, galas et cr\u00e9ations originales. La richesse de la programmation attire aussi bien les passionn\u00e9s de longue date que les spectateurs curieux de d\u00e9couvrir de nouveaux talents.<\/p>\n<p>Une programmation prestigieuse et \u00e9clectique<\/p>\n<p>Chaque \u00e9dition r\u00e9unit sur sc\u00e8ne <strong>les plus grands humoristes<\/strong> du moment aux c\u00f4t\u00e9s de jeunes talents prometteurs. Au fil des ann\u00e9es, Lillarious a su se d\u00e9marquer en invitant des artistes aux univers vari\u00e9s, allant de l\u2019humour absurde au stand-up engag\u00e9, en passant par l\u2019improvisation ou la com\u00e9die musicale humoristique. Cette diversit\u00e9 fait du festival un lieu de d\u00e9couvertes et de coups de c\u0153ur artistiques.<\/p>\n<p>Le gala d\u2019ouverture\u00a0: un temps fort du festival<\/p>\n<p>\u00c9v\u00e9nement phare de chaque \u00e9dition, le <strong>gala d\u2019ouverture<\/strong> rassemble plusieurs humoristes <a href=\"https:\/\/www.jds.fr\/lille\/salle-de-concert\/le-nouveau-siecle-15043_L\" target=\"_blank\" rel=\"noopener\">sur la sc\u00e8ne du Nouveau Si\u00e8cle \u00e0 Lille<\/a> pour une soir\u00e9e hors du commun. Anim\u00e9 par une personnalit\u00e9 de renom, ce spectacle d\u2019ouverture donne le ton du festival\u00a0: <strong>rire, partage et convivialit\u00e9<\/strong>. C\u2019est un moment incontournable qui attire chaque ann\u00e9e des centaines de spectateurs.<\/p>\n<p>Lille, capitale du rire le temps du festival<\/p>\n<p>En choisissant Lille comme ville h\u00f4te, Lillarious s\u2019inscrit au c\u0153ur d\u2019un territoire dynamique et culturellement riche. Pendant le festival, la m\u00e9tropole lilloise vit au rythme de l\u2019humour, avec une programmation qui s\u2019\u00e9tend parfois dans diff\u00e9rents lieux embl\u00e9matiques de la ville. L\u2019\u00e9v\u00e9nement contribue ainsi \u00e0 renforcer l\u2019attractivit\u00e9 culturelle de Lille et \u00e0 en faire une destination de choix pour les amateurs de spectacles vivants.<\/p>\n<p>Que vous soyez passionn\u00e9 d\u2019humour, amateur de stand-up ou simple curieux, <strong>Lillarious<\/strong> est un rendez-vous \u00e0 ne pas manquer. Lille vous ouvre ses portes pour c\u00e9l\u00e9brer l\u2019art de faire rire, dans une atmosph\u00e8re chaleureuse et festive.<\/p>\n","protected":false},"excerpt":{"rendered":"Cr\u00e9\u00e9 en 2018, le festival Lillarious s\u2019est impos\u00e9 en seulement quelques \u00e9ditions comme un \u00e9v\u00e9nement majeur de la&hellip;\n","protected":false},"author":2,"featured_media":361599,"comment_status":"","ping_status":"","sticky":false,"template":"","format":"standard","meta":{"footnotes":""},"categories":[2815],"tags":[1111,11,1777,674,1011,27,811,1307,12,25],"class_list":{"0":"post-361598","1":"post","2":"type-post","3":"status-publish","4":"format-standard","5":"has-post-thumbnail","7":"category-lille","8":"tag-actu","9":"tag-actualites","10":"tag-eu","11":"tag-europe","12":"tag-fr","13":"tag-france","14":"tag-hauts-de-france","15":"tag-lille","16":"tag-news","17":"tag-republique-francaise"},"share_on_mastodon":{"url":"https:\/\/pubeurope.com\/@fr\/115136598133570429","error":""},"_links":{"self":[{"href":"https:\/\/www.europesays.com\/fr\/wp-json\/wp\/v2\/posts\/361598","targetHints":{"allow":["GET"]}}],"collection":[{"href":"https:\/\/www.europesays.com\/fr\/wp-json\/wp\/v2\/posts"}],"about":[{"href":"https:\/\/www.europesays.com\/fr\/wp-json\/wp\/v2\/types\/post"}],"author":[{"embeddable":true,"href":"https:\/\/www.europesays.com\/fr\/wp-json\/wp\/v2\/users\/2"}],"replies":[{"embeddable":true,"href":"https:\/\/www.europesays.com\/fr\/wp-json\/wp\/v2\/comments?post=361598"}],"version-history":[{"count":0,"href":"https:\/\/www.europesays.com\/fr\/wp-json\/wp\/v2\/posts\/361598\/revisions"}],"wp:featuredmedia":[{"embeddable":true,"href":"https:\/\/www.europesays.com\/fr\/wp-json\/wp\/v2\/media\/361599"}],"wp:attachment":[{"href":"https:\/\/www.europesays.com\/fr\/wp-json\/wp\/v2\/media?parent=361598"}],"wp:term":[{"taxonomy":"category","embeddable":true,"href":"https:\/\/www.europesays.com\/fr\/wp-json\/wp\/v2\/categories?post=361598"},{"taxonomy":"post_tag","embeddable":true,"href":"https:\/\/www.europesays.com\/fr\/wp-json\/wp\/v2\/tags?post=361598"}],"curies":[{"name":"wp","href":"https:\/\/api.w.org\/{rel}","templated":true}]}}