{"id":361600,"date":"2025-09-02T20:30:23","date_gmt":"2025-09-02T20:30:23","guid":{"rendered":"https:\/\/www.europesays.com\/fr\/361600\/"},"modified":"2025-09-02T20:30:23","modified_gmt":"2025-09-02T20:30:23","slug":"transferts-fin-du-feuilleton-rabiot-mbemba-rebondit-a-lille","status":"publish","type":"post","link":"https:\/\/www.europesays.com\/fr\/361600\/","title":{"rendered":"Transferts\u00a0: fin du feuilleton Rabiot, Mbemba rebondit \u00e0 Lille"},"content":{"rendered":"<p>\n                                                Au programme de Radio foot internationale, ce mardi : fin du mercato, l&rsquo;Athletic Bilbao rejoint le Real Madrid en t\u00eate de la Liga, ten Hag remerci\u00e9 et\u00a0sc\u00e8nes de chaos en Leagues Cup&#8230;                    <\/p>\n<p>                                                                <strong>Fin du mercato<\/strong> <\/p>\n<p><strong>Le Losc s&rsquo;offre un demi-dieu !<\/strong>\u00a0Apr\u00e8s une saison sans jouer \u00e0 l&rsquo;OM, Chancel Mbemba vient renforcer la d\u00e9fense lilloise. L&rsquo;exp\u00e9rience et le leadership du Congolais seront utiles aux Nordistes, alors que Lille, qui dispute la Ligue Europa, devra encha\u00eener les matches. Objectif du joueur, retrouver du temps de jeu.<\/p>\n<p><strong>Fin de march\u00e9 fr\u00e9n\u00e9tique sur la Canebi\u00e8re<\/strong>. Pablo Longoria avait \u00e9voqu\u00e9 la \u00ab\u00a0stabilit\u00e9\u00a0\u00bb, mais l&rsquo;\u00e9t\u00e9 de l&rsquo;OM a \u00e9t\u00e9 agit\u00e9\u00a0! Roberto De Zerbi alignera \u2013\u00a0\u00e0 quelques exceptions pr\u00e8s\u00a0\u2013 un 11\u00a0type diff\u00e9rent de la saison derni\u00e8re. Des d\u00e9parts qui entretiennent le flou, des renforts de derni\u00e8re heure (Emerson Palmieri, Pavard, Aguerd, O&rsquo;Riley). Un puzzle \u00e0 assembler pour le coach\u00a0!<\/p>\n<p><strong>Gigio chez les Sky blues<\/strong>\u00a0<strong>!<\/strong> Donnarumma, le portier champion d&rsquo;Europe remplace Ederson dans les cages de City. Trois recrues \u00e0 Paris, mais un important d\u00e9graissage (Skriniar, Soler, Asensio&#8230;) Kolo Muani, de nouveau pr\u00eat\u00e9 (\u00e0 Tottenham), retrouvera les Parisiens en C1 en novembre\u00a0!<\/p>\n<p class=\"a-read-more\">\u00c0 lire aussi<a href=\"https:\/\/www.rfi.fr\/fr\/sports\/20250902-football-dix-transferts-qui-ont-marqu\u00e9-le-mercato-europ\u00e9en\" target=\"_self\" class=\"a-read-more__link\" rel=\"nofollow noopener\">Football : dix transferts qui ont marqu\u00e9 le mercato europ\u00e9en<\/a><\/p>\n<p> <strong>Liga : Simeone et l&rsquo;Atl\u00e9tico dans le dur<\/strong> <\/p>\n<p>Deux points en trois journ\u00e9es, un \u00e9t\u00e9 dispendieux, mais des Colchoneros distanc\u00e9s dans la course au titre. Apr\u00e8s trois journ\u00e9es, les Merengues ont fait le plein de points et sont en t\u00eate avec Bilbao.<\/p>\n<p>Pol\u00e9mique apr\u00e8s Rayo Vallecano-Bar\u00e7a. Penalty siffl\u00e9 par l&rsquo;arbitre et transform\u00e9 par Lamine Yamal, mais la faute n&rsquo;a pas pu \u00eatre supervis\u00e9e, faute de VAR en panne. Y avait-il faute du d\u00e9fenseur des Franjirrojos sur le jeune ailier blaugrana\u00a0?<\/p>\n<p> <strong>Auf Wiedersehen ten Hag\u00a0! <\/strong> <\/p>\n<p>Le technicien n\u00e9erlandais remerci\u00e9 apr\u00e8s trois matches avec Leverkusen\u00a0! Le Werkself n&rsquo;a pas encore gagn\u00e9 en Buli, mais le directeur sportif du club estime que la s\u00e9paration \u00e9tait \u00ab\u00a0n\u00e9cessaire\u00a0\u00bb. Comment expliquer cette \u00e9viction pr\u00e9coce\u00a0?<\/p>\n<p> <strong>Sc\u00e8nes de chaos en Leagues Cup\u00a0!<\/strong> <\/p>\n<p>Une finale perdue par l&rsquo;Inter Miami face aux Seattle Sounders, et une bagarre impliquant notamment Sergio Busquets et Luis Suarez. Un revers qui n&rsquo;est pas pass\u00e9 du c\u00f4t\u00e9 des \u00ab\u00a0Herons\u00a0\u00bb\u00a0?<\/p>\n<p><strong>Avec Annie Gasnier : Carlos Bianchi, Dominique S\u00e9v\u00e9rac et Bruno Constant<\/strong><\/p>\n<p><strong>Technique\/r\u00e9alisation : Laurent Salerno \u2013 David Fintzel\u00a0\/\u00a0Pierre Gu\u00e9rin<\/strong><\/p>\n","protected":false},"excerpt":{"rendered":"Au programme de Radio foot internationale, ce mardi : fin du mercato, l&rsquo;Athletic Bilbao rejoint le Real Madrid&hellip;\n","protected":false},"author":2,"featured_media":361601,"comment_status":"","ping_status":"","sticky":false,"template":"","format":"standard","meta":{"footnotes":""},"categories":[2815],"tags":[1111,11,1777,674,63,1011,27,811,1307,12,48267,25,60],"class_list":{"0":"post-361600","1":"post","2":"type-post","3":"status-publish","4":"format-standard","5":"has-post-thumbnail","7":"category-lille","8":"tag-actu","9":"tag-actualites","10":"tag-eu","11":"tag-europe","12":"tag-football","13":"tag-fr","14":"tag-france","15":"tag-hauts-de-france","16":"tag-lille","17":"tag-news","18":"tag-radio-foot-internationale","19":"tag-republique-francaise","20":"tag-sports"},"share_on_mastodon":{"url":"https:\/\/pubeurope.com\/@fr\/115136602024328854","error":""},"_links":{"self":[{"href":"https:\/\/www.europesays.com\/fr\/wp-json\/wp\/v2\/posts\/361600","targetHints":{"allow":["GET"]}}],"collection":[{"href":"https:\/\/www.europesays.com\/fr\/wp-json\/wp\/v2\/posts"}],"about":[{"href":"https:\/\/www.europesays.com\/fr\/wp-json\/wp\/v2\/types\/post"}],"author":[{"embeddable":true,"href":"https:\/\/www.europesays.com\/fr\/wp-json\/wp\/v2\/users\/2"}],"replies":[{"embeddable":true,"href":"https:\/\/www.europesays.com\/fr\/wp-json\/wp\/v2\/comments?post=361600"}],"version-history":[{"count":0,"href":"https:\/\/www.europesays.com\/fr\/wp-json\/wp\/v2\/posts\/361600\/revisions"}],"wp:featuredmedia":[{"embeddable":true,"href":"https:\/\/www.europesays.com\/fr\/wp-json\/wp\/v2\/media\/361601"}],"wp:attachment":[{"href":"https:\/\/www.europesays.com\/fr\/wp-json\/wp\/v2\/media?parent=361600"}],"wp:term":[{"taxonomy":"category","embeddable":true,"href":"https:\/\/www.europesays.com\/fr\/wp-json\/wp\/v2\/categories?post=361600"},{"taxonomy":"post_tag","embeddable":true,"href":"https:\/\/www.europesays.com\/fr\/wp-json\/wp\/v2\/tags?post=361600"}],"curies":[{"name":"wp","href":"https:\/\/api.w.org\/{rel}","templated":true}]}}