{"id":361603,"date":"2025-09-02T20:32:10","date_gmt":"2025-09-02T20:32:10","guid":{"rendered":"https:\/\/www.europesays.com\/fr\/361603\/"},"modified":"2025-09-02T20:32:10","modified_gmt":"2025-09-02T20:32:10","slug":"inquietudes-securitaires-la-serie-fauda-annule-son-tournage-a-marseille","status":"publish","type":"post","link":"https:\/\/www.europesays.com\/fr\/361603\/","title":{"rendered":"Inqui\u00e9tudes S\u00e9curitaires : La S\u00e9rie Fauda Annule Son Tournage \u00c0 Marseille"},"content":{"rendered":"<p class=\"\" data-is=\"component-paragraph\">La c\u00e9l\u00e8bre s\u00e9rie isra\u00e9lienne Fauda, diffus\u00e9e dans plus de 190 pays, a d\u00e9cid\u00e9 de renoncer \u00e0 tourner sa cinqui\u00e8me saison \u00e0 Marseille. La production, invoquant un climat jug\u00e9 trop dangereux, a pr\u00e9f\u00e9r\u00e9 transf\u00e9rer le tournage \u00e0 Budapest, en Hongrie.<\/p>\n<p><img alt=\"Video poster\" class=\"video-poster\" data-is=\"lazy-image\" data-observed-item-id=\"https:\/\/api.i24news.tv\/fr\/brightcove\/6378209994112\/poster\"\/>Ins\u00e9curit\u00e9 : \u00ab\u00a0Fauda\u00a0\u00bb annule ses tournages \u00e0 Marseille <\/p>\n<p class=\"\" data-is=\"component-paragraph\">En cause : la recrudescence d\u2019actes antis\u00e9mites dans la cit\u00e9 phoc\u00e9enne. Le CRIF Marseille-Provence a d\u00e9nonc\u00e9 une succession d\u2019agressions \u00ab d\u2019une gravit\u00e9 insupportable \u00bb, parmi lesquelles l\u2019attaque d\u2019un homme portant une kippa \u00e0 la gare Saint-Charles, l\u2019agression verbale de l\u2019humoriste Marie Saint-Filtre au Vieux-Port, ou encore l\u2019arrachage de portraits en m\u00e9moire d\u2019Ilan Halimi. Plusieurs fid\u00e8les sortant de la synagogue ont \u00e9galement \u00e9t\u00e9 pris pour cible.<\/p>\n<p class=\"\" data-is=\"component-paragraph\">Bruno Benjamin, ancien pr\u00e9sident du CRIF, a exprim\u00e9 son indignation sur X : \u00ab Quelle honte pour Marseille. L\u2019annulation du tournage de Fauda dans notre ville, pour des raisons de s\u00e9curit\u00e9 li\u00e9es \u00e0 la recrudescence d\u2019actes antis\u00e9mites, est un signal d\u2019alarme. Quand la haine emp\u00eache la culture, l\u2019art et la m\u00e9moire de s\u2019exprimer, c\u2019est toute la soci\u00e9t\u00e9 qui r\u00e9gresse. \u00bb\u00a0Jamais encore Marseille n\u2019avait connu l\u2019annulation d\u2019un tournage international pour des raisons s\u00e9curitaires. Ville traditionnellement pris\u00e9e par les productions \u00e9trang\u00e8res, elle subit ici un revers symbolique et \u00e9conomique. La cinqui\u00e8me saison de Fauda devait int\u00e9grer une touche fran\u00e7aise avec la participation de l\u2019actrice M\u00e9lanie Laurent.<\/p>\n<p class=\"\" data-is=\"component-paragraph\">Pour la production, la priorit\u00e9 reste la \u00ab protection du personnel artistique et technique \u00bb, justifiant ainsi ce choix contraint mais jug\u00e9 indispensable.<\/p>\n","protected":false},"excerpt":{"rendered":"La c\u00e9l\u00e8bre s\u00e9rie isra\u00e9lienne Fauda, diffus\u00e9e dans plus de 190 pays, a d\u00e9cid\u00e9 de renoncer \u00e0 tourner sa&hellip;\n","protected":false},"author":2,"featured_media":361604,"comment_status":"","ping_status":"","sticky":false,"template":"","format":"standard","meta":{"footnotes":""},"categories":[2814],"tags":[1111,11,1777,674,1011,27,884,12,882,25],"class_list":{"0":"post-361603","1":"post","2":"type-post","3":"status-publish","4":"format-standard","5":"has-post-thumbnail","7":"category-marseille","8":"tag-actu","9":"tag-actualites","10":"tag-eu","11":"tag-europe","12":"tag-fr","13":"tag-france","14":"tag-marseille","15":"tag-news","16":"tag-provence-alpes-cote-dazur","17":"tag-republique-francaise"},"share_on_mastodon":{"url":"https:\/\/pubeurope.com\/@fr\/115136609848848307","error":""},"_links":{"self":[{"href":"https:\/\/www.europesays.com\/fr\/wp-json\/wp\/v2\/posts\/361603","targetHints":{"allow":["GET"]}}],"collection":[{"href":"https:\/\/www.europesays.com\/fr\/wp-json\/wp\/v2\/posts"}],"about":[{"href":"https:\/\/www.europesays.com\/fr\/wp-json\/wp\/v2\/types\/post"}],"author":[{"embeddable":true,"href":"https:\/\/www.europesays.com\/fr\/wp-json\/wp\/v2\/users\/2"}],"replies":[{"embeddable":true,"href":"https:\/\/www.europesays.com\/fr\/wp-json\/wp\/v2\/comments?post=361603"}],"version-history":[{"count":0,"href":"https:\/\/www.europesays.com\/fr\/wp-json\/wp\/v2\/posts\/361603\/revisions"}],"wp:featuredmedia":[{"embeddable":true,"href":"https:\/\/www.europesays.com\/fr\/wp-json\/wp\/v2\/media\/361604"}],"wp:attachment":[{"href":"https:\/\/www.europesays.com\/fr\/wp-json\/wp\/v2\/media?parent=361603"}],"wp:term":[{"taxonomy":"category","embeddable":true,"href":"https:\/\/www.europesays.com\/fr\/wp-json\/wp\/v2\/categories?post=361603"},{"taxonomy":"post_tag","embeddable":true,"href":"https:\/\/www.europesays.com\/fr\/wp-json\/wp\/v2\/tags?post=361603"}],"curies":[{"name":"wp","href":"https:\/\/api.w.org\/{rel}","templated":true}]}}