{"id":361607,"date":"2025-09-02T20:34:20","date_gmt":"2025-09-02T20:34:20","guid":{"rendered":"https:\/\/www.europesays.com\/fr\/361607\/"},"modified":"2025-09-02T20:34:20","modified_gmt":"2025-09-02T20:34:20","slug":"200-velos-a-tester-en-plein-coeur-de-lyon","status":"publish","type":"post","link":"https:\/\/www.europesays.com\/fr\/361607\/","title":{"rendered":"200 v\u00e9los \u00e0 tester en plein c\u0153ur de Lyon"},"content":{"rendered":"<p>Le Cargo Bike Festival revient \u00e0 Lyon pour sa 7e \u00e9dition les 27 et 28 septembre prochains. Deux jours pour grimper sur un biporteur, tester un longtail ou comparer un triporteur, le tout gratuitement, en plein c\u0153ur de la place Bellecour. On pensait que la mobilit\u00e9 du futur serait volante ; non, en fait, elle est cargo.<\/p>\n<p>Cargo Bike Festival, un \u00e9v\u00e9nement qui prend de l\u2019ampleur : une 7\u1d49 \u00e9dition en 2025<br \/>\n<img loading=\"lazy\" decoding=\"async\" width=\"2048\" height=\"1151\" src=\"data:image\/gif;base64,R0lGODlhAQABAIAAAAAAAP\/\/\/yH5BAEAAAAALAAAAAABAAEAAAIBRAA7\" data-lazy-type=\"image\" data-lazy-src=\"https:\/\/www.europesays.com\/fr\/wp-content\/uploads\/2025\/09\/weelz-lyon-velo-cargo-bike-festival-09-2024-4989.png\" alt=\"Cargo Bike Festival, un \u00e9v\u00e9nement qui prend de l\u2019ampleur : une 7\u1d49 \u00e9dition en 2025\" class=\"lazy lazy-hidden wp-image-59728\" data-lazy- data-lazy-\/><\/p>\n<p>Cette septi\u00e8me \u00e9dition s\u2019inscrit dans le cadre du Festival du V\u00e9lo de la M\u00e9tropole de Lyon et est soutenue par la Maif et Bontaz. Elle r\u00e9unit un peu tout ce que compte le milieu du v\u00e9lo cargo : constructeurs, distributeurs, startups, institutions, mais aussi simples usagers et familles d\u00e9j\u00e0 converties ou encore en phase d\u2019observation.<\/p>\n<p>8000 visiteurs sont attendus, dont 1000 testeurs. Pour avoir une id\u00e9e de ce que donne ce Cargo Bike Festival \u00e0 Lyon : un retour  sur l&rsquo;\u00e9dition 2024 <a href=\"https:\/\/weelz.ouest-france.fr\/la-zone-de-test-na-pas-desempli-a-lyon-le-cargo-bike-festival-confirme-sa-place-devenement-du-velo-famille\/\" target=\"_blank\" rel=\"noopener\">\u00e0 lire juste l\u00e0<\/a>.<\/p>\n<p>C&rsquo;est quand, c&rsquo;est o\u00f9 ?<\/p>\n<p>Le Cargo Bike Festival, \u00e7a se passera Place Bellecour \u00e0 Lyon, samedi 27 et dimanche 28 septembre 2025. L&rsquo;entr\u00e9e est libre et gratuite ; inscription gratuite \u00e9galement pour les essais. Pour plus d&rsquo;infos, rendez-vous <a href=\"https:\/\/fliz.ly\/VZk67_w\" target=\"_blank\" rel=\"noopener\">sur le site officiel<\/a>.<\/p>\n<p>Tester un v\u00e9lo cargo, pour de vrai<\/p>\n<p><a href=\"https:\/\/www.europesays.com\/fr\/wp-content\/uploads\/2025\/09\/weelz-lyon-velo-cargo-bike-festival-09-2024-4967.png\"><img loading=\"lazy\" decoding=\"async\" width=\"2048\" height=\"1508\" data-id=\"59720\" src=\"data:image\/gif;base64,R0lGODlhAQABAIAAAAAAAP\/\/\/yH5BAEAAAAALAAAAAABAAEAAAIBRAA7\" data-lazy-type=\"image\" data-lazy-src=\"https:\/\/www.europesays.com\/fr\/wp-content\/uploads\/2025\/09\/weelz-lyon-velo-cargo-bike-festival-09-2024-4967.png\" alt=\"\" class=\"lazy lazy-hidden wp-image-59720\" data-lazy- data-lazy-\/><\/a><br \/>\n<a href=\"https:\/\/www.europesays.com\/fr\/wp-content\/uploads\/2025\/09\/weelz-lyon-velo-cargo-bike-festival-09-2024-4959.png\"><img loading=\"lazy\" decoding=\"async\" width=\"2048\" height=\"1439\" data-id=\"59718\" src=\"data:image\/gif;base64,R0lGODlhAQABAIAAAAAAAP\/\/\/yH5BAEAAAAALAAAAAABAAEAAAIBRAA7\" data-lazy-type=\"image\" data-lazy-src=\"https:\/\/www.europesays.com\/fr\/wp-content\/uploads\/2025\/09\/weelz-lyon-velo-cargo-bike-festival-09-2024-4959.png\" alt=\"\" class=\"lazy lazy-hidden wp-image-59718\" data-lazy- data-lazy-\/><\/a><br \/>\n<a href=\"https:\/\/www.europesays.com\/fr\/wp-content\/uploads\/2025\/09\/weelz-lyon-velo-cargo-bike-festival-09-2024-4944.png\"><img loading=\"lazy\" decoding=\"async\" width=\"2048\" height=\"1151\" data-id=\"59714\" src=\"data:image\/gif;base64,R0lGODlhAQABAIAAAAAAAP\/\/\/yH5BAEAAAAALAAAAAABAAEAAAIBRAA7\" data-lazy-type=\"image\" data-lazy-src=\"https:\/\/www.europesays.com\/fr\/wp-content\/uploads\/2025\/09\/weelz-lyon-velo-cargo-bike-festival-09-2024-4944.png\" alt=\"\" class=\"lazy lazy-hidden wp-image-59714\" data-lazy- data-lazy-\/><\/a><br \/>\n<a href=\"https:\/\/www.europesays.com\/fr\/wp-content\/uploads\/2025\/09\/weelz-lyon-velo-cargo-bike-festival-09-2024-4934.png\"><img loading=\"lazy\" decoding=\"async\" width=\"2048\" height=\"1151\" data-id=\"59711\" src=\"data:image\/gif;base64,R0lGODlhAQABAIAAAAAAAP\/\/\/yH5BAEAAAAALAAAAAABAAEAAAIBRAA7\" data-lazy-type=\"image\" data-lazy-src=\"https:\/\/www.europesays.com\/fr\/wp-content\/uploads\/2025\/09\/weelz-lyon-velo-cargo-bike-festival-09-2024-4934.png\" alt=\"\" class=\"lazy lazy-hidden wp-image-59711\" data-lazy- data-lazy-\/><\/a><\/p>\n<p>On ne change pas la recette. Le Cargo Bike Festival mise avant tout sur l\u2019exp\u00e9rimentation. Avec 60 exposants et pr\u00e8s de 200 v\u00e9los cargo \u00e0 l\u2019essai (longtails, biporteurs, triporteurs, mod\u00e8les pour personnes \u00e0 mobilit\u00e9 r\u00e9duite\u2026), il y en a pour tous les usages, tous les budgets, et toutes les tailles de famille. Le tout en version \u00e9lectrique ou musculaire, au choix.<\/p>\n<p>Un circuit de test vous permettra de vous faire une vraie id\u00e9e, guid\u00e9 par les Moniteurs du Cyclisme Fran\u00e7ais, pour ceux qui d\u00e9couvrent la b\u00eate. Que vous soyez en phase de prospection, d\u00e9j\u00e0 \u00e9quip\u00e9 ou juste curieux, tout le monde peut s\u2019y essayer.<\/p>\n<p>Un week-end v\u00e9lo (presque) comme les autres<\/p>\n<p>Si le v\u00e9lo cargo reste la star du week-end, l\u2019\u00e9v\u00e9nement mise aussi sur une ambiance conviviale, avec des animations tout le long du week-end.<\/p>\n<p><a href=\"https:\/\/www.europesays.com\/fr\/wp-content\/uploads\/2025\/09\/weelz-lyon-velo-cargo-bike-festival-09-2024-4982.png\"><img loading=\"lazy\" decoding=\"async\" width=\"2048\" height=\"1246\" src=\"data:image\/gif;base64,R0lGODlhAQABAIAAAAAAAP\/\/\/yH5BAEAAAAALAAAAAABAAEAAAIBRAA7\" data-lazy-type=\"image\" data-lazy-src=\"https:\/\/www.europesays.com\/fr\/wp-content\/uploads\/2025\/09\/weelz-lyon-velo-cargo-bike-festival-09-2024-4982.png\" alt=\"\" class=\"lazy lazy-hidden wp-image-59724\" data-lazy- data-lazy-\/><\/a><\/p>\n<p>Au programme : des food bikes pour se sustenter, une bourse aux v\u00e9los anim\u00e9e par Second Cycle, des shows trial sign\u00e9s Thibaut Marriaux et une Kids Zone pour familiariser les plus jeunes \u00e0 la pratique.<\/p>\n<p>Sans oublier la remise du prix du <a href=\"https:\/\/weelz.ouest-france.fr\/election-du-velo-cargo-de-lannee-2025-et-le-gagnant-est\/\" target=\"_blank\" rel=\"noopener\">v\u00e9lo cargo de l\u2019ann\u00e9e 2025<\/a>, pr\u00e9vue dimanche \u00e0 16h. Une r\u00e9compense toujours tr\u00e8s scrut\u00e9e dans le petit monde des cargo-aficionados. Et bien s\u00fbr, vous retrouverez \u00e9galement la classique parade v\u00e9lo dominicale, histoire de rappeler que la ville appartient (aussi) aux cyclistes.<\/p>\n<p>Entr\u00e9e libre et gratuite ; inscription gratuite pour les essais. Plus d&rsquo;infos, rendez-vous <a href=\"https:\/\/fliz.ly\/VZk67_w\" target=\"_blank\" rel=\"noopener\">sur le site officiel<\/a>.<\/p>\n<p><strong>Vous avez aim\u00e9 cet article ?<\/strong> N&rsquo;h\u00e9sitez-pas \u00e0 <a href=\"https:\/\/weelz.ouest-france.fr\/newsletter-velo\/\" target=\"_blank\" rel=\"noopener\">vous abonner \u00e0 notre newsletter<\/a>. Vous pouvez aussi nous ajouter en favoris directement dans <a href=\"https:\/\/news.google.com\/publications\/CAAqBwgKMJ3Eugswqt_RAw?hl=fr&amp;gl=FR&amp;ceid=FR%3Afr\" rel=\"external noopener\" target=\"_blank\">Google News<\/a> ou encore nous suivre via <a href=\"https:\/\/bit.ly\/weelz-whatsapp\" target=\"_blank\" rel=\"noopener\">notre chaine WhatsApp<\/a>. Une question, une remarque ? <a href=\"https:\/\/weelz.ouest-france.fr\/contacter-weelz\/\" target=\"_blank\" rel=\"noopener\">Contactez-nous<\/a>.<\/p>\n","protected":false},"excerpt":{"rendered":"Le Cargo Bike Festival revient \u00e0 Lyon pour sa 7e \u00e9dition les 27 et 28 septembre prochains. Deux&hellip;\n","protected":false},"author":2,"featured_media":361608,"comment_status":"","ping_status":"","sticky":false,"template":"","format":"standard","meta":{"footnotes":""},"categories":[1889],"tags":[1111,11,2430,1777,674,2087,849,1011,27,2428,12,25,27605],"class_list":{"0":"post-361607","1":"post","2":"type-post","3":"status-publish","4":"format-standard","5":"has-post-thumbnail","7":"category-lyon","8":"tag-actu","9":"tag-actualites","10":"tag-auvergne-rhone-alpes","11":"tag-eu","12":"tag-europe","13":"tag-evenement","14":"tag-festival","15":"tag-fr","16":"tag-france","17":"tag-lyon","18":"tag-news","19":"tag-republique-francaise","20":"tag-velo-cargo"},"share_on_mastodon":{"url":"https:\/\/pubeurope.com\/@fr\/115136617857747775","error":""},"_links":{"self":[{"href":"https:\/\/www.europesays.com\/fr\/wp-json\/wp\/v2\/posts\/361607","targetHints":{"allow":["GET"]}}],"collection":[{"href":"https:\/\/www.europesays.com\/fr\/wp-json\/wp\/v2\/posts"}],"about":[{"href":"https:\/\/www.europesays.com\/fr\/wp-json\/wp\/v2\/types\/post"}],"author":[{"embeddable":true,"href":"https:\/\/www.europesays.com\/fr\/wp-json\/wp\/v2\/users\/2"}],"replies":[{"embeddable":true,"href":"https:\/\/www.europesays.com\/fr\/wp-json\/wp\/v2\/comments?post=361607"}],"version-history":[{"count":0,"href":"https:\/\/www.europesays.com\/fr\/wp-json\/wp\/v2\/posts\/361607\/revisions"}],"wp:featuredmedia":[{"embeddable":true,"href":"https:\/\/www.europesays.com\/fr\/wp-json\/wp\/v2\/media\/361608"}],"wp:attachment":[{"href":"https:\/\/www.europesays.com\/fr\/wp-json\/wp\/v2\/media?parent=361607"}],"wp:term":[{"taxonomy":"category","embeddable":true,"href":"https:\/\/www.europesays.com\/fr\/wp-json\/wp\/v2\/categories?post=361607"},{"taxonomy":"post_tag","embeddable":true,"href":"https:\/\/www.europesays.com\/fr\/wp-json\/wp\/v2\/tags?post=361607"}],"curies":[{"name":"wp","href":"https:\/\/api.w.org\/{rel}","templated":true}]}}