{"id":361609,"date":"2025-09-02T20:35:17","date_gmt":"2025-09-02T20:35:17","guid":{"rendered":"https:\/\/www.europesays.com\/fr\/361609\/"},"modified":"2025-09-02T20:35:17","modified_gmt":"2025-09-02T20:35:17","slug":"depuis-2021-le-nombre-de-blesses-diminue-sur-les-routes-dile-de-france","status":"publish","type":"post","link":"https:\/\/www.europesays.com\/fr\/361609\/","title":{"rendered":"Depuis 2021, le nombre de bless\u00e9s diminue sur les routes d&rsquo;\u00cele-de-France"},"content":{"rendered":"<p><img decoding=\"async\" class=\"\" style=\"width:100%\" src=\"https:\/\/www.europesays.com\/fr\/wp-content\/uploads\/2025\/09\/accidents1756749859430.jpg\" alt=\"Accidents en \u00cele-de-France\"\/><\/p>\n<p>Accidents en \u00cele-de-France<\/p>\n<p>Cr\u00e9dit : Droits r\u00e9serv\u00e9s<\/p>\n<p lang=\"fr-FR\" style=\"margin-bottom: 0cm;\">C&rsquo;est ce que met en relief le bilan 2024 des accidents corporels. Il a \u00e9t\u00e9 \u00e9tabli par la direction r\u00e9gionale de l&rsquo;environnement, de l&rsquo;am\u00e9nagement et des transports (DREAT). S&rsquo;il y avait plus de 20.000 bless\u00e9s en 2021, ce nombre a progressivement diminu\u00e9 pour atteindre plus de 18.700 l&rsquo;an dernier. C&rsquo;est le \u00ab\u00a0plus faible total jamais enregistr\u00e9 si on exclut 2020\u00a0\u00bb, pr\u00e9cise l&rsquo;organisme, pas repr\u00e9sentatif \u00e0 cause du Covid. Autre donn\u00e9e\u00a0: en 2024, les accidents corporels en \u00cele-de-France ont co\u00fbt\u00e9 presque 2,4 milliards d&rsquo;euros.<\/p>\n<p style=\"margin-bottom: 0cm;\">\u00a0<\/p>\n<p lang=\"fr-FR\" style=\"margin-bottom: 0cm;\">Nicolas Chacun <\/p>\n<p>!function(f,b,e,v,n,t,s){if(f.fbq)return;n=f.fbq=function(){n.callMethod?<br \/>\nn.callMethod.apply(n,arguments):n.queue.push(arguments)};if(!f._fbq)f._fbq=n;<br \/>\nn.push=n;n.loaded=!0;n.version=&rsquo;2.0&prime;;n.queue=[];t=b.createElement(e);t.async=!0;<br \/>\nt.src=v;s=b.getElementsByTagName(e)[0];s.parentNode.insertBefore(t,s)}(window,<br \/>\ndocument,&rsquo;script&rsquo;,&rsquo;https:\/\/connect.facebook.net\/en_US\/fbevents.js&rsquo;);<br \/>\nfbq(&lsquo;init&rsquo;, &lsquo;278974969201861&rsquo;); \/\/ Insert your pixel ID here.<br \/>\nfbq(&lsquo;track&rsquo;, &lsquo;PageView&rsquo;);<\/p>\n","protected":false},"excerpt":{"rendered":"Accidents en \u00cele-de-France Cr\u00e9dit : Droits r\u00e9serv\u00e9s C&rsquo;est ce que met en relief le bilan 2024 des accidents&hellip;\n","protected":false},"author":2,"featured_media":361610,"comment_status":"","ping_status":"","sticky":false,"template":"","format":"standard","meta":{"footnotes":""},"categories":[1592],"tags":[1111,11,1933,1936,1777,1939,674,1011,27,662,1934,12,1940,626,1935,25,1937,1941,1938],"class_list":{"0":"post-361609","1":"post","2":"type-post","3":"status-publish","4":"format-standard","5":"has-post-thumbnail","7":"category-ile-de-france","8":"tag-actu","9":"tag-actualites","10":"tag-actualites-locales","11":"tag-essonne","12":"tag-eu","13":"tag-eure-et-loir","14":"tag-europe","15":"tag-fr","16":"tag-france","17":"tag-ile-de-france","18":"tag-infos-locales","19":"tag-news","20":"tag-oise","21":"tag-paris","22":"tag-pres-de-chez-vous","23":"tag-republique-francaise","24":"tag-seine-et-marne","25":"tag-somme","26":"tag-yvelines"},"share_on_mastodon":{"url":"https:\/\/pubeurope.com\/@fr\/115136621971446967","error":""},"_links":{"self":[{"href":"https:\/\/www.europesays.com\/fr\/wp-json\/wp\/v2\/posts\/361609","targetHints":{"allow":["GET"]}}],"collection":[{"href":"https:\/\/www.europesays.com\/fr\/wp-json\/wp\/v2\/posts"}],"about":[{"href":"https:\/\/www.europesays.com\/fr\/wp-json\/wp\/v2\/types\/post"}],"author":[{"embeddable":true,"href":"https:\/\/www.europesays.com\/fr\/wp-json\/wp\/v2\/users\/2"}],"replies":[{"embeddable":true,"href":"https:\/\/www.europesays.com\/fr\/wp-json\/wp\/v2\/comments?post=361609"}],"version-history":[{"count":0,"href":"https:\/\/www.europesays.com\/fr\/wp-json\/wp\/v2\/posts\/361609\/revisions"}],"wp:featuredmedia":[{"embeddable":true,"href":"https:\/\/www.europesays.com\/fr\/wp-json\/wp\/v2\/media\/361610"}],"wp:attachment":[{"href":"https:\/\/www.europesays.com\/fr\/wp-json\/wp\/v2\/media?parent=361609"}],"wp:term":[{"taxonomy":"category","embeddable":true,"href":"https:\/\/www.europesays.com\/fr\/wp-json\/wp\/v2\/categories?post=361609"},{"taxonomy":"post_tag","embeddable":true,"href":"https:\/\/www.europesays.com\/fr\/wp-json\/wp\/v2\/tags?post=361609"}],"curies":[{"name":"wp","href":"https:\/\/api.w.org\/{rel}","templated":true}]}}