{"id":361613,"date":"2025-09-02T20:37:11","date_gmt":"2025-09-02T20:37:11","guid":{"rendered":"https:\/\/www.europesays.com\/fr\/361613\/"},"modified":"2025-09-02T20:37:11","modified_gmt":"2025-09-02T20:37:11","slug":"une-femme-accouche-sur-le-quai-du-rer-le-bebe-gagne-un-passe-navigo-gratuit-jusqua-ses-18-ans","status":"publish","type":"post","link":"https:\/\/www.europesays.com\/fr\/361613\/","title":{"rendered":"une femme accouche sur le quai du RER, le b\u00e9b\u00e9 gagne un passe Navigo gratuit jusqu&rsquo;\u00e0 ses 18 ans"},"content":{"rendered":"<p class=\"article-p mdl\">Une belle somme \u00e9conomis\u00e9e par le nouveau-n\u00e9. Une femme a accouch\u00e9 en plein quai du RER A dans la matin\u00e9e du vendredi 15 ao\u00fbt, \u00e0 la station Ch\u00e2telet, au centre de Paris. Cette sc\u00e8ne peu banale s&rsquo;est d\u00e9roul\u00e9e aux alentours de 9h, devant les yeux des usagers des transports en commun. La m\u00e8re et son enfant ont ensuite \u00e9t\u00e9 transport\u00e9s \u00e0 l&rsquo;h\u00f4pital Necker par les pompiers.\u00a0<\/p>\n<p class=\"article-p mdl\">Comme le veut la tradition pour ce cas d&rsquo;\u00e9v\u00e9nement impr\u00e9vu au sein d&rsquo;un train ou sur le quai, la RATP et IDF Mobilit\u00e9s ont offert un pr\u00e9sent au nouveau-n\u00e9. Ce dernier a droit \u00e0 <strong>un passe Navigo gratuit jusqu&rsquo;\u00e0 ses 18 ans<\/strong>, rapporte\u00a0<a class=\"link\" href=\"https:\/\/www.leparisien.fr\/info-paris-ile-de-france-oise\/transports\/une-femme-accouche-sur-les-quais-du-rer-a-a-chatelet-un-passe-navigo-offert-au-bebe-jusqua-ses-18-ans-01-09-2025-5F2S4MFJGZGDDBW7L5WKPZXPB4.php\" target=\"_blank\" rel=\"noopener\">Le Parisien<\/a>. Le 31 mars 2024, une naissance avait d\u00e9j\u00e0 eu lieu \u00e0 bord d&rsquo;un train de la ligne 5. Le b\u00e9b\u00e9 a b\u00e9n\u00e9fici\u00e9 du m\u00eame cadeau.<\/p>\n<p class=\"article-p mdl\">Pour les parents, la gratuit\u00e9 du passe Navigo jusqu&rsquo;\u00e0 la majorit\u00e9 de l&rsquo;enfant est une v\u00e9ritable aubaine. Cela repr\u00e9sente <strong>une \u00e9conomie de pr\u00e8s de 3.000 euros<\/strong>, en prenant en compte la gratuit\u00e9 des transports pour les moins de quatre ans.<\/p>\n<p>    La r\u00e9daction vous recommande<\/p>\n<p class=\"s-newsletter__title\">\n                L\u2019actualit\u00e9 par la r\u00e9daction de RTL dans votre bo\u00eete mail.\n            <\/p>\n<p class=\"s-newsletter__subtitle\">\n                Gr\u00e2ce \u00e0 votre compte RTL abonnez-vous \u00e0 la newsletter RTL info pour suivre toute l&rsquo;actualit\u00e9 au quotidien\n            <\/p>\n<p>\n                                    Lire la suite\n                                <\/p>\n","protected":false},"excerpt":{"rendered":"Une belle somme \u00e9conomis\u00e9e par le nouveau-n\u00e9. Une femme a accouch\u00e9 en plein quai du RER A dans&hellip;\n","protected":false},"author":2,"featured_media":361614,"comment_status":"","ping_status":"","sticky":false,"template":"","format":"standard","meta":{"footnotes":""},"categories":[1888],"tags":[1111,1928,11,1927,1777,674,107,1011,27,1757,12,1926,626,1925,625,25,800],"class_list":{"0":"post-361613","1":"post","2":"type-post","3":"status-publish","4":"format-standard","5":"has-post-thumbnail","7":"category-paris","8":"tag-actu","9":"tag-actu-paris","10":"tag-actualites","11":"tag-actualites-paris","12":"tag-eu","13":"tag-europe","14":"tag-fil-info","15":"tag-fr","16":"tag-france","17":"tag-insolite","18":"tag-news","19":"tag-news-paris","20":"tag-paris","21":"tag-paris-news","22":"tag-ratp","23":"tag-republique-francaise","24":"tag-transports"},"share_on_mastodon":{"url":"https:\/\/pubeurope.com\/@fr\/115136629542631654","error":""},"_links":{"self":[{"href":"https:\/\/www.europesays.com\/fr\/wp-json\/wp\/v2\/posts\/361613","targetHints":{"allow":["GET"]}}],"collection":[{"href":"https:\/\/www.europesays.com\/fr\/wp-json\/wp\/v2\/posts"}],"about":[{"href":"https:\/\/www.europesays.com\/fr\/wp-json\/wp\/v2\/types\/post"}],"author":[{"embeddable":true,"href":"https:\/\/www.europesays.com\/fr\/wp-json\/wp\/v2\/users\/2"}],"replies":[{"embeddable":true,"href":"https:\/\/www.europesays.com\/fr\/wp-json\/wp\/v2\/comments?post=361613"}],"version-history":[{"count":0,"href":"https:\/\/www.europesays.com\/fr\/wp-json\/wp\/v2\/posts\/361613\/revisions"}],"wp:featuredmedia":[{"embeddable":true,"href":"https:\/\/www.europesays.com\/fr\/wp-json\/wp\/v2\/media\/361614"}],"wp:attachment":[{"href":"https:\/\/www.europesays.com\/fr\/wp-json\/wp\/v2\/media?parent=361613"}],"wp:term":[{"taxonomy":"category","embeddable":true,"href":"https:\/\/www.europesays.com\/fr\/wp-json\/wp\/v2\/categories?post=361613"},{"taxonomy":"post_tag","embeddable":true,"href":"https:\/\/www.europesays.com\/fr\/wp-json\/wp\/v2\/tags?post=361613"}],"curies":[{"name":"wp","href":"https:\/\/api.w.org\/{rel}","templated":true}]}}