{"id":361617,"date":"2025-09-02T20:39:10","date_gmt":"2025-09-02T20:39:10","guid":{"rendered":"https:\/\/www.europesays.com\/fr\/361617\/"},"modified":"2025-09-02T20:39:10","modified_gmt":"2025-09-02T20:39:10","slug":"legislative-partielle-a-paris-lex-ministre-frederique-bredin-se-lance-contre-michel-barnier-symbole-de-lechec-gouvernemental","status":"publish","type":"post","link":"https:\/\/www.europesays.com\/fr\/361617\/","title":{"rendered":"L\u00e9gislative partielle \u00e0 Paris\u00a0: l\u2019ex-ministre Fr\u00e9d\u00e9rique Bredin se lance contre Michel Barnier, \u00ab\u00a0symbole de l\u2019\u00e9chec gouvernemental\u00a0\u00bb"},"content":{"rendered":"<p class=\"paragraph text_align_left lp-f-body-02\">Devant des dizaines de soutiens r\u00e9unis dans un caf\u00e9 du Ve arrondissement ce mardi soir, Fr\u00e9d\u00e9rique Bredin le reconna\u00eet volontiers. La campagne \u00e9clair que la socialiste engage pour la l\u00e9gislative partielle de la deuxi\u00e8me circonscription parisienne, \u00e0 cheval sur les Ve, VIe et VIIe arrondissements et historiquement ancr\u00e9e \u00e0 droite, sera \u00ab un exercice difficile \u00bb. D\u2019autant qu\u2019elle n\u2019a que trois semaines pour convaincre, le scrutin ayant \u00e9t\u00e9 programm\u00e9 les 21 et 28 septembre.<\/p>\n","protected":false},"excerpt":{"rendered":"Devant des dizaines de soutiens r\u00e9unis dans un caf\u00e9 du Ve arrondissement ce mardi soir, Fr\u00e9d\u00e9rique Bredin le&hellip;\n","protected":false},"author":2,"featured_media":361618,"comment_status":"","ping_status":"","sticky":false,"template":"","format":"standard","meta":{"footnotes":""},"categories":[1888],"tags":[11,1777,674,1011,27,12,626,316,25],"class_list":{"0":"post-361617","1":"post","2":"type-post","3":"status-publish","4":"format-standard","5":"has-post-thumbnail","7":"category-paris","8":"tag-actualites","9":"tag-eu","10":"tag-europe","11":"tag-fr","12":"tag-france","13":"tag-news","14":"tag-paris","15":"tag-politique","16":"tag-republique-francaise"},"share_on_mastodon":{"url":"https:\/\/pubeurope.com\/@fr\/115136637562843789","error":""},"_links":{"self":[{"href":"https:\/\/www.europesays.com\/fr\/wp-json\/wp\/v2\/posts\/361617","targetHints":{"allow":["GET"]}}],"collection":[{"href":"https:\/\/www.europesays.com\/fr\/wp-json\/wp\/v2\/posts"}],"about":[{"href":"https:\/\/www.europesays.com\/fr\/wp-json\/wp\/v2\/types\/post"}],"author":[{"embeddable":true,"href":"https:\/\/www.europesays.com\/fr\/wp-json\/wp\/v2\/users\/2"}],"replies":[{"embeddable":true,"href":"https:\/\/www.europesays.com\/fr\/wp-json\/wp\/v2\/comments?post=361617"}],"version-history":[{"count":0,"href":"https:\/\/www.europesays.com\/fr\/wp-json\/wp\/v2\/posts\/361617\/revisions"}],"wp:featuredmedia":[{"embeddable":true,"href":"https:\/\/www.europesays.com\/fr\/wp-json\/wp\/v2\/media\/361618"}],"wp:attachment":[{"href":"https:\/\/www.europesays.com\/fr\/wp-json\/wp\/v2\/media?parent=361617"}],"wp:term":[{"taxonomy":"category","embeddable":true,"href":"https:\/\/www.europesays.com\/fr\/wp-json\/wp\/v2\/categories?post=361617"},{"taxonomy":"post_tag","embeddable":true,"href":"https:\/\/www.europesays.com\/fr\/wp-json\/wp\/v2\/tags?post=361617"}],"curies":[{"name":"wp","href":"https:\/\/api.w.org\/{rel}","templated":true}]}}