{"id":361619,"date":"2025-09-02T20:40:20","date_gmt":"2025-09-02T20:40:20","guid":{"rendered":"https:\/\/www.europesays.com\/fr\/361619\/"},"modified":"2025-09-02T20:40:20","modified_gmt":"2025-09-02T20:40:20","slug":"en-images-dans-un-palais-survolte-les-vikings-de-caen-se-battent-jusquau-bout-face-au-paris-sg","status":"publish","type":"post","link":"https:\/\/www.europesays.com\/fr\/361619\/","title":{"rendered":"EN IMAGES. Dans un Palais survolt\u00e9, les Vikings de Caen se battent jusqu&rsquo;au bout face au Paris SG"},"content":{"rendered":"<p>            Par<br \/>\n        <strong><br \/>\n            <a href=\"https:\/\/actu.fr\/auteur\/alexandre-gourlaouen\" title=\"Consulter tous les articles de Alexandre Gourlaouen\" target=\"_blank\" rel=\"noopener\">Alexandre Gourlaouen<\/a><br \/>\n        <\/strong><\/p>\n<p>        Publi\u00e9 le<\/p>\n<p>            2 sept. 2025 \u00e0 22h18        <\/p>\n<p>Les Vikings du <a href=\"https:\/\/actu.fr\/tag\/caen-hand-ball\" target=\"_blank\" rel=\"noopener\">Caen Handball<\/a> <b>faisaient leur rentr\u00e9e<\/b> ce mardi 2 septembre 2025 avec une affiche de gala disput\u00e9e devant leur public. Les hommes de S\u00e9bastien Quintallet recevaient au Palais des Sports Caen la mer le Paris Saint-Germain, <b>onze fois champion de France en titre<\/b>, dans le cadre des 16\u00e8mes de finale de la Coupe de France. Face \u00e0 un ovni du handball fran\u00e7ais, et malgr\u00e9 le score final (31-43), les Vikings ont <b>offert une belle f\u00eate \u00e0 leur public.<\/b><\/p>\n<p class=\" wall-content\">\n<p>La rencontre en images<br \/>\n    <img   decoding=\"async\" loading=\"lazy\" class=\"size-large\" src=\"https:\/\/www.europesays.com\/fr\/wp-content\/uploads\/2025\/09\/dc340d2a37b8601440d2a37b8e4440v-960x640.jpeg\" alt=\"Il a fallu seulement huit minutes pour que toutes les places grand public en vente disparaissent.\" width=\"960\" height=\"640\"\/><br \/>\n    Il a fallu seulement huit minutes pour que toutes les places grand public en vente disparaissent. \u00a9Romain BOUILLON<br \/>\n    <img   decoding=\"async\" loading=\"lazy\" class=\"size-large\" src=\"https:\/\/www.europesays.com\/fr\/wp-content\/uploads\/2025\/09\/d585957a37b86f985957a37b8ed859v-960x640.jpeg\" alt=\"Avant de rejoindre leur place, les spectateurs se procurent de quoi se restaurer.\" width=\"960\" height=\"640\"\/><br \/>\n    Avant de rejoindre leur place, les spectateurs se procurent de quoi se restaurer. \u00a9Romain BOUILLON<br \/>\n    <img   decoding=\"async\" loading=\"lazy\" class=\"size-large\" src=\"https:\/\/www.europesays.com\/fr\/wp-content\/uploads\/2025\/09\/e59443ba37b86f99443ba37b8dd944v-960x640.jpeg\" alt=\"D'un c\u00f4t\u00e9, les Vikings du Caen HB sur leur terrain avec leur public. De l'autre, le Pais SG, onze fois champion de France en titre.\" width=\"960\" height=\"640\"\/><br \/>\n    D\u2019un c\u00f4t\u00e9, les Vikings du Caen HB sur leur terrain avec leur public. De l\u2019autre, le Pais SG, onze fois champion de France en titre. \u00a9Romain BOUILLON<br \/>\n    <img   decoding=\"async\" loading=\"lazy\" class=\"size-large\" src=\"https:\/\/www.europesays.com\/fr\/wp-content\/uploads\/2025\/09\/2e65c2fa37b863275c2fa37b82675cv-960x640.jpeg\" alt=\"Les joueurs parisiens s'\u00e9chauffent dans un Palais des Sports encore calme.\" width=\"960\" height=\"640\"\/><br \/>\n    Les joueurs parisiens s\u2019\u00e9chauffent dans un Palais des Sports encore calme. \u00a9Romain BOUILLON<br \/>\n    <img   decoding=\"async\" loading=\"lazy\" class=\"size-large\" src=\"https:\/\/www.europesays.com\/fr\/wp-content\/uploads\/2025\/09\/060dd75b37b863a0dd75b37b80e0ddv-960x640.jpeg\" alt=\"L'entra\u00eeneur du Caen HB S\u00e9bastien Quintallet observe ses joueurs \u00e0 l'\u00e9chauffement avant le coup d'envoi de la rencontre.\" width=\"960\" height=\"640\"\/><br \/>\n    L\u2019entra\u00eeneur du Caen HB S\u00e9bastien Quintallet observe ses joueurs \u00e0 l\u2019\u00e9chauffement avant le coup d\u2019envoi de la rencontre. \u00a9Romain BOUILLON<br \/>\n    <img   decoding=\"async\" loading=\"lazy\" class=\"size-large\" src=\"https:\/\/www.europesays.com\/fr\/wp-content\/uploads\/2025\/09\/e028d59b37b861528d59b37b8f828dv-960x640.jpeg\" alt=\"Avant le coup d'envoi de ce match de gala, les jeunes de la Vikings Academy ont \u00e9t\u00e9 pr\u00e9sent\u00e9s au public caennais.\" width=\"960\" height=\"640\"\/><br \/>\n    Avant le coup d\u2019envoi de ce match de gala, les jeunes de la Vikings Academy ont \u00e9t\u00e9 pr\u00e9sent\u00e9s au public caennais. \u00a9Romain BOUILLON<br \/>\n    <img   decoding=\"async\" loading=\"lazy\" class=\"size-large\" src=\"https:\/\/www.europesays.com\/fr\/wp-content\/uploads\/2025\/09\/1aba63db37b861eba63db37b8e1ca6v-960x640.jpeg\" alt=\"Les Vikings s'encouragent et se motivent une derni\u00e8re fois avant d'entrer sur le terrain.\" width=\"960\" height=\"640\"\/><br \/>\n    Les Vikings s\u2019encouragent et se motivent une derni\u00e8re fois avant d\u2019entrer sur le terrain. \u00a9Romain BOUILLON<\/p>\n<p>Votre r\u00e9gion, votre actu !<\/p>\n<p>Recevez chaque jour les infos qui comptent pour vous.<\/p>\n<p>\t<a href=\"https:\/\/actu.fr\/newsletter\" class=\"ac-btn ac-btn--corner ac-btn--medium ac-btn--blue800\" target=\"_blank\" rel=\"noopener\">S&rsquo;incrire<\/a><\/p>\n<p class=\" wall-content\">D\u00e8s le d\u00e9but de la rencontre, le constat est clair. Les Parisiens <b>jouent plus vite et avec moins de d\u00e9chet.<\/b> Mais les Vikings ont le m\u00e9rite de ne rien l\u00e2cher et de se battre avec leurs armes <b>pour s\u2019accrocher pendant un temps<\/b> \u00e0 leur adversaire (5-7,7\u2032).<\/p>\n<p>    <img   decoding=\"async\" loading=\"lazy\" class=\"size-large\" src=\"https:\/\/www.europesays.com\/fr\/wp-content\/uploads\/2025\/09\/7c9dab3c37b8660adab3c37b834adav-960x640.jpeg\" alt=\"Loin d'\u00eatre ridicules, les Vikings du Caen HB r\u00e9sistent \u00e0 leur adversaire en d\u00e9but de match.\" width=\"960\" height=\"640\"\/><br \/>\n    Loin d\u2019\u00eatre ridicules, les Vikings du Caen HB r\u00e9sistent \u00e0 leur adversaire en d\u00e9but de match. \u00a9Romain BOUILLON<br \/>\n    <img   decoding=\"async\" loading=\"lazy\" class=\"size-large\" src=\"https:\/\/www.europesays.com\/fr\/wp-content\/uploads\/2025\/09\/07153b8e37b86fa153b8e37b8de153v-960x640.jpeg\" alt=\"Tout juste arriv\u00e9 au club, Hanser Rodriguez c\u00e9l\u00e8bre un but devant son nouveau public.\" width=\"960\" height=\"640\"\/><br \/>\n    Tout juste arriv\u00e9 au club, Hanser Rodriguez c\u00e9l\u00e8bre un but devant son nouveau public. \u00a9Romain BOUILLON<\/p>\n<p class=\" wall-content\">Mais <b>la sup\u00e9riorit\u00e9 physique et technique des Parisiens<\/b> se fait rapidement sentir. Les visiteurs ratent tr\u00e8s peu de leurs tentatives et le score est large \u00e0 la pause (15-26).<\/p>\n<p>    <img   decoding=\"async\" loading=\"lazy\" class=\"size-large\" src=\"https:\/\/www.europesays.com\/fr\/wp-content\/uploads\/2025\/09\/9d82957a47b86e192957a47b8d6929v-960x640.jpeg\" alt=\"Les duels sont acharn\u00e9s et les Vikings de Caen ne l\u00e2chent rien.\" width=\"960\" height=\"640\"\/><br \/>\n    Les duels sont acharn\u00e9s et les Vikings de Caen ne l\u00e2chent rien. \u00a9Romain BOUILLON<br \/>\n    <img   decoding=\"async\" loading=\"lazy\" class=\"size-large\" src=\"https:\/\/www.europesays.com\/fr\/wp-content\/uploads\/2025\/09\/94d5683b47b8639d5683b47b86dd56v-960x640.jpeg\" alt=\"Les Vikings arrivent tout de m\u00eame \u00e0 trouver des ouvertures comme ici avec Yannis Mancelle.\" width=\"960\" height=\"640\"\/><br \/>\n    Les Vikings arrivent tout de m\u00eame \u00e0 trouver des ouvertures comme ici avec Yannis Mancelle. \u00a9Romain BOUILLON<br \/>\n    <img   decoding=\"async\" loading=\"lazy\" class=\"size-large\" src=\"https:\/\/www.europesays.com\/fr\/wp-content\/uploads\/2025\/09\/c33b6dab47b86d73b6dab47b8cb3b6v-960x640.jpeg\" alt=\"Yassine Ben Salem tente de s'infiltrer dans la d\u00e9fense du Paris SG.\" width=\"960\" height=\"640\"\/><br \/>\n    Yassine Ben Salem tente de s\u2019infiltrer dans la d\u00e9fense du Paris SG. \u00a9Romain BOUILLON<\/p>\n<p class=\" wall-content\">Au retour des vestiaires, les Vikings r\u00e9ussissent \u00e0 r\u00e9duire un peu l\u2019\u00e9cart. Enzo Druguet<b> r\u00e9alise quelques arr\u00eats<\/b>, offrant \u00e0 ses co\u00e9quipiers des opportunit\u00e9s en attaque (26-34).<\/p>\n<p>    <img   decoding=\"async\" loading=\"lazy\" class=\"size-large\" src=\"https:\/\/www.europesays.com\/fr\/wp-content\/uploads\/2025\/09\/863776cc47b869a3776cc47b86e377v-960x640.jpeg\" alt=\"Ce n'est pas tous les joueurs que des joueurs comme Luka Karabatic \u00e9voluent au Palais des Sports Caen la Mer.\" width=\"960\" height=\"640\"\/><br \/>\n    Ce n\u2019est pas tous les joueurs que des joueurs comme Luka Karabatic \u00e9voluent au Palais des Sports Caen la Mer. \u00a9Romain BOUILLON<br \/>\n    <img   decoding=\"async\" loading=\"lazy\" class=\"size-large\" src=\"https:\/\/www.europesays.com\/fr\/wp-content\/uploads\/2025\/09\/5044b99d47b868444b99d47b85844bv-960x640.jpeg\" alt=\"Malgr\u00e9 tous leurs efforts, Mathieu Cornette et les Vikings ne peuvent revenir au score.\" width=\"960\" height=\"640\"\/><br \/>\n    Malgr\u00e9 tous leurs efforts, Mathieu Cornette et les Vikings ne peuvent revenir au score. \u00a9Romain BOUILLON<\/p>\n<p class=\" wall-content\">Si le score final reste largement en faveur du Paris Saint-Germain, les Vikings <b>se seront battus jusqu\u2019au bout<\/b> pour offrir quelques belles s\u00e9quences \u00e0 leurs supporters qui auront, eux aussi, donner de la voix jusqu\u2019au buzzer (31-43).<\/p>\n<p class=\" wall-content\">\n<p class=\" wall-content\"><b>Place d\u00e9sormais \u00e0 la Proligue<\/b>, d\u00e8s samedi 6 septembre, et la r\u00e9ception de Saran. Les Vikings seront imm\u00e9diatement dans le grand bain.<\/p>\n<p class=\" wall-content\">Personnalisez votre actualit\u00e9 en ajoutant vos villes et m\u00e9dias en favori avec <a href=\"https:\/\/moncompte.actu.fr\" title=\"D\u00e9couvez Mon Actu\" rel=\"nofollow noopener\" data-trk=\"{&quot;cta&quot;:{&quot;action&quot;:&quot;https:\\\/\\\/moncompte.actu.fr&quot;,&quot;category&quot;:&quot;mon compte&quot;,&quot;from&quot;:&quot;article footer&quot;,&quot;name&quot;:&quot;Mon actu&quot;,&quot;type&quot;:&quot;cta&quot;}}\" target=\"_blank\">Mon Actu<\/a>.<\/p>\n","protected":false},"excerpt":{"rendered":"Par Alexandre Gourlaouen Publi\u00e9 le 2 sept. 2025 \u00e0 22h18 Les Vikings du Caen Handball faisaient leur rentr\u00e9e&hellip;\n","protected":false},"author":2,"featured_media":361620,"comment_status":"","ping_status":"","sticky":false,"template":"","format":"standard","meta":{"footnotes":""},"categories":[1888],"tags":[11,7384,1777,674,1011,27,1792,12,42332,626,25,1745,60],"class_list":{"0":"post-361619","1":"post","2":"type-post","3":"status-publish","4":"format-standard","5":"has-post-thumbnail","7":"category-paris","8":"tag-actualites","9":"tag-caen-hand-ball","10":"tag-eu","11":"tag-europe","12":"tag-fr","13":"tag-france","14":"tag-handball","15":"tag-news","16":"tag-palais-des-sports-de-caen","17":"tag-paris","18":"tag-republique-francaise","19":"tag-sport-caen","20":"tag-sports"},"share_on_mastodon":{"url":"https:\/\/pubeurope.com\/@fr\/115136641852966672","error":""},"_links":{"self":[{"href":"https:\/\/www.europesays.com\/fr\/wp-json\/wp\/v2\/posts\/361619","targetHints":{"allow":["GET"]}}],"collection":[{"href":"https:\/\/www.europesays.com\/fr\/wp-json\/wp\/v2\/posts"}],"about":[{"href":"https:\/\/www.europesays.com\/fr\/wp-json\/wp\/v2\/types\/post"}],"author":[{"embeddable":true,"href":"https:\/\/www.europesays.com\/fr\/wp-json\/wp\/v2\/users\/2"}],"replies":[{"embeddable":true,"href":"https:\/\/www.europesays.com\/fr\/wp-json\/wp\/v2\/comments?post=361619"}],"version-history":[{"count":0,"href":"https:\/\/www.europesays.com\/fr\/wp-json\/wp\/v2\/posts\/361619\/revisions"}],"wp:featuredmedia":[{"embeddable":true,"href":"https:\/\/www.europesays.com\/fr\/wp-json\/wp\/v2\/media\/361620"}],"wp:attachment":[{"href":"https:\/\/www.europesays.com\/fr\/wp-json\/wp\/v2\/media?parent=361619"}],"wp:term":[{"taxonomy":"category","embeddable":true,"href":"https:\/\/www.europesays.com\/fr\/wp-json\/wp\/v2\/categories?post=361619"},{"taxonomy":"post_tag","embeddable":true,"href":"https:\/\/www.europesays.com\/fr\/wp-json\/wp\/v2\/tags?post=361619"}],"curies":[{"name":"wp","href":"https:\/\/api.w.org\/{rel}","templated":true}]}}