{"id":361621,"date":"2025-09-02T20:41:16","date_gmt":"2025-09-02T20:41:16","guid":{"rendered":"https:\/\/www.europesays.com\/fr\/361621\/"},"modified":"2025-09-02T20:41:16","modified_gmt":"2025-09-02T20:41:16","slug":"direct-guerre-en-ukraine-donald-trump-se-dit-tres-decu-par-vladimir-poutine-des-milliers-de-personnes-meurent-chaque-jour","status":"publish","type":"post","link":"https:\/\/www.europesays.com\/fr\/361621\/","title":{"rendered":"DIRECT. Guerre en Ukraine\u00a0: Donald Trump se dit \u00ab\u00a0tr\u00e8s d\u00e9\u00e7u\u00a0\u00bb par Vladimir Poutine, \u00ab\u00a0des milliers de personnes meurent chaque jour\u00a0\u00bb"},"content":{"rendered":"<p>20h45.Donald Trump se dit \u00ab\u00a0tr\u00e8s d\u00e9\u00e7u\u00a0\u00bb par Poutine\u00a0<\/p>\n<p class=\"live-post__amorce\">Le pr\u00e9sident am\u00e9ricain Donald Trump s&rsquo;est d\u00e9clar\u00e9 mardi \u00ab\u00a0tr\u00e8s d\u00e9\u00e7u\u00a0\u00bb par son homologue russe Vladimir Poutine, apr\u00e8s que leur rencontre en Alaska n&rsquo;a abouti \u00e0 aucun progr\u00e8s substantiel sur une issue \u00e0 la guerre en Ukraine. \u00ab\u00a0Nous avions une super relation\u00a0\u00bb, a d\u00e9clar\u00e9 Donald Trump lors d&rsquo;une interview \u00e0 la radio avec le pr\u00e9sentateur Scott Jennings, et d&rsquo;ajouter: \u00ab\u00a0Je suis tr\u00e8s d\u00e9\u00e7u par le pr\u00e9sident Poutine. (&#8230;) Des milliers de personnes meurent, c&rsquo;est une guerre qui n&rsquo;a aucun sens.\u00a0\u00bb<\/p>\n<p>13h15.D\u00e9put\u00e9 tu\u00e9 en Ukraine : le suspect passe aux aveux, nie tout lien avec Moscou<\/p>\n<p class=\"live-post__amorce\">L&rsquo;Ukrainien suspect\u00e9 d&rsquo;avoir assassin\u00e9 samedi le d\u00e9put\u00e9 et ex-pr\u00e9sident du Parlement Andri\u00ef Paroubiy a reconnu le meurtre mais a ni\u00e9 tout lien avec la Russie et a invoqu\u00e9 une \u00ab\u00a0vengeance personnelle\u00a0\u00bb, selon des vid\u00e9os publi\u00e9es par des m\u00e9dias ukrainiens. \u00ab\u00a0Oui, j&rsquo;admets que je l&rsquo;ai tu\u00e9\u00a0\u00bb, a d\u00e9clar\u00e9 cet homme depuis la salle de tribunal, niant toute collaboration avec Moscou, contrairement \u00e0 ce qu&rsquo;affirmaient certains m\u00e9dias, et assurant qu&rsquo;il s&rsquo;agissait d&rsquo;une \u00ab\u00a0vengeance personnelle sur les autorit\u00e9s ukrainiennes\u00a0\u00bb apr\u00e8s la mort de son fils sur le front.<\/p>\n<p>12h35.La r\u00e9union sur l&rsquo;Ukraine \u00e0 Paris jeudi va r\u00e9unir Volodymyr Zelensky, Ursula von der Leyen, Mark Rutte, Friedrich Merz et Keir Starmer<\/p>\n<p class=\"live-post__amorce\">Volodymyr Zelensky va rencontrer jeudi \u00e0 Paris la pr\u00e9sidente de la Commission europ\u00e9enne Ursula von der Leyen, le secr\u00e9taire g\u00e9n\u00e9ral de l&rsquo;Otan Mark Rutte et les dirigeants allemand, fran\u00e7ais et britannique au cours d&rsquo;une r\u00e9union d&rsquo;alli\u00e9s de Kiev, a annonc\u00e9 la pr\u00e9sidence ukrainienne. Ces derni\u00e8res semaines, la question des garanties de s\u00e9curit\u00e9 pour l&rsquo;Ukraine, soutenues par les Occidentaux, a domin\u00e9 les actions diplomatiques men\u00e9es par les Etats-Unis pour mettre fin \u00e0 l&rsquo;invasion russe.<\/p>\n<p>12h07.Vladimir Poutine dit qu&rsquo;un accord sur l&rsquo;Ukraine ne doit pas compromettre la \u00ab\u00a0s\u00e9curit\u00e9\u00a0\u00bb de la Russie<\/p>\n<p class=\"live-post__amorce\">Vladimir Poutine vient de d\u00e9clarer que la \u00ab\u00a0s\u00e9curit\u00e9\u00a0\u00bb de la Russie ne devait pas \u00eatre compromise par un accord de paix avec l&rsquo;Ukraine, qui souhaite obtenir des garanties de s\u00e9curit\u00e9 pour dissuader Moscou de l&rsquo;envahir \u00e0 nouveau. \u00ab\u00a0C&rsquo;est une d\u00e9cision propre \u00e0 l&rsquo;Ukraine de choisir comment assurer sa s\u00e9curit\u00e9\u00a0\u00bb, a affirm\u00e9 le pr\u00e9sident russe, lors d&rsquo;une rencontre avec le Premier ministre slovaque \u00e0 P\u00e9kin, diffus\u00e9e \u00e0 la t\u00e9l\u00e9vision. \u00ab\u00a0Mais sa s\u00e9curit\u00e9 (&#8230;) ne peut pas \u00eatre assur\u00e9e au d\u00e9triment de celle d&rsquo;autres pays, y compris la Russie\u00a0\u00bb, a-t-il ajout\u00e9.<\/p>\n<p>11h57.A P\u00e9kin, Vladimir Poutine salue la diplomatie \u00ab\u00a0ind\u00e9pendante\u00a0\u00bb de la Slovaquie<\/p>\n<p class=\"live-post__amorce\">Vladimir Poutine a dit ce mardi matin appr\u00e9cier \u00ab\u00a0grandement\u00a0\u00bb la diplomatie jug\u00e9e \u00ab\u00a0ind\u00e9pendante\u00a0\u00bb de la Slovaquie lors d&rsquo;une rencontre \u00e0 P\u00e9kin avec le Premier ministre slovaque Robert Fico, connu pour ses positions pro-russes. \u00ab\u00a0Nous appr\u00e9cions grandement la politique ext\u00e9rieure ind\u00e9pendante que vous menez, vous et votre \u00e9quipe\u00a0\u00bb, a d\u00e9clar\u00e9 M. Poutine, lors d&rsquo;une rencontre diffus\u00e9e \u00e0 la t\u00e9l\u00e9vision. Membre de l&rsquo;UE, la Slovaquie est tr\u00e8s fortement d\u00e9pendante du gaz russe et Robert Fico a critiqu\u00e9 \u00e0 plusieurs reprises le soutien de Bruxelles \u00e0 l&rsquo;Ukraine depuis le d\u00e9but de l&rsquo;invasion russe de 2022.<\/p>\n<p>06h48.Poutine \u00e0 Xi : les relations russo-chinoises sont \u00e0 un \u00ab\u00a0niveau sans pr\u00e9c\u00e9dent\u00a0\u00bb<\/p>\n<p class=\"live-post__amorce\">Le pr\u00e9sident russe Vladimir Poutine a assur\u00e9 mardi \u00e0 son homologue chinois Xi Jinping que les relations entre leurs pays se trouvaient actuellement \u00e0 un \u00ab\u00a0niveau sans pr\u00e9c\u00e9dent\u00a0\u00bb. Le pr\u00e9sident chinois a salu\u00e9 la relation de \u00ab\u00a0collaboration strat\u00e9gique compl\u00e8te\u00a0\u00bb entre les deux pays, et affirm\u00e9 la volont\u00e9 de coop\u00e9rer \u00e0 la \u00ab\u00a0construction d&rsquo;un syst\u00e8me de gouvernance globale plus juste et plus raisonnable\u00a0\u00bb, selon des propos diffus\u00e9s au d\u00e9but de leurs entretiens \u00e0 P\u00e9kin. Le pr\u00e9sident russe est en Chine depuis dimanche. Il a particip\u00e9 \u00e0 Tianjin (nord) \u00e0 un sommet r\u00e9gional o\u00f9 la Russie et la Chine ont affich\u00e9 leur entente dans un contexte de tensions exacerb\u00e9es avec les Etats-Unis et l&rsquo;Occident. Il doit assister mercredi \u00e0 P\u00e9kin \u00e0 un grand d\u00e9fil\u00e9 militaire c\u00e9l\u00e9brant les 80 ans de la fin de la Seconde Guerre mondiale.<\/p>\n<p>06h36.La progression russe reste forte en ao\u00fbt mais ralentit\u00a0<\/p>\n<p class=\"live-post__amorce\">L&rsquo;arm\u00e9e russe a encore progress\u00e9 \u00e0 rythme \u00e9lev\u00e9 en Ukraine en ao\u00fbt mais un peu moins que le mois pr\u00e9c\u00e9dent, selon l&rsquo;analyse par l&rsquo;AFP des donn\u00e9es fournies par l&rsquo;Institut am\u00e9ricain pour l&rsquo;\u00e9tude de la guerre (ISW), qui travaille avec le Critical Threats Project (CTP). En un mois, les forces de Moscou ont pris 594 km2 aux Ukrainiens, \u00e0 un moment o\u00f9 les d\u00e9marches diplomatiques pour trouver une issue \u00e0 la guerre en Ukraine se sont acc\u00e9l\u00e9r\u00e9es ces derni\u00e8res semaines, sous la houlette de Donald Trump, mais n&rsquo;ont produit pour l&rsquo;heure aucun effet concret.<\/p>\n<p>06h24.Bienvenue dans ce direct<\/p>\n<p class=\"live-post__amorce\">Bonjour \u00e0 tous et bienvenue dans ce direct consacr\u00e9 aux derni\u00e8res actualit\u00e9s de la guerre en Ukraine. Vous pouvez retrouver tous nos articles, nos d\u00e9cryptages ou encore nos interviews sur le sujet dans  <a href=\"https:\/\/www.ladepeche.fr\/actu\/international\/crise-en-ukraine\/\" target=\"_blank\" rel=\"noopener noreferrer nofollow\" class=\"\">notre rubrique<\/a> .<\/p>\n","protected":false},"excerpt":{"rendered":"20h45.Donald Trump se dit \u00ab\u00a0tr\u00e8s d\u00e9\u00e7u\u00a0\u00bb par Poutine\u00a0 Le pr\u00e9sident am\u00e9ricain Donald Trump s&rsquo;est d\u00e9clar\u00e9 mardi \u00ab\u00a0tr\u00e8s d\u00e9\u00e7u\u00a0\u00bb&hellip;\n","protected":false},"author":2,"featured_media":361622,"comment_status":"","ping_status":"","sticky":false,"template":"","format":"standard","meta":{"footnotes":""},"categories":[1591],"tags":[11,1887,12,1885,1886,132],"class_list":{"0":"post-361621","1":"post","2":"type-post","3":"status-publish","4":"format-standard","5":"has-post-thumbnail","7":"category-russie","8":"tag-actualites","9":"tag-federation-de-russie","10":"tag-news","11":"tag-russia","12":"tag-russian-federation","13":"tag-russie"},"share_on_mastodon":{"url":"https:\/\/pubeurope.com\/@fr\/115136645256192392","error":""},"_links":{"self":[{"href":"https:\/\/www.europesays.com\/fr\/wp-json\/wp\/v2\/posts\/361621","targetHints":{"allow":["GET"]}}],"collection":[{"href":"https:\/\/www.europesays.com\/fr\/wp-json\/wp\/v2\/posts"}],"about":[{"href":"https:\/\/www.europesays.com\/fr\/wp-json\/wp\/v2\/types\/post"}],"author":[{"embeddable":true,"href":"https:\/\/www.europesays.com\/fr\/wp-json\/wp\/v2\/users\/2"}],"replies":[{"embeddable":true,"href":"https:\/\/www.europesays.com\/fr\/wp-json\/wp\/v2\/comments?post=361621"}],"version-history":[{"count":0,"href":"https:\/\/www.europesays.com\/fr\/wp-json\/wp\/v2\/posts\/361621\/revisions"}],"wp:featuredmedia":[{"embeddable":true,"href":"https:\/\/www.europesays.com\/fr\/wp-json\/wp\/v2\/media\/361622"}],"wp:attachment":[{"href":"https:\/\/www.europesays.com\/fr\/wp-json\/wp\/v2\/media?parent=361621"}],"wp:term":[{"taxonomy":"category","embeddable":true,"href":"https:\/\/www.europesays.com\/fr\/wp-json\/wp\/v2\/categories?post=361621"},{"taxonomy":"post_tag","embeddable":true,"href":"https:\/\/www.europesays.com\/fr\/wp-json\/wp\/v2\/tags?post=361621"}],"curies":[{"name":"wp","href":"https:\/\/api.w.org\/{rel}","templated":true}]}}