{"id":361623,"date":"2025-09-02T20:42:19","date_gmt":"2025-09-02T20:42:19","guid":{"rendered":"https:\/\/www.europesays.com\/fr\/361623\/"},"modified":"2025-09-02T20:42:19","modified_gmt":"2025-09-02T20:42:19","slug":"en-ukraine-les-eleves-de-kharkiv-font-leur-rentree-dans-des-ecoles-souterraines","status":"publish","type":"post","link":"https:\/\/www.europesays.com\/fr\/361623\/","title":{"rendered":"En Ukraine, les \u00e9l\u00e8ves de Kharkiv font leur rentr\u00e9e dans des \u00e9coles souterraines"},"content":{"rendered":"<p>                         <img loading=\"lazy\" decoding=\"async\" src=\"https:\/\/www.europesays.com\/fr\/wp-content\/uploads\/2025\/09\/8487911_upload-1-dz4hzjkhacuf-603189.jpg\" alt=\"Des enfants lors de leur premier jour de classe, dans une \u00e9cole souterraine de Kharkiv, en Ukraine, le 1\u1d49\u02b3\u00a0septembre\u00a02025.\"   width=\"664\" height=\"443\"\/>    Des enfants lors de leur premier jour de classe, dans une \u00e9cole souterraine de Kharkiv, en Ukraine, le 1\u1d49\u02b3\u00a0septembre\u00a02025.  ANDRII MARIENKO \/ AP                 <\/p>\n<p class=\"article__paragraph  \">Hasard du calendrier, le premier jour de cours du petit Danylo tombait \u00e0 la date m\u00eame de l\u2019anniversaire de son arri\u00e8re-grand-m\u00e8re, Svitlana Lykianivna, 85\u00a0ans. Lundi 1er\u00a0septembre, jour de rentr\u00e9e des classes en Ukraine, la famille r\u00e9unie au grand complet \u00e0 Kharkiv en a donc profit\u00e9 pour accompagner le petit gar\u00e7on \u00e0 sa nouvelle \u00e9cole.<\/p>\n<p class=\"article__paragraph  \">Pour l\u2019occasion, tous ont rev\u00eatu une chemise traditionnelle ukrainienne \u00e0 broderies. Danylo, cheveux blonds \u00e9bouriff\u00e9s, a apport\u00e9 \u00e0 sa ma\u00eetresse un bouquet confectionn\u00e9 par sa m\u00e8re, Alissa Litovchenko, une dentiste de 38\u00a0ans. Des dizaines d\u2019autres familles se sont aussi rassembl\u00e9es devant l\u2019\u00e9cole num\u00e9ro\u00a0124, dans une atmosph\u00e8re de f\u00eate.<\/p>\n<p class=\"article__paragraph  \">Partout en Ukraine, les rentr\u00e9es des classes font l\u2019objet de rituels similaires, mais celle qui s\u2019est d\u00e9roul\u00e9e \u00e0 Kharkiv, lundi, avait quelque chose de sp\u00e9cial. Cette ville de l\u2019Est, la deuxi\u00e8me plus grande du pays, c\u00e9l\u00e9brait, en effet, l\u2019ouverture de trois nouvelles \u00e9coles souterraines, destin\u00e9es \u00e0 prot\u00e9ger les enfants des attaques a\u00e9riennes lanc\u00e9es r\u00e9guli\u00e8rement par les forces russes sur la cit\u00e9.<\/p>\n<p>                              Lire aussi le reportage\u00a0|  Article r\u00e9serv\u00e9 \u00e0 nos abonn\u00e9s  <a href=\"https:\/\/www.lemonde.fr\/international\/article\/2023\/11\/25\/en-ukraine-le-lourd-impact-de-la-guerre-sur-l-ecole_6202237_3210.html\" class=\"js-article-read-also catcher--favoris__link\" data-premium=\"1\" id=\"article-title-3349086\" rel=\"nofollow noopener\" target=\"_blank\">En Ukraine, le lourd impact de la guerre sur l\u2019\u00e9cole<\/a>    <\/p>\n<p>   Lire plus tard  <\/p>\n<p class=\"article__paragraph  \">L\u2019\u00e9motion \u00e9tait perceptible dans ces salles de classe sans fen\u00eatre, que l\u2019on rejoint en descendant des escaliers encadr\u00e9s de murs \u00e9pais. La duret\u00e9 des lieux est adoucie par toutes les d\u00e9corations, les affiches enfantines sur les murs m\u00ealant le jaune et le bleu, couleurs du drapeau ukrainien.<\/p>\n<p class=\"reading-mode-only \"><strong>Il vous reste 78.64% de cet article \u00e0 lire. La suite est r\u00e9serv\u00e9e aux abonn\u00e9s.<\/strong><\/p>\n","protected":false},"excerpt":{"rendered":"Des enfants lors de leur premier jour de classe, dans une \u00e9cole souterraine de Kharkiv, en Ukraine, le&hellip;\n","protected":false},"author":2,"featured_media":361624,"comment_status":"","ping_status":"","sticky":false,"template":"","format":"standard","meta":{"footnotes":""},"categories":[1590],"tags":[11,1777,674,12,220],"class_list":{"0":"post-361623","1":"post","2":"type-post","3":"status-publish","4":"format-standard","5":"has-post-thumbnail","7":"category-ukraine","8":"tag-actualites","9":"tag-eu","10":"tag-europe","11":"tag-news","12":"tag-ukraine"},"share_on_mastodon":{"url":"https:\/\/pubeurope.com\/@fr\/115136649674872217","error":""},"_links":{"self":[{"href":"https:\/\/www.europesays.com\/fr\/wp-json\/wp\/v2\/posts\/361623","targetHints":{"allow":["GET"]}}],"collection":[{"href":"https:\/\/www.europesays.com\/fr\/wp-json\/wp\/v2\/posts"}],"about":[{"href":"https:\/\/www.europesays.com\/fr\/wp-json\/wp\/v2\/types\/post"}],"author":[{"embeddable":true,"href":"https:\/\/www.europesays.com\/fr\/wp-json\/wp\/v2\/users\/2"}],"replies":[{"embeddable":true,"href":"https:\/\/www.europesays.com\/fr\/wp-json\/wp\/v2\/comments?post=361623"}],"version-history":[{"count":0,"href":"https:\/\/www.europesays.com\/fr\/wp-json\/wp\/v2\/posts\/361623\/revisions"}],"wp:featuredmedia":[{"embeddable":true,"href":"https:\/\/www.europesays.com\/fr\/wp-json\/wp\/v2\/media\/361624"}],"wp:attachment":[{"href":"https:\/\/www.europesays.com\/fr\/wp-json\/wp\/v2\/media?parent=361623"}],"wp:term":[{"taxonomy":"category","embeddable":true,"href":"https:\/\/www.europesays.com\/fr\/wp-json\/wp\/v2\/categories?post=361623"},{"taxonomy":"post_tag","embeddable":true,"href":"https:\/\/www.europesays.com\/fr\/wp-json\/wp\/v2\/tags?post=361623"}],"curies":[{"name":"wp","href":"https:\/\/api.w.org\/{rel}","templated":true}]}}