{"id":361625,"date":"2025-09-02T20:43:11","date_gmt":"2025-09-02T20:43:11","guid":{"rendered":"https:\/\/www.europesays.com\/fr\/361625\/"},"modified":"2025-09-02T20:43:11","modified_gmt":"2025-09-02T20:43:11","slug":"trump-promet-de-regler-la-criminalite-a-chicago-ville-la-plus-dangereuse-du-monde","status":"publish","type":"post","link":"https:\/\/www.europesays.com\/fr\/361625\/","title":{"rendered":"Trump promet de r\u00e9gler la criminalit\u00e9 \u00e0 Chicago \u00ab\u00a0ville la plus dangereuse du monde\u00a0\u00bb"},"content":{"rendered":"<p>A quinze mois des \u00e9lections de mi-mandat, <a href=\"https:\/\/www.20minutes.fr\/dossier\/donald_trump\" target=\"_blank\" class=\"c-link c-link--is-underlined\" rel=\"noopener\">Donald Trump<\/a> fait de <a href=\"https:\/\/www.20minutes.fr\/dossier\/chicago\" target=\"_blank\" class=\"c-link c-link--is-underlined\" rel=\"noopener\">Chicago<\/a> le symbole de sa croisade s\u00e9curitaire. Le pr\u00e9sident a annonc\u00e9, mardi, vouloir s\u2019attaquer \u00e0 la criminalit\u00e9 dans la m\u00e9tropole de l\u2019Illinois, qu\u2019il d\u00e9crit comme \u00ab\u00a0la plus dangereuse au monde, de loin\u00a0\u00bb. Sur sa plateforme Truth Social, il a promis\u00a0: \u00ab\u00a0Je vais r\u00e9gler le probl\u00e8me de la <a href=\"https:\/\/www.20minutes.fr\/dossier\/criminalite\" target=\"_blank\" class=\"c-link c-link--is-underlined\" rel=\"noopener\">criminalit\u00e9<\/a>, comme je l\u2019ai fait \u00e0 <a href=\"https:\/\/www.20minutes.fr\/dossier\/washington\" target=\"_blank\" class=\"c-link c-link--is-underlined\" rel=\"noopener\">Washington<\/a>\u00a0\u00bb, en r\u00e9f\u00e9rence au d\u00e9ploiement de forces f\u00e9d\u00e9rales dans la capitale am\u00e9ricaine cet \u00e9t\u00e9. Plus tard dans la journ\u00e9e, lors d&rsquo;une conf\u00e9rence de presse, il a affirm\u00e9 : \u00ab Nous allons intervenir \u00e0 Chicago \u00bb, sans pr\u00e9ciser quand.<\/p>\n<p>Apr\u00e8s avoir envoy\u00e9 policiers f\u00e9d\u00e9raux et militaires \u00e0 <a href=\"https:\/\/www.20minutes.fr\/dossier\/los_angeles\" target=\"_blank\" class=\"c-link c-link--is-underlined\" rel=\"noopener\">Los Angeles<\/a> en juin puis \u00e0 Washington en ao\u00fbt, l\u2019administration Trump menace d\u00e9sormais d\u2019\u00e9tendre cette strat\u00e9gie \u00e0 d\u2019autres bastions d\u00e9mocrates. Chicago figure en t\u00eate de liste, mais <a href=\"https:\/\/www.20minutes.fr\/dossier\/new_york\" target=\"_blank\" class=\"c-link c-link--is-underlined\" rel=\"noopener\">New York<\/a>, <a href=\"https:\/\/www.20minutes.fr\/dossier\/baltimore\" target=\"_blank\" class=\"c-link c-link--is-underlined\" rel=\"noopener\">Baltimore<\/a> et <a href=\"https:\/\/www.20minutes.fr\/sport\/boston\/\" target=\"_blank\" class=\"c-link c-link--is-underlined\" rel=\"noopener\">Boston<\/a> sont \u00e9galement mentionn\u00e9es.<\/p>\n<\/p>\n<p>Les d\u00e9mocrates d\u00e9noncent une d\u00e9rive autoritaire<\/p>\n<p>Du c\u00f4t\u00e9 <a href=\"https:\/\/www.20minutes.fr\/dossier\/parti_democrate\" target=\"_blank\" class=\"c-link c-link--is-underlined\" rel=\"noopener\">d\u00e9mocrate<\/a>, les r\u00e9actions sont virulentes. J.B. Pritzker, gouverneur de l\u2019Illinois et critique de longue date de Donald Trump, accuse le pr\u00e9sident de vouloir \u00ab\u00a0fabriquer des crises\u00a0\u00bb pour justifier un d\u00e9ploiement f\u00e9d\u00e9ral et influencer le scrutin de\u00a02026. \u00ab\u00a0Pritzker a d\u00e9sesp\u00e9r\u00e9ment besoin d\u2019aide, c\u2019est juste qu\u2019il ne le sait pas encore\u00a0\u00bb, a r\u00e9torqu\u00e9 Donald Trump. Wes Moore, gouverneur du Maryland, partage la m\u00eame inqui\u00e9tude et d\u00e9nonce une strat\u00e9gie politicienne visant \u00e0 transformer la s\u00e9curit\u00e9 en arme \u00e9lectorale.<\/p>\n<p><a href=\"https:\/\/www.20minutes.fr\/monde\/etats-unis\/\" target=\"_blank\" class=\"c-link c-btn c-btn--primary\" rel=\"noopener\">Notre dossier sur les Etats-Unis<\/a><\/p>\n<p>A Chicago, le maire Brandon Johnson a sign\u00e9 un d\u00e9cret destin\u00e9 \u00e0 restreindre le pouvoir des forces f\u00e9d\u00e9rales si elles venaient \u00e0 \u00eatre d\u00e9ploy\u00e9es. <a href=\"https:\/\/www.20minutes.fr\/monde\/etats-unis\/4170656-20250902-etats-unis-occasion-labor-day-milliers-americains-defilent-trump\" target=\"_blank\" class=\"c-link c-link--is-underlined\" rel=\"noopener\">Lors d\u2019une manifestation, il a lanc\u00e9\u00a0: \u00ab\u00a0Pas de troupes f\u00e9d\u00e9rales \u00e0 Chicago\u00a0!<\/a> [\u2026] Nous allons d\u00e9fendre notre <a href=\"https:\/\/www.20minutes.fr\/monde\/democratie\/\" target=\"_blank\" class=\"c-link c-link--is-underlined\" rel=\"noopener\">d\u00e9mocratie<\/a> dans la ville de Chicago\u00a0!\u00a0\u00bb Pour l\u2019\u00e9lu, la r\u00e9sistance locale doit devenir un mod\u00e8le national. \u00ab\u00a0Nous allons mener ce combat \u00e0 travers toute l\u2019Am\u00e9rique, mais nous devons d\u2019abord nous d\u00e9fendre chez nous\u00a0\u00bb, a-t-il encore affirm\u00e9.<\/p>\n","protected":false},"excerpt":{"rendered":"A quinze mois des \u00e9lections de mi-mandat, Donald Trump fait de Chicago le symbole de sa croisade s\u00e9curitaire.&hellip;\n","protected":false},"author":2,"featured_media":361626,"comment_status":"","ping_status":"","sticky":false,"template":"","format":"standard","meta":{"footnotes":""},"categories":[1589],"tags":[47,11,667,17005,2951,75,73,1866,6116,74,415,12,656,1864,1865,1863,308,2744],"class_list":{"0":"post-361625","1":"post","2":"type-post","3":"status-publish","4":"format-standard","5":"has-post-thumbnail","7":"category-etats-unis","8":"tag-actualite","9":"tag-actualites","10":"tag-boston","11":"tag-chicago","12":"tag-criminalite","13":"tag-donald-trump","14":"tag-etats-unis","15":"tag-etats-unis-damerique","16":"tag-los-angeles","17":"tag-monde","18":"tag-new-york","19":"tag-news","20":"tag-securite","21":"tag-united-states","22":"tag-united-states-of-america","23":"tag-us","24":"tag-usa","25":"tag-washington"},"share_on_mastodon":{"url":"https:\/\/pubeurope.com\/@fr\/115136653159725819","error":""},"_links":{"self":[{"href":"https:\/\/www.europesays.com\/fr\/wp-json\/wp\/v2\/posts\/361625","targetHints":{"allow":["GET"]}}],"collection":[{"href":"https:\/\/www.europesays.com\/fr\/wp-json\/wp\/v2\/posts"}],"about":[{"href":"https:\/\/www.europesays.com\/fr\/wp-json\/wp\/v2\/types\/post"}],"author":[{"embeddable":true,"href":"https:\/\/www.europesays.com\/fr\/wp-json\/wp\/v2\/users\/2"}],"replies":[{"embeddable":true,"href":"https:\/\/www.europesays.com\/fr\/wp-json\/wp\/v2\/comments?post=361625"}],"version-history":[{"count":0,"href":"https:\/\/www.europesays.com\/fr\/wp-json\/wp\/v2\/posts\/361625\/revisions"}],"wp:featuredmedia":[{"embeddable":true,"href":"https:\/\/www.europesays.com\/fr\/wp-json\/wp\/v2\/media\/361626"}],"wp:attachment":[{"href":"https:\/\/www.europesays.com\/fr\/wp-json\/wp\/v2\/media?parent=361625"}],"wp:term":[{"taxonomy":"category","embeddable":true,"href":"https:\/\/www.europesays.com\/fr\/wp-json\/wp\/v2\/categories?post=361625"},{"taxonomy":"post_tag","embeddable":true,"href":"https:\/\/www.europesays.com\/fr\/wp-json\/wp\/v2\/tags?post=361625"}],"curies":[{"name":"wp","href":"https:\/\/api.w.org\/{rel}","templated":true}]}}