{"id":361629,"date":"2025-09-02T20:45:16","date_gmt":"2025-09-02T20:45:16","guid":{"rendered":"https:\/\/www.europesays.com\/fr\/361629\/"},"modified":"2025-09-02T20:45:16","modified_gmt":"2025-09-02T20:45:16","slug":"le-choc-battiston-schumacher-recit-dune-soiree-cauchemardesque","status":"publish","type":"post","link":"https:\/\/www.europesays.com\/fr\/361629\/","title":{"rendered":"le choc Battiston-Schumacher, r\u00e9cit d&rsquo;une soir\u00e9e cauchemardesque"},"content":{"rendered":"<p class=\"article-p mdl\">Chaque soir, de 20h \u00e0 21h, Le grand r\u00e9cit\u00a0vous invite \u00e0 revivre des moments marquants de notre histoire collective. Dans cet \u00e9pisode, Andr\u00e9 Dussollier nous transporte \u00e0 S\u00e9ville, <strong>en 1982,<\/strong> pour revivre <strong>l&rsquo;une des soir\u00e9es les plus sombres du football fran\u00e7ais : la demi-finale de la Coupe du Monde entre la France et l&rsquo;Allemagne de l&rsquo;Ouest (RFA).<\/strong><br \/><strong\/><br \/>Dans la chaleur andalouse de S\u00e9ville, le soir du 8 juillet 1982, l&rsquo;\u00e9quipe de France de Michel Platini affronte la RFA, pour une place en finale de la Coupe du Monde. Les deux \u00e9quipes, parmi les meilleures du monde, se livrent une bataille acharn\u00e9e qui tient en haleine des millions de t\u00e9l\u00e9spectateurs.<\/p>\n<p class=\"article-p mdl\">Mais ce qui devait \u00eatre une c\u00e9l\u00e9bration du football se transforme en cauchemar, pour les Fran\u00e7ais,\u00a0<strong>\u00e0 la 57e minutes de jeu : apr\u00e8s une magnifique passe en profondeur, le d\u00e9fenseur fran\u00e7ais\u00a0<\/strong><a class=\"link\" href=\"https:\/\/www.rtl.fr\/sport\/football\/euro-2016-cette-fois-on-va-gagner-contre-l-allemagne-predit-patrick-battiston-7784001637\" title=\"Euro 2016 : &quot;Cette fois on va gagner contre l&#039;Allemagne&quot;, pr\u00e9dit Patrick Battiston\" target=\"_blank\" rel=\"noopener\"><strong>Patrick Battiston<\/strong><\/a>, se pr\u00e9sente seul face au but allemand. Il est alors\u00a0<strong>percut\u00e9 de plein fouet, par le gardien allemand Harald Schumacher, sorti les deux genoux et le hanche en avant.<\/strong><\/p>\n<p>                <img decoding=\"async\" alt=\"\" class=\"media-item lazy\" src=\"https:\/\/www.europesays.com\/fr\/wp-content\/uploads\/2025\/09\/1778405-patrick-battiston-avait-ete-percute-brutalement-par-harald-schumacher-lors-de-france-rfa-le-.jpeg\"\/><\/p>\n<p>\n            Patrick Battiston avait \u00e9t\u00e9 percut\u00e9 brutalement par Harald Schumacher lors de France-RFA, le 8 juillet 1982<\/p>\n<p>\n            Cr\u00e9dit : AFP\/STAFF<\/p>\n<p>Schumacher, \u00ab\u00a0le boucher de S\u00e9ville\u00a0\u00bb<\/p>\n<p class=\"article-p mdl\">L&rsquo;action est d&rsquo;une violence inou\u00efe. Entr\u00e9 en jeu quelques minutes auparavant (50\u00e8), <strong>Patrick Battiston reste au sol, inanim\u00e9. <\/strong>Le stade est stup\u00e9fait.\u00a0\u00c0\u00a0la t\u00e9l\u00e9vision, les commentateurs n&rsquo;en reviennent pas&#8230;\u00a0<strong>Pourtant, <\/strong>malgr\u00e9 l&rsquo;horrible faute et l&rsquo;erreur de jugement manifeste du\u00a0gardien allemand,\u00a0Harald Schumacher\u00a0n&rsquo;est pas sanctionn\u00e9.\u00a0<strong>Battiston, dents cass\u00e9s m\u00e2choire enfonc\u00e9 et inconscient, est \u00e9vacu\u00e9 sur une civi\u00e8re, <\/strong>laissant ses co\u00e9quipiers et toute une nation sous le choc.<\/p>\n<p class=\"article-p mdl\">L&rsquo;arbitre n\u00e9erlandais Charles Corver, se retrouve sous le feu des critiques. Pourtant bien plac\u00e9, il ne siffle ni faute, ni expulsion. <strong>Cette erreur d&rsquo;arbitrage, class\u00e9e parmi les plus grosses dans l&rsquo;histoire du football par la BBC<\/strong>, a raviv\u00e9 des\u00a0<a class=\"link\" href=\"https:\/\/www.rtl.fr\/actu\/debats-societe\/gare-du-nord-combien-de-bombes-de-la-seconde-guerre-mondiale-reste-t-il-dans-la-nature-7900480624\" title=\"Gare du Nord : combien de bombes de la Seconde Guerre mondiale reste-t-il dans la nature ?\" target=\"_blank\" rel=\"noopener\">tensions historiques entre la France et l&rsquo;Allemagne<\/a>, d\u00e9passant largement le cadre sportif. Les amateurs de football allant m\u00eame jusqu&rsquo;\u00e0 surnommer encore aujourd&rsquo;hui Harald Schumacher, \u00ab\u00a0le boucher de S\u00e9ville\u00a0\u00bb.<\/p>\n<p class=\"article-p mdl\">Malgr\u00e9 l&rsquo;impact \u00e9motionnel de l&rsquo;agression<strong>, les Bleus parviennent \u00e0 mener 3-1 en prolongation, avant que l&rsquo;Allemagne de l&rsquo;Ouest ne revienne au score et ne s&rsquo;impose lors de la s\u00e9ance de tirs au but, la premi\u00e8re dans l&rsquo;histoire de la Coupe du Monde.<\/strong> Autant de faits de jeux qui ont fait entrer \u00ab\u00a0la nuit de S\u00e9ville\u00a0\u00bb dans la l\u00e9gende, au grand d\u00e9sespoir des Fran\u00e7ais.<\/p>\n<p class=\"article-p mdl\">Remis de leurs \u00e9motions, les bleus se consolent deux ans plus tard avec une\u00a0<a class=\"link\" href=\"https:\/\/www.rtl.fr\/sport\/football\/zinedine-zidane-le-jour-ou-il-etait-ramasseur-de-balles-a-l-euro-1984-7900438035\" title=\"Zin\u00e9dine Zidane : le jour o\u00f9 il \u00e9tait ramasseur de balles \u00e0 l&#039;Euro 1984\" target=\"_blank\" rel=\"noopener\">victoire finale, \u00e0 domicile, lors de l&rsquo;Euro 1984<\/a>. Michel Hidalgo et sa troupe battent l\u2019Espagne 2-0 au Parc des Princes. Port\u00e9e par un\u00a0immense\u00a0<a class=\"link\" href=\"https:\/\/www.rtl.fr\/actu\/justice-faits-divers\/info-rtl-michel-platini-cambriole-une-vingtaine-de-medailles-et-de-trophees-derobes-7900524417\" title=\"INFO RTL - Michel Platini cambriol\u00e9 : une vingtaine de m\u00e9dailles et de troph\u00e9es d\u00e9rob\u00e9s\" target=\"_blank\" rel=\"noopener\">Michel Platini<\/a>, l\u2019\u00e9quipe de France de football d\u00e9croche enfin son premier grand titre. Un succ\u00e8s marquant le d\u00e9but d&rsquo;une nouvelle \u00e8re pour les tricolores !<\/p>\n<p>                <img decoding=\"async\" alt=\"\" class=\"media-item lazy\" src=\"https:\/\/www.europesays.com\/fr\/wp-content\/uploads\/2025\/09\/1778406-de-gauche-a-droite-et-de-haut-en-bas-le-19-juin-1984-jean-francois-domergue-patrick-battisto.jpeg\"\/><\/p>\n<p>\n            De gauche \u00e0 droite et de haut en bas, le 19 juin 1984 : Jean-Fran\u00e7ois Domergue, Patrick Battiston, Maxime Bossis, Jean Tigana, Jo\u00ebl Bats, Luis Fernandez, Alain Giresse, Michel Platini, Jean-Marc Ferreri, Dominique Rocheteau et Didier Six<\/p>\n<p>\n            Cr\u00e9dit : PATRICK HERTZOG \/ AFP<\/p>\n<p>    La r\u00e9daction vous recommande<\/p>\n<p class=\"s-newsletter__title\">\n                L\u2019actualit\u00e9 par la r\u00e9daction de RTL dans votre bo\u00eete mail.\n            <\/p>\n<p class=\"s-newsletter__subtitle\">\n                Gr\u00e2ce \u00e0 votre compte RTL abonnez-vous \u00e0 la newsletter RTL info pour suivre toute l&rsquo;actualit\u00e9 au quotidien\n            <\/p>\n<p>\n                                    Lire la suite\n                                <\/p>\n","protected":false},"excerpt":{"rendered":"Chaque soir, de 20h \u00e0 21h, Le grand r\u00e9cit\u00a0vous invite \u00e0 revivre des moments marquants de notre histoire&hellip;\n","protected":false},"author":2,"featured_media":361630,"comment_status":"","ping_status":"","sticky":false,"template":"","format":"standard","meta":{"footnotes":""},"categories":[1587],"tags":[11,672,49705,1804,451,1805,1803,6713,1777,674,2414,2619,63,1801,12,1802,517],"class_list":{"0":"post-361629","1":"post","2":"type-post","3":"status-publish","4":"format-standard","5":"has-post-thumbnail","7":"category-allemagne","8":"tag-actualites","9":"tag-allemagne","10":"tag-andre-dussollier","11":"tag-bundesrepublik-deutschland","12":"tag-coupe-du-monde","13":"tag-de","14":"tag-deutschland","15":"tag-equipe-de-france-de-football","16":"tag-eu","17":"tag-europe","18":"tag-fil-culture","19":"tag-fil-sport","20":"tag-football","21":"tag-germany","22":"tag-news","23":"tag-republique-federale-dallemagne","24":"tag-sport"},"share_on_mastodon":{"url":"https:\/\/pubeurope.com\/@fr\/115136661203475675","error":""},"_links":{"self":[{"href":"https:\/\/www.europesays.com\/fr\/wp-json\/wp\/v2\/posts\/361629","targetHints":{"allow":["GET"]}}],"collection":[{"href":"https:\/\/www.europesays.com\/fr\/wp-json\/wp\/v2\/posts"}],"about":[{"href":"https:\/\/www.europesays.com\/fr\/wp-json\/wp\/v2\/types\/post"}],"author":[{"embeddable":true,"href":"https:\/\/www.europesays.com\/fr\/wp-json\/wp\/v2\/users\/2"}],"replies":[{"embeddable":true,"href":"https:\/\/www.europesays.com\/fr\/wp-json\/wp\/v2\/comments?post=361629"}],"version-history":[{"count":0,"href":"https:\/\/www.europesays.com\/fr\/wp-json\/wp\/v2\/posts\/361629\/revisions"}],"wp:featuredmedia":[{"embeddable":true,"href":"https:\/\/www.europesays.com\/fr\/wp-json\/wp\/v2\/media\/361630"}],"wp:attachment":[{"href":"https:\/\/www.europesays.com\/fr\/wp-json\/wp\/v2\/media?parent=361629"}],"wp:term":[{"taxonomy":"category","embeddable":true,"href":"https:\/\/www.europesays.com\/fr\/wp-json\/wp\/v2\/categories?post=361629"},{"taxonomy":"post_tag","embeddable":true,"href":"https:\/\/www.europesays.com\/fr\/wp-json\/wp\/v2\/tags?post=361629"}],"curies":[{"name":"wp","href":"https:\/\/api.w.org\/{rel}","templated":true}]}}