{"id":361633,"date":"2025-09-02T20:47:11","date_gmt":"2025-09-02T20:47:11","guid":{"rendered":"https:\/\/www.europesays.com\/fr\/361633\/"},"modified":"2025-09-02T20:47:11","modified_gmt":"2025-09-02T20:47:11","slug":"depenses-de-defense-dans-lue-devraient-atteindre-un-niveau-record-de-381-milliards-deuros-en-2025-business-am","status":"publish","type":"post","link":"https:\/\/www.europesays.com\/fr\/361633\/","title":{"rendered":"D\u00e9penses de d\u00e9fense dans l&rsquo;UE devraient atteindre un niveau record de 381 milliards d&rsquo;euros en 2025 &#8211; Business AM"},"content":{"rendered":"<p>                    <img decoding=\"async\" style=\"aspect-ratio:16\/9\" src=\"https:\/\/www.europesays.com\/fr\/wp-content\/uploads\/2025\/09\/Defensie-EU-UE-Polen-Defense-1.jpg\" width=\"100%\" loading=\"eager\"\/><\/p>\n<p>                            <a href=\"https:\/\/fr.businessam.be\/author\/redactie\/\" class=\"author-thumbnail\" style=\"border: 2px inset #00000099;\" rel=\"nofollow noopener\" target=\"_blank\"><img loading=\"lazy\" decoding=\"async\" src=\"https:\/\/www.europesays.com\/fr\/wp-content\/uploads\/2025\/09\/cropped-favicon-192x192.png\" width=\"80\" height=\"80\" alt=\"Business AM\"\/><\/a>\ue05bpar <a href=\"https:\/\/fr.businessam.be\/author\/redactie\/\" rel=\"nofollow noopener\" target=\"_blank\">Business AM<\/a><br \/>\ue010publi\u00e9 le mardi 02 septembre 2025 \u00e0 22:32 \u2022 <br \/>\ue00c2 min de lecture<\/p>\n<p>Principaux renseignements<\/p>\n<ul class=\"wp-block-list\">\n<li><strong>L\u2019Union europ\u00e9enne investira un montant record de 381 milliards d\u2019euros dans la d\u00e9fense en 2025.<\/strong><\/li>\n<li><strong>L\u2019agression de la Russie, notamment l\u2019annexion de la Crim\u00e9e et l\u2019invasion de l\u2019Ukraine, est \u00e0 l\u2019origine de cette augmentation des d\u00e9penses militaires.<\/strong><\/li>\n<\/ul>\n<p>L\u2019Union europ\u00e9enne devrait d\u00e9penser un montant record de <a href=\"https:\/\/eda.europa.eu\/publications-and-data\/thematic-policy-reports\/eda-defence-data-2024-2025\" rel=\"nofollow noopener\" target=\"_blank\">381 milli<\/a><a href=\"https:\/\/eda.europa.eu\/publications-and-data\/thematic-policy-reports\/eda-defence-data-2024-2025\" target=\"_blank\" rel=\"noreferrer noopener nofollow\">a<\/a><a href=\"https:\/\/eda.europa.eu\/publications-and-data\/thematic-policy-reports\/eda-defence-data-2024-2025\" rel=\"nofollow noopener\" target=\"_blank\">rds d\u2019euros<\/a> pour la d\u00e9fense en 2025. Cette somme fait suite aux 343 milliards d\u2019euros d\u00e9pens\u00e9s l\u2019ann\u00e9e derni\u00e8re et refl\u00e8te l\u2019engagement de l\u2019UE \u00e0 renforcer sa s\u00e9curit\u00e9. L\u2019Agence europ\u00e9enne de d\u00e9fense (AED), qui a publi\u00e9 ces chiffres, a soulign\u00e9 l\u2019importance de cet investissement pour la protection des citoyens europ\u00e9ens.<\/p>\n<p>S\u00e9curit\u00e9<\/p>\n<p>Kaja Kallas, pr\u00e9sidente de l\u2019AED et chef de la diplomatie de l\u2019UE, a soulign\u00e9 que l\u2019UE \u00e9tait d\u00e9termin\u00e9e \u00e0 maintenir des niveaux \u00e9lev\u00e9s de d\u00e9penses de d\u00e9fense. L\u2019augmentation des d\u00e9penses militaires a commenc\u00e9 apr\u00e8s l\u2019annexion de la Crim\u00e9e par la Russie en 2014 et s\u2019est acc\u00e9l\u00e9r\u00e9e apr\u00e8s l\u2019invasion russe de l\u2019Ukraine en f\u00e9vrier 2022. <\/p>\n<p>Conscients de l\u2019\u00e9volution du paysage s\u00e9curitaire, les \u00c9tats membres de l\u2019<a href=\"https:\/\/fr.businessam.be\/pays-de-lotan-moderent-croissance-des-depenses-de-defense-en-2025\/\" rel=\"nofollow noopener\" target=\"_blank\">OTAN<\/a>, dont 23 pays de l\u2019UE, se sont engag\u00e9s \u00e0 consacrer au moins 5 pour cent de leur produit int\u00e9rieur brut (PIB) \u00e0 la s\u00e9curit\u00e9 au cours de la prochaine d\u00e9cennie. Cet engagement comprend l\u2019affectation de 3,5 pour cent aux d\u00e9penses militaires.<\/p>\n","protected":false},"excerpt":{"rendered":"\ue05bpar Business AM\ue010publi\u00e9 le mardi 02 septembre 2025 \u00e0 22:32 \u2022 \ue00c2 min de lecture Principaux renseignements L\u2019Union&hellip;\n","protected":false},"author":2,"featured_media":361634,"comment_status":"","ping_status":"","sticky":false,"template":"","format":"standard","meta":{"footnotes":""},"categories":[1586],"tags":[11,554,1777,674,1779,1011,27,12,25,1778,364],"class_list":{"0":"post-361633","1":"post","2":"type-post","3":"status-publish","4":"format-standard","5":"has-post-thumbnail","7":"category-europe","8":"tag-actualites","9":"tag-defense","10":"tag-eu","11":"tag-europe","12":"tag-european-union","13":"tag-fr","14":"tag-france","15":"tag-news","16":"tag-republique-francaise","17":"tag-ue","18":"tag-union-europeenne"},"share_on_mastodon":{"url":"https:\/\/pubeurope.com\/@fr\/115136668979185373","error":""},"_links":{"self":[{"href":"https:\/\/www.europesays.com\/fr\/wp-json\/wp\/v2\/posts\/361633","targetHints":{"allow":["GET"]}}],"collection":[{"href":"https:\/\/www.europesays.com\/fr\/wp-json\/wp\/v2\/posts"}],"about":[{"href":"https:\/\/www.europesays.com\/fr\/wp-json\/wp\/v2\/types\/post"}],"author":[{"embeddable":true,"href":"https:\/\/www.europesays.com\/fr\/wp-json\/wp\/v2\/users\/2"}],"replies":[{"embeddable":true,"href":"https:\/\/www.europesays.com\/fr\/wp-json\/wp\/v2\/comments?post=361633"}],"version-history":[{"count":0,"href":"https:\/\/www.europesays.com\/fr\/wp-json\/wp\/v2\/posts\/361633\/revisions"}],"wp:featuredmedia":[{"embeddable":true,"href":"https:\/\/www.europesays.com\/fr\/wp-json\/wp\/v2\/media\/361634"}],"wp:attachment":[{"href":"https:\/\/www.europesays.com\/fr\/wp-json\/wp\/v2\/media?parent=361633"}],"wp:term":[{"taxonomy":"category","embeddable":true,"href":"https:\/\/www.europesays.com\/fr\/wp-json\/wp\/v2\/categories?post=361633"},{"taxonomy":"post_tag","embeddable":true,"href":"https:\/\/www.europesays.com\/fr\/wp-json\/wp\/v2\/tags?post=361633"}],"curies":[{"name":"wp","href":"https:\/\/api.w.org\/{rel}","templated":true}]}}