{"id":36164,"date":"2025-04-19T09:37:08","date_gmt":"2025-04-19T09:37:08","guid":{"rendered":"https:\/\/www.europesays.com\/fr\/36164\/"},"modified":"2025-04-19T09:37:08","modified_gmt":"2025-04-19T09:37:08","slug":"or-assurance-vie-en-euros-livrets-fonds-obligataires-les-placements-refuges-pour-echapper-a-la-guerre-commerciale","status":"publish","type":"post","link":"https:\/\/www.europesays.com\/fr\/36164\/","title":{"rendered":"Or, assurance-vie en euros, livrets, fonds obligataires&#8230; Les placements refuges pour \u00e9chapper \u00e0 la guerre commerciale"},"content":{"rendered":"<p><strong>NOS CONSEILS &#8211;<\/strong> Entre la hausse des droits de douane, le conflit en Ukraine et la dette fran\u00e7aise, les particuliers ont des raisons d\u2019\u00eatre prudents. Bonne nouvelle, les produits d\u2019\u00e9pargne peu risqu\u00e9s r\u00e9mun\u00e8rent toujours bien.<\/p>\n<p class=\"fig-paragraph\">Que faire avec son bas de laine en ces temps chahut\u00e9s\u00a0? La\u00a0<a href=\"http:\/\/www.lefigaro.fr\/conjoncture\/dossier\/droits-de-douane-americains-notre-dossier-pour-tout-comprendre\" target=\"_blank\" data-fig-type=\"Topic\" rel=\"noopener\" data-gtm-custom-categorie=\"navigation\" data-gtm-custom-action=\"crossclick\" data-gtm-custom-label=\"Contextuel\" data-gtm-event=\"customEventSPE\" data-fig-domain=\"LEFIGARO\">guerre commerciale<\/a>\u00a0que livre Donald Trump au reste du monde a fait vaciller les march\u00e9s financiers (-\u00a012\u00a0% pour le S&amp;P\u00a0500 et le CAC\u00a040 en cinq jours d\u00e9but avril). La guerre aux portes de l\u2019Europe, men\u00e9e par la Russie contre l\u2019<a href=\"http:\/\/leparticulier.lefigaro.fr\/jcms\/c_113077\/argent\/dossier\/guerre-en-ukraine-quelles-consequences-pour-les-epargnants-quelle-posture-adopter\" target=\"_blank\" data-fig-type=\"Topic\" rel=\"noopener\" data-gtm-custom-categorie=\"navigation\" data-gtm-custom-action=\"crossclick\" data-gtm-custom-label=\"Contextuel\" data-gtm-event=\"customEventSPE\" data-fig-domain=\"LEPARTICULIER\">Ukraine<\/a>, nourrit aussi les inqui\u00e9tudes, tout comme l\u2019instabilit\u00e9 politique fran\u00e7aise et le montant colossal de la dette hexagonale, par beaucoup jug\u00e9 intenable.<\/p>\n<p class=\"fig-paragraph\">De quoi pousser les \u00e9pargnant \u00e0 chercher davantage de s\u00e9curit\u00e9 dans leurs placements\u00a0? \u00ab\u00a0On sent de l\u2019inqui\u00e9tude, confirme David Charlet, pr\u00e9sident de l\u2019Anacofi, une des principales associations de conseillers en gestion de patrimoine (CGP). Cela r\u00e9active de vieux r\u00e9flexes s\u00e9curitaires, alors que ces derniers temps les \u00e9pargnants avaient pris l\u2019habitude de prendre un peu plus de risques, notamment sur les march\u00e9s.\u00a0\u00bb Le\u00a0<a href=\"http:\/\/www.lefigaro.fr\/conjoncture\/crise-de-1929-covid-19-visualisez-les-chutes-des-bourses-mondiales-comparees-aux-pires-krachs-de-l-histoire-20250409\" target=\"_blank\" data-fig-type=\"Article\" rel=\"noopener\" data-gtm-custom-categorie=\"navigation\" data-gtm-custom-action=\"crossclick\" data-gtm-custom-label=\"Contextuel\" data-gtm-event=\"customEventSPE\" data-fig-domain=\"LEFIGARO\">krach d\u2019avril<\/a>\u00a0a tout chang\u00e9.<\/p>\n<p class=\"fig-paragraph\">\u00ab\u00a0Quand des baisses d\u2019une telle ampleur se produisent, les m\u00e9nages ont tendance \u00e0 \u00eatre attentistes\u00a0\u00bb<\/p>\n<p class=\"fig-premium-paywall__infos\">\n        Cet article est r\u00e9serv\u00e9 aux abonn\u00e9s.        Il vous reste 88% \u00e0 d\u00e9couvrir.\n    <\/p>\n<p>                <img  data- alt=\"Le Figaro\" class=\"fig-img--complete fig-img\"\/><\/p>\n<p class=\"fig-premium-paywall__title\">Vous avez envie de lire la suite ?<\/p>\n<p class=\"fig-premium-paywall__subtitle\">D\u00e9bloquez tous les articles imm\u00e9diatement.<\/p>\n<p class=\"fig-premium-paywall__connect\">\n                D\u00e9j\u00e0 abonn\u00e9\u00a0?                <a class=\"fig-premium-paywall__connect-link\" href=\"https:\/\/connect.lefigaro.fr\/login?client=horizon_web&amp;type=main&amp;redirect_uri=https%3A%2F%2Fwww.lefigaro.fr%2Fconjoncture%2For-assurance-vie-en-euros-livrets-fonds-obligataires-les-placements-refuges-pour-echapper-a-la-guerre-commerciale-20250418\" data-js-gtm=\"{&quot;customCategorie&quot;: &quot;conversion&quot;, &quot;customAction&quot;: &quot;before_Landing_Connexion_paywall_auto&quot;, &quot;customLabel&quot;: &quot;bGVmaWdhcm8uZnJfXzFmMDFjNWVlLTBlOGItNjQxMC1hYTU4LTBkOGIyNGE0MDMxZF9fQXJ0aWNsZQ==_Or, assurance-vie en euros, livrets, fonds obligataires... Les placements refuges pour \u00e9chapper \u00e0 la guerre commerciale_88&quot;, &quot;customIDSPE&quot;: &quot;bGVmaWdhcm8uZnJfXzFmMDFjNWVlLTBlOGItNjQxMC1hYTU4LTBkOGIyNGE0MDMxZF9fQXJ0aWNsZQ==&quot;, &quot;event&quot;: &quot;customEventSPE&quot;}\" target=\"_blank\" rel=\"noopener\"><br \/>\n                    Connectez-vous<br \/>\n                <\/a>\n            <\/p>\n","protected":false},"excerpt":{"rendered":"NOS CONSEILS &#8211; Entre la hausse des droits de douane, le conflit en Ukraine et la dette fran\u00e7aise,&hellip;\n","protected":false},"author":2,"featured_media":36165,"comment_status":"","ping_status":"","sticky":false,"template":"","format":"standard","meta":{"footnotes":""},"categories":[6],"tags":[339,11660,340,35,343,345,350,130,344,352,349,33,34,341,313,589,1011,27,346,1074,342,353,351,347,5190,348,354],"class_list":{"0":"post-36164","1":"post","2":"type-post","3":"status-publish","4":"format-standard","5":"has-post-thumbnail","7":"category-economie","8":"tag-actualite-economique","9":"tag-assurance-vie","10":"tag-bourse","11":"tag-business","12":"tag-cac-40","13":"tag-chef-dentreprise","14":"tag-concurrence","15":"tag-consommation","16":"tag-creation-dentreprise","17":"tag-crise","18":"tag-delocalisations","19":"tag-economie","20":"tag-economy","21":"tag-emploi","22":"tag-entreprises","23":"tag-epargne","24":"tag-fr","25":"tag-france","26":"tag-grands-patrons","27":"tag-guerre-commerciale","28":"tag-impots","29":"tag-licenciements","30":"tag-monopole","31":"tag-multinationales","32":"tag-or","33":"tag-privatisation","34":"tag-unio"},"share_on_mastodon":{"url":"https:\/\/pubeurope.com\/@fr\/114363960142995405","error":""},"_links":{"self":[{"href":"https:\/\/www.europesays.com\/fr\/wp-json\/wp\/v2\/posts\/36164","targetHints":{"allow":["GET"]}}],"collection":[{"href":"https:\/\/www.europesays.com\/fr\/wp-json\/wp\/v2\/posts"}],"about":[{"href":"https:\/\/www.europesays.com\/fr\/wp-json\/wp\/v2\/types\/post"}],"author":[{"embeddable":true,"href":"https:\/\/www.europesays.com\/fr\/wp-json\/wp\/v2\/users\/2"}],"replies":[{"embeddable":true,"href":"https:\/\/www.europesays.com\/fr\/wp-json\/wp\/v2\/comments?post=36164"}],"version-history":[{"count":0,"href":"https:\/\/www.europesays.com\/fr\/wp-json\/wp\/v2\/posts\/36164\/revisions"}],"wp:featuredmedia":[{"embeddable":true,"href":"https:\/\/www.europesays.com\/fr\/wp-json\/wp\/v2\/media\/36165"}],"wp:attachment":[{"href":"https:\/\/www.europesays.com\/fr\/wp-json\/wp\/v2\/media?parent=36164"}],"wp:term":[{"taxonomy":"category","embeddable":true,"href":"https:\/\/www.europesays.com\/fr\/wp-json\/wp\/v2\/categories?post=36164"},{"taxonomy":"post_tag","embeddable":true,"href":"https:\/\/www.europesays.com\/fr\/wp-json\/wp\/v2\/tags?post=36164"}],"curies":[{"name":"wp","href":"https:\/\/api.w.org\/{rel}","templated":true}]}}