{"id":361640,"date":"2025-09-02T20:53:21","date_gmt":"2025-09-02T20:53:21","guid":{"rendered":"https:\/\/www.europesays.com\/fr\/361640\/"},"modified":"2025-09-02T20:53:21","modified_gmt":"2025-09-02T20:53:21","slug":"super-xiii-albi-signe-un-joueur-australien-de-nrl-rugby-a-xiii","status":"publish","type":"post","link":"https:\/\/www.europesays.com\/fr\/361640\/","title":{"rendered":"Super XIII &#8211; Albi signe un joueur australien de NRL &#8211; Rugby \u00e0 XIII"},"content":{"rendered":"<p style=\"text-align: justify;\"><strong>Les Albigeois annoncent le recrutement XXL de Dean Matterson en provenance du championnat le plus prestigieux, la NRL.<\/strong><\/p>\n<p style=\"text-align: justify;\">Albi frappe un grand coup sur ce march\u00e9 des transferts, alors que le Super XIII reprend prochainement, le champion en titre se renforce avec l\u2019arriv\u00e9e en France de Dean Matterson en provenance des Sea Eagles en NRL.<\/p>\n<p style=\"text-align: justify;\">Dean Matterson arrive chez les Tigers pour les aider \u00e0 conserver leur titre de champion acquis en 2025 apr\u00e8s 48 ans d\u2019attente. L\u2019Australien am\u00e8ne dans ses bagages, son intelligence de jeu, sa puissance et surtout sa polyvalence, lui qui peut \u00e9voluer 2\u00e8me ligne, 3\u00e8me ligne ou demi d\u2019ouverture. Auteur de 7 apparitions en NRL en 2023, Dean Matterson qui jouait principalement en NSW Cup ne vient pas en France pour \u00eatre en vacances. Il vient pour gagner des titres, son exp\u00e9rience sera importante pour le groupe entrain\u00e9 par Tony Gigot et Ben Shea. Vous l\u2019aurez compris, en gardant ses hommes forts et en recrutant intelligemment, Albi a de gros objectifs cette saison et se donne les moyens pour parvenir \u00e0 les r\u00e9aliser.<\/p>\n<blockquote class=\"instagram-media\" data-instgrm-captioned=\"\" data-instgrm-permalink=\"https:\/\/www.instagram.com\/reel\/DOEFyC7DOwu\/?utm_source=ig_embed&amp;utm_campaign=loading\" data-instgrm-version=\"14\" style=\" background:#FFF; border:0; border-radius:3px; box-shadow:0 0 1px 0 rgba(0,0,0,0.5),0 1px 10px 0 rgba(0,0,0,0.15); margin: 1px; max-width:500px; min-width:326px; padding:0; width:99.375%; width:-webkit-calc(100% - 2px); width:calc(100% - 2px);\">\n<\/blockquote>\n<p>        <script async src=\"\/\/www.instagram.com\/embed.js\"><\/script><\/p>\n","protected":false},"excerpt":{"rendered":"Les Albigeois annoncent le recrutement XXL de Dean Matterson en provenance du championnat le plus prestigieux, la NRL.&hellip;\n","protected":false},"author":2,"featured_media":361641,"comment_status":"","ping_status":"","sticky":false,"template":"","format":"standard","meta":{"footnotes":""},"categories":[1416],"tags":[7296,20088,39267,49706,1011,27,479,2228,1468,2229,60,2231],"class_list":{"0":"post-361640","1":"post","2":"type-post","3":"status-publish","4":"format-standard","5":"has-post-thumbnail","7":"category-rugby","8":"tag-albi","9":"tag-albi-rl-xiii","10":"tag-albi-rugby-league","11":"tag-dean-matterson","12":"tag-fr","13":"tag-france","14":"tag-rugby","15":"tag-rugby-a-xiii","16":"tag-rugby-football","17":"tag-rugby-league","18":"tag-sports","19":"tag-super-xiii"},"share_on_mastodon":{"url":"https:\/\/pubeurope.com\/@fr\/115136692624952921","error":""},"_links":{"self":[{"href":"https:\/\/www.europesays.com\/fr\/wp-json\/wp\/v2\/posts\/361640","targetHints":{"allow":["GET"]}}],"collection":[{"href":"https:\/\/www.europesays.com\/fr\/wp-json\/wp\/v2\/posts"}],"about":[{"href":"https:\/\/www.europesays.com\/fr\/wp-json\/wp\/v2\/types\/post"}],"author":[{"embeddable":true,"href":"https:\/\/www.europesays.com\/fr\/wp-json\/wp\/v2\/users\/2"}],"replies":[{"embeddable":true,"href":"https:\/\/www.europesays.com\/fr\/wp-json\/wp\/v2\/comments?post=361640"}],"version-history":[{"count":0,"href":"https:\/\/www.europesays.com\/fr\/wp-json\/wp\/v2\/posts\/361640\/revisions"}],"wp:featuredmedia":[{"embeddable":true,"href":"https:\/\/www.europesays.com\/fr\/wp-json\/wp\/v2\/media\/361641"}],"wp:attachment":[{"href":"https:\/\/www.europesays.com\/fr\/wp-json\/wp\/v2\/media?parent=361640"}],"wp:term":[{"taxonomy":"category","embeddable":true,"href":"https:\/\/www.europesays.com\/fr\/wp-json\/wp\/v2\/categories?post=361640"},{"taxonomy":"post_tag","embeddable":true,"href":"https:\/\/www.europesays.com\/fr\/wp-json\/wp\/v2\/tags?post=361640"}],"curies":[{"name":"wp","href":"https:\/\/api.w.org\/{rel}","templated":true}]}}