{"id":361642,"date":"2025-09-02T20:54:10","date_gmt":"2025-09-02T20:54:10","guid":{"rendered":"https:\/\/www.europesays.com\/fr\/361642\/"},"modified":"2025-09-02T20:54:10","modified_gmt":"2025-09-02T20:54:10","slug":"alcaraz-fait-aussi-bien-que-sinner","status":"publish","type":"post","link":"https:\/\/www.europesays.com\/fr\/361642\/","title":{"rendered":"Alcaraz fait aussi bien que Sinner"},"content":{"rendered":"<p class=\"date\">\n                                                            Aur\u00e9lie Sacchelli, Media365, publi\u00e9 le mardi 02 septembre 2025 \u00e0 21h54\n                                                    <\/p>\n<p>Comme Jannik Sinner la veille contre Alexander Bublik, Carlos Alcaraz a impressionn\u00e9 contre Jiri Lehecka en quarts de finale de l&rsquo;US Open et rejoint le dernier carr\u00e9, o\u00f9 il d\u00e9fiera vendredi Novak Djokovic ou Taylor Fritz.<\/p>\n<p>Ils sont tous les deux sur une autre plan\u00e8te, et ils nous offrent chaque jour une le\u00e7on de tennis. Lundi, <a href=\"https:\/\/sports.orange.fr\/tennis\/us-open\/article\/us-open-h-sinner-a-encore-pulverise-bublik-CNT000002krur0.html\" rel=\"nofollow noopener\" target=\"_blank\">Jannik Sinner avait exp\u00e9di\u00e9 Alexander Bublik<\/a> lors d&rsquo;un match \u00e0 sens unique, pour se qualifier pour les quarts de finale de l&rsquo;US Open. Mardi, Carlos Alcaraz a r\u00e9pondu \u00e0 son grand rival en livrant \u00e0 son tour un grand match de tennis, face \u00e0 Jiri Lehecka. <strong>Le n\u00b02 mondial a ralli\u00e9 le dernier carr\u00e9 du tournoi en se d\u00e9faisant du n\u00b021 en trois sets et 1h57 de jeu : 6-4, 6-2, 6-4.<\/strong><a href=\"https:\/\/sports.orange.fr\/tennis\/atp\/article\/atp-doha-alcaraz-stoppe-en-quarts-CNT000002hAzVt.html\" rel=\"nofollow noopener\" target=\"_blank\">Le Tch\u00e8que avait battu l&rsquo;Espagnol \u00e0 Doha<\/a> en f\u00e9vrier dernier, mais affronter Alcaraz en Grand Chelem est une autre histoire, et le joueur de 23 ans l&rsquo;a appris \u00e0 ses d\u00e9pens. Lors de cette rencontre, il ne s&rsquo;est pas procur\u00e9 la moindre balle de break sur le service du n\u00b02 mondial, qui a quant \u00e0 lui pris le service adverse \u00e0 quatre reprises. D\u00e8s le premier jeu du match, Alcaraz a chip\u00e9 la mise en jeu de Lehecka. Il n&rsquo;a ensuite perdu que trois points sur son service, jusqu&rsquo;\u00e0 5-4, o\u00f9 il a conclu le set sur sa troisi\u00e8me occasion. Dans le deuxi\u00e8me, l&rsquo;Espagnol a de nouveau break\u00e9 d&rsquo;entr\u00e9e, puis une nouvelle fois \u00e0 5-2, avant de conclure sur sa premi\u00e8re balle de set.<\/p>\n<p>Une neuvi\u00e8me demie pour Alcaraz<\/p>\n<p>Pas de break en revanche en d\u00e9but de troisi\u00e8me set. Jiri Lehecka a mieux tenu durant l&rsquo;\u00e9change, a sauv\u00e9 une balle de break \u00e0 3-3, mais \u00e0 4-4, il a fini par perdre son service, apr\u00e8s un long \u00e9change sur la balle de break.<strong> Alcaraz n&rsquo;a pas trembl\u00e9 au moment de finir ce match, s&rsquo;imposant sur un dernier jeu blanc.<\/strong> Pour la neuvi\u00e8me fois de sa carri\u00e8re, et la troisi\u00e8me fois \u00e0 New York, le joueur de 22 ans se retrouve dans le derni\u00e8re carr\u00e9 d&rsquo;un Grand Chelem, avec un match \u00e0 venir contre Novak Djokovic (5-3 pour le Serbe dans les confrontations) ou Taylor Fritz (3-0 pour l&rsquo;Espagnol). Mais s&rsquo;ils continuent \u00e0 ce niveau, on file tout droit vers une troisi\u00e8me finale de suite Alcaraz-Sinner en Grand Chelem.<\/p>\n","protected":false},"excerpt":{"rendered":"Aur\u00e9lie Sacchelli, Media365, publi\u00e9 le mardi 02 septembre 2025 \u00e0 21h54 Comme Jannik Sinner la veille contre Alexander&hellip;\n","protected":false},"author":2,"featured_media":361643,"comment_status":"","ping_status":"","sticky":false,"template":"","format":"standard","meta":{"footnotes":""},"categories":[1415],"tags":[1011,27,60,1467],"class_list":{"0":"post-361642","1":"post","2":"type-post","3":"status-publish","4":"format-standard","5":"has-post-thumbnail","7":"category-tennis","8":"tag-fr","9":"tag-france","10":"tag-sports","11":"tag-tennis"},"share_on_mastodon":{"url":"https:\/\/pubeurope.com\/@fr\/115136696379330900","error":""},"_links":{"self":[{"href":"https:\/\/www.europesays.com\/fr\/wp-json\/wp\/v2\/posts\/361642","targetHints":{"allow":["GET"]}}],"collection":[{"href":"https:\/\/www.europesays.com\/fr\/wp-json\/wp\/v2\/posts"}],"about":[{"href":"https:\/\/www.europesays.com\/fr\/wp-json\/wp\/v2\/types\/post"}],"author":[{"embeddable":true,"href":"https:\/\/www.europesays.com\/fr\/wp-json\/wp\/v2\/users\/2"}],"replies":[{"embeddable":true,"href":"https:\/\/www.europesays.com\/fr\/wp-json\/wp\/v2\/comments?post=361642"}],"version-history":[{"count":0,"href":"https:\/\/www.europesays.com\/fr\/wp-json\/wp\/v2\/posts\/361642\/revisions"}],"wp:featuredmedia":[{"embeddable":true,"href":"https:\/\/www.europesays.com\/fr\/wp-json\/wp\/v2\/media\/361643"}],"wp:attachment":[{"href":"https:\/\/www.europesays.com\/fr\/wp-json\/wp\/v2\/media?parent=361642"}],"wp:term":[{"taxonomy":"category","embeddable":true,"href":"https:\/\/www.europesays.com\/fr\/wp-json\/wp\/v2\/categories?post=361642"},{"taxonomy":"post_tag","embeddable":true,"href":"https:\/\/www.europesays.com\/fr\/wp-json\/wp\/v2\/tags?post=361642"}],"curies":[{"name":"wp","href":"https:\/\/api.w.org\/{rel}","templated":true}]}}