{"id":361644,"date":"2025-09-02T20:55:19","date_gmt":"2025-09-02T20:55:19","guid":{"rendered":"https:\/\/www.europesays.com\/fr\/361644\/"},"modified":"2025-09-02T20:55:19","modified_gmt":"2025-09-02T20:55:19","slug":"basket-euro-feminin-les-bleues-veulent-enfin-se-mettre-a-lheure-de-lor","status":"publish","type":"post","link":"https:\/\/www.europesays.com\/fr\/361644\/","title":{"rendered":"Basket (Euro F\u00e9minin) : les Bleues veulent enfin se mettre \u00e0 l\u2019heure de l\u2019or"},"content":{"rendered":"<p>Par\u00e9es du statut de vice-championnes olympiques, pass\u00e9es \u00e0 un point de faire tomber l\u2019ogre am\u00e9ricain \u00e0 domicile, les Bleues sont attendues en Gr\u00e8ce et la pivot Mari\u00e8me Badiane ne s\u2019est pas cach\u00e9e\u00a0: \u00ab\u00a0Avec ce qu\u2019on a montr\u00e9 l\u2019\u00e9t\u00e9 dernier, on n\u2019a pas du tout envie de baisser la barre.\u00a0\u00bb<\/p>\n<p>Mais le groupe de Jean-Aim\u00e9 Toupane sera moins exp\u00e9riment\u00e9 au moment d\u2019aborder l\u2019entr\u00e9e en lice \u00e0 l\u2019Euro mercredi face \u00e0 la Turquie (16h30, heure fran\u00e7aise).<\/p>\n<blockquote><p>\u00ab Avec ce qu\u2019on a montr\u00e9 l\u2019\u00e9t\u00e9 dernier, on n\u2019a pas du tout envie de baisser la barre. \u00bb<\/p><\/blockquote>\n<p>Pas de Gabby Williams ni de Marine Johann\u00e8s, ses deux meilleures marqueuses du tournoi olympique. Pas de Dominique Malonga ni de Carla Leite non plus. Toutes ont fait le choix de renoncer \u00e0 la s\u00e9lection pour se consacrer \u00e0 leur carri\u00e8re en WNBA, dont le calendrier et les r\u00e8gles entrent en conflit avec les comp\u00e9titions internationales.<\/p>\n<p>\u00c0 cela s\u2019est ajout\u00e9e la malchance avec le forfait de Marine Fauthoux, gravement bless\u00e9e au genou. Au final, six m\u00e9daill\u00e9es d\u2019argent de Paris sont pr\u00e9sentes et seule la capitaine Val\u00e9riane Ayayi d\u00e9passe aujourd\u2019hui le nombre de 100 s\u00e9lections (158).<\/p>\n<p>\u00ab\u00a0C\u2019est un groupe qui a chang\u00e9, qui a beaucoup de nouvelles t\u00eates mais cela reste les m\u00eames principes, le m\u00eame style de jeu\u00a0\u00bb, assure Badiane qui, avant d\u2019\u00eatre lib\u00e9r\u00e9e par le Minnesota Lynx en WNBA, avait d\u00e9j\u00e0 fait le choix de rejoindre les Bleues pour l\u2019Euro.<\/p>\n<p>Au-del\u00e0 des joueuses pr\u00e9sentes ou non, l\u2019important c\u2019est de \u00ab\u00a0conna\u00eetre les intentions qu\u2019Aim\u00e9 veut nous inculquer et \u00eatre pr\u00e9sentes dans l\u2019intensit\u00e9, c\u2019est ce qui nous a d\u00e9finies l\u2019an dernier\u00a0\u00bb, ajoute-t-elle.<\/p>\n<p>Pas de victoire serait \u00ab\u00a0une d\u00e9ception\u00a0\u00bb<\/p>\n<p>L\u00e9gende de l\u2019\u00e9quipe de France et manager g\u00e9n\u00e9rale, C\u00e9line Dumerc le rappelle aussi\u00a0: \u00ab\u00a0En 2009, personne ne nous attendait et on a gagn\u00e9, il ne faut pas uniquement regarder le roster\u00a0(effectif, NDLR), mais aussi voir ce qui a \u00e9t\u00e9 mis en place\u00a0\u00bb.<\/p>\n<p>Les Fran\u00e7aises ont notamment connu une pr\u00e9paration courte avec seulement trois matches amicaux due \u00e0 \u00ab\u00a0un manque de r\u00e9ponses favorables aux invitations qu\u2019on avait lanc\u00e9es\u00a0\u00bb pour en disputer davantage, a expliqu\u00e9 Dumerc.<\/p>\n<p>Apr\u00e8s une victoire large contre la Turquie (81-61), son premier adversaire mercredi, les Bleues avaient connu d\u00e9but juin deux soir\u00e9es oppos\u00e9es contre les championnes d\u2019Europe belges qui feront aussi figure de favorites \u00e0 leur propre succession.<\/p>\n<p>Il y a eu un succ\u00e8s fracassant (91-42), puis un match bien plus compliqu\u00e9 le lendemain conclu par une d\u00e9faite (60-63).<\/p>\n<p>\u00ab\u00a0\u00c7a a remis les pendules \u00e0 l\u2019heure, on sait qu\u2019on ne peut pas se rel\u00e2cher, sur aucun match, donc ce n\u2019est pas plus mal\u00a0\u00bb, a pr\u00e9f\u00e9r\u00e9 relativiser Le\u00efla Lacan qui compl\u00e8tera le trio de meneuses avec Romane Bernies et Pauline Astier.<\/p>\n<p>Bien que les Fran\u00e7aises n\u2019entreront pas sur le parquet du Stade de la Paix et de l\u2019Amiti\u00e9 du Pir\u00e9e avec toutes les certitudes, Jean-Aim\u00e9 Toupane se disait lui \u00ab\u00a0confiant\u00a0\u00bb, \u00e0 la vue de son groupe.<\/p>\n<p>Turquie &#8211; France, ce mercredi, 16h30 sur TMC<\/p>\n<p>    Quatre groupes&#8230;<br \/>\ndans quatre pays<br \/>\n<strong>Les participants. <\/strong>Groupe A (en Gr\u00e8ce) : France, Turquie, Gr\u00e8ce, Suisse ; groupe B (en Italie) : Serbie, Italie, Slov\u00e9nie, Lituanie ; groupe C (en R\u00e9publique Tch\u00e8que) : Belgique, R\u00e9publique Tch\u00e8que, Mont\u00e9n\u00e9gro, Portugal ; groupe D (En Allemagne) : Espagne, Allemagne, Grande-Bretagne, Su\u00e8de.<br \/><strong>La formule. <\/strong>L\u2019Euro d\u00e9bute par une phase de groupes (18-22 juin) au cours de laquelle quatre \u00e9quipes par groupe s\u2019affronteront afin de d\u00e9crocher les deux places qualificatives pour la phase finale qui commence \u00e0 partir des quarts (24-29 juin). L\u2019ensemble de cette phase finale se disputera au Pir\u00e9e (Gr\u00e8ce). La finale pour la 3e place et la grande finale auront lieu le 29 juin.  Le vainqueur de la comp\u00e9tition, ainsi que l\u2019Allemagne en tant que pays h\u00f4te, se qualifiera directement pour le Mondial 2026.<\/p>\n","protected":false},"excerpt":{"rendered":"Par\u00e9es du statut de vice-championnes olympiques, pass\u00e9es \u00e0 un point de faire tomber l\u2019ogre am\u00e9ricain \u00e0 domicile, les&hellip;\n","protected":false},"author":2,"featured_media":361645,"comment_status":"","ping_status":"","sticky":false,"template":"","format":"standard","meta":{"footnotes":""},"categories":[1414],"tags":[1465,1464,1011,27,60],"class_list":{"0":"post-361644","1":"post","2":"type-post","3":"status-publish","4":"format-standard","5":"has-post-thumbnail","7":"category-basket","8":"tag-basket","9":"tag-basketball","10":"tag-fr","11":"tag-france","12":"tag-sports"},"share_on_mastodon":{"url":"https:\/\/pubeurope.com\/@fr\/115136700307767750","error":""},"_links":{"self":[{"href":"https:\/\/www.europesays.com\/fr\/wp-json\/wp\/v2\/posts\/361644","targetHints":{"allow":["GET"]}}],"collection":[{"href":"https:\/\/www.europesays.com\/fr\/wp-json\/wp\/v2\/posts"}],"about":[{"href":"https:\/\/www.europesays.com\/fr\/wp-json\/wp\/v2\/types\/post"}],"author":[{"embeddable":true,"href":"https:\/\/www.europesays.com\/fr\/wp-json\/wp\/v2\/users\/2"}],"replies":[{"embeddable":true,"href":"https:\/\/www.europesays.com\/fr\/wp-json\/wp\/v2\/comments?post=361644"}],"version-history":[{"count":0,"href":"https:\/\/www.europesays.com\/fr\/wp-json\/wp\/v2\/posts\/361644\/revisions"}],"wp:featuredmedia":[{"embeddable":true,"href":"https:\/\/www.europesays.com\/fr\/wp-json\/wp\/v2\/media\/361645"}],"wp:attachment":[{"href":"https:\/\/www.europesays.com\/fr\/wp-json\/wp\/v2\/media?parent=361644"}],"wp:term":[{"taxonomy":"category","embeddable":true,"href":"https:\/\/www.europesays.com\/fr\/wp-json\/wp\/v2\/categories?post=361644"},{"taxonomy":"post_tag","embeddable":true,"href":"https:\/\/www.europesays.com\/fr\/wp-json\/wp\/v2\/tags?post=361644"}],"curies":[{"name":"wp","href":"https:\/\/api.w.org\/{rel}","templated":true}]}}