{"id":361646,"date":"2025-09-02T20:56:12","date_gmt":"2025-09-02T20:56:12","guid":{"rendered":"https:\/\/www.europesays.com\/fr\/361646\/"},"modified":"2025-09-02T20:56:12","modified_gmt":"2025-09-02T20:56:12","slug":"morbidelli-prolonge-avec-le-team-vr46-pour-2026","status":"publish","type":"post","link":"https:\/\/www.europesays.com\/fr\/361646\/","title":{"rendered":"Morbidelli prolonge avec le team VR46 pour 2026"},"content":{"rendered":"<p>&#13;<\/p>\n<p><strong>Sans surprise, Franco Morbidelli poursuivra en MotoGP avec le team Pertamina Enduro\u00a0VR46 pour une saison suppl\u00e9mentaire.<\/strong><\/p>\n<p>D\u00e9barqu\u00e9 dans la structure de Tavullia cette saison, Franco Morbidelli a rapidement pris ses marques au sein de l\u2019\u00e9quipe italienne au sein de laquelle il officiera aussi en 2026.<\/p>\n<p>Avec deux podiums le dimanche (Argentine, Qatar) et deux autres en Sprint (Qatar, Hongrie), il occupe actuellement la sixi\u00e8me place du championnat avec 161\u00a0points. \u00ab\u2009Mon attachement \u00e0 cette \u00e9quipe est tr\u00e8s profond, confie l\u2019Italien. Je me sens super bien ici et j\u2019ai une relation incroyable avec chaque membre. Ce sera un plaisir de courir \u00e0 nouveau avec le Pertamina Enduro\u00a0VR46 Racing Team l\u2019ann\u00e9e prochaine. C\u2019est fantastique d\u2019annoncer quelque chose d\u2019aussi sp\u00e9cial. J\u2019esp\u00e8re vivre encore beaucoup de belles journ\u00e9es comme celles qu\u2019on a d\u00e9j\u00e0 connues cette ann\u00e9e, parce qu\u2019on le m\u00e9rite vraiment. Il nous reste presque un an et demi pour continuer \u00e0 montrer tout le potentiel qu\u2019on a ensemble (\u2026)\u2009\u00bb<\/p>\n<p>Align\u00e9 aux c\u00f4t\u00e9s de Fabio Di Giannantonio, d\u00e9j\u00e0 confirm\u00e9 pour 2026, Morbidelli finalise ainsi la composition du team de Valentino Rossi pour la saison prochaine et ferme donc les portes \u00e0 <a href=\"https:\/\/www.gp-inside.com\/acosta-presse-ktm-je-ne-vais-pas-attendre-toute-ma-vie-pour-etre-champion\/\" rel=\"noreferrer noopener\" target=\"_blank\">Pedro Acosta qui honorera donc son contrat avec KTM<\/a>.<\/p>\n<p>&#13;<br \/>\n           &#13;<br \/>\n&#13;<br \/>\n    &#13;<br \/>\n    &#13;<\/p>\n","protected":false},"excerpt":{"rendered":"&#13; Sans surprise, Franco Morbidelli poursuivra en MotoGP avec le team Pertamina Enduro\u00a0VR46 pour une saison suppl\u00e9mentaire. D\u00e9barqu\u00e9&hellip;\n","protected":false},"author":2,"featured_media":361647,"comment_status":"","ping_status":"","sticky":false,"template":"","format":"standard","meta":{"footnotes":""},"categories":[1413],"tags":[1011,27,1457,1456,60],"class_list":{"0":"post-361646","1":"post","2":"type-post","3":"status-publish","4":"format-standard","5":"has-post-thumbnail","7":"category-moto","8":"tag-fr","9":"tag-france","10":"tag-moto","11":"tag-motocycle","12":"tag-sports"},"share_on_mastodon":{"url":"https:\/\/pubeurope.com\/@fr\/115136704182754030","error":""},"_links":{"self":[{"href":"https:\/\/www.europesays.com\/fr\/wp-json\/wp\/v2\/posts\/361646","targetHints":{"allow":["GET"]}}],"collection":[{"href":"https:\/\/www.europesays.com\/fr\/wp-json\/wp\/v2\/posts"}],"about":[{"href":"https:\/\/www.europesays.com\/fr\/wp-json\/wp\/v2\/types\/post"}],"author":[{"embeddable":true,"href":"https:\/\/www.europesays.com\/fr\/wp-json\/wp\/v2\/users\/2"}],"replies":[{"embeddable":true,"href":"https:\/\/www.europesays.com\/fr\/wp-json\/wp\/v2\/comments?post=361646"}],"version-history":[{"count":0,"href":"https:\/\/www.europesays.com\/fr\/wp-json\/wp\/v2\/posts\/361646\/revisions"}],"wp:featuredmedia":[{"embeddable":true,"href":"https:\/\/www.europesays.com\/fr\/wp-json\/wp\/v2\/media\/361647"}],"wp:attachment":[{"href":"https:\/\/www.europesays.com\/fr\/wp-json\/wp\/v2\/media?parent=361646"}],"wp:term":[{"taxonomy":"category","embeddable":true,"href":"https:\/\/www.europesays.com\/fr\/wp-json\/wp\/v2\/categories?post=361646"},{"taxonomy":"post_tag","embeddable":true,"href":"https:\/\/www.europesays.com\/fr\/wp-json\/wp\/v2\/tags?post=361646"}],"curies":[{"name":"wp","href":"https:\/\/api.w.org\/{rel}","templated":true}]}}