{"id":361652,"date":"2025-09-02T20:59:17","date_gmt":"2025-09-02T20:59:17","guid":{"rendered":"https:\/\/www.europesays.com\/fr\/361652\/"},"modified":"2025-09-02T20:59:17","modified_gmt":"2025-09-02T20:59:17","slug":"une-arrivee-tres-prometteuse-en-attaque-fait-deja-rever-le-peuple-lensois","status":"publish","type":"post","link":"https:\/\/www.europesays.com\/fr\/361652\/","title":{"rendered":"Une arriv\u00e9e tr\u00e8s prometteuse en attaque fait d\u00e9j\u00e0 r\u00eaver le peuple lensois"},"content":{"rendered":"<p>                                            Publi\u00e9 le 02\/09\/2025 \u00e0 19h41<br \/>\n                                                                                3 minutes de lecture\n                                                                    <\/p>\n<p>F\u00e9ru de sport et plus particuli\u00e8rement de ballon rond depuis ma plus tendre enfance.<\/p>\n<p>                                            Lire la suite<\/p>\n<p>Le mercato estival du RC Lens s\u00a0\u00bbest achev\u00e9 sur une note particuli\u00e8rement intrigante avec l&rsquo;arriv\u00e9e d&rsquo;<strong>Odsonne \u00c9douard<\/strong>, attaquant de <strong>27 ans<\/strong> en provenance de Crystal Palace. Cette signature, n\u00e9goci\u00e9e pour un montant compris entre <strong>3,5 et 4 millions d&rsquo;euros<\/strong> et assortie d&rsquo;un contrat de <strong>trois ann\u00e9es<\/strong>, repr\u00e9sente bien plus qu&rsquo;un simple renfort offensif pour les Sang et Or. Elle symbolise un v\u00e9ritable pari sur l&rsquo;avenir, m\u00ealant opportunisme \u00e9conomique et espoir sportif. L&rsquo;ancien prodige parisien, qui traverse une p\u00e9riode d\u00e9licate de sa carri\u00e8re depuis son passage outre-Manche, d\u00e9barque dans l&rsquo;Artois avec la ferme intention de retrouver ses sensations perdues et de redonner du cr\u00e9dit \u00e0 un talent autrefois unanimement reconnu. Cette arriv\u00e9e suscite d\u00e9j\u00e0 de nombreuses r\u00e9actions parmi les observateurs du football fran\u00e7ais, oscillant entre scepticisme prudent et optimisme mesur\u00e9.<\/p>\n<p>                                <img decoding=\"async\" src=\"https:\/\/www.europesays.com\/fr\/wp-content\/uploads\/2025\/04\/1744123449_543_logo.png\" alt=\"Logo\"\/><\/p>\n<p>100\u20ac offerts sur ton 1er pari !<\/p>\n<p>                            <a href=\"https:\/\/bit.ly\/4j5wl4k\" class=\"headband-button\" rel=\"nofollow noopener\" target=\"_blank\">J&rsquo;en profite<\/a><\/p>\n<p>                                                                <img loading=\"lazy\" decoding=\"async\" src=\"https:\/\/www.europesays.com\/fr\/wp-content\/uploads\/2025\/09\/mercato-lens-une-arrivee-tres-prometteuse-en-attaque-fait-deja-rever-le-peuple-lensois.jpg\" alt=\"Illustration : &quot;Mercato Lens : Une arriv\u00e9e tr\u00e8s prometteuse en attaque fait d\u00e9j\u00e0 r\u00eaver le peuple lensois&quot;\" class=\"figure-img img-fluid\" width=\"780\" height=\"478\"\/><\/p>\n<p>                                    \u00a9 Site officiel du RC Lens                                <\/p>\n<p>Un parcours en dents de scie qui interroge<\/p>\n<p>Le curriculum vitae d&rsquo;Odsonne \u00c9douard pr\u00e9sente des contrastes saisissants qui expliquent \u00e0 la fois l&rsquo;int\u00e9r\u00eat de Lens et les interrogations l\u00e9gitimes qui entourent ce transfert. <strong>Machine \u00e0 marquer avec l&rsquo;\u00e9quipe de France Espoirs<\/strong> o\u00f9 il a inscrit <strong>17 buts en 14 s\u00e9lections<\/strong>, l&rsquo;attaquant fran\u00e7ais a \u00e9galement brill\u00e9 en \u00c9cosse en devenant <strong>double meilleur buteur du championnat \u00e9cossais avec le Celtic<\/strong> lors des saisons <strong>2020 et 2021<\/strong>. Son bilan statistique chez les Bhoys demeure remarquable avec <strong>66 buts en 116 matchs<\/strong>, \u00e9tablissant un ratio de <strong>0,57 but par match<\/strong>, record absolu du championnat \u00e9cossais pour un joueur ayant d\u00e9pass\u00e9 la barre des 50 r\u00e9alisations. Cependant, son aventure anglaise a consid\u00e9rablement terni cette belle trajectoire. Recrut\u00e9 pour <strong>16 millions d&rsquo;euros par Crystal Palace en 2021<\/strong>, il n&rsquo;a jamais r\u00e9ussi \u00e0 s&rsquo;imposer en Premier League, ne parvenant qu&rsquo;\u00e0 inscrire <strong>18 buts en 100 apparitions<\/strong>. Sa derni\u00e8re saison s&rsquo;est r\u00e9v\u00e9l\u00e9e particuli\u00e8rement d\u00e9cevante avec seulement <strong>8 matchs disput\u00e9s toutes comp\u00e9titions confondues<\/strong>, dont \u00e0 peine <strong>23 minutes depuis la reprise<\/strong>, t\u00e9moignant d&rsquo;une mise \u00e0 l&rsquo;\u00e9cart quasi-totale.<\/p>\n<p>Une opportunit\u00e9 de march\u00e9 saisie par Lens<\/p>\n<p>La direction lensoise a per\u00e7u dans cette situation d\u00e9licate une v\u00e9ritable aubaine financi\u00e8re et sportive. <strong>N&rsquo;\u00e9tant plus d\u00e9sir\u00e9 \u00e0 Palace<\/strong> o\u00f9 il ne lui restait qu&rsquo;<strong>une ann\u00e9e de contrat<\/strong>, \u00c9douard a accept\u00e9 de <strong>revoir ses pr\u00e9tentions salariales \u00e0 la baisse<\/strong> pour s&rsquo;adapter \u00e0 la grille de r\u00e9mun\u00e9ration fix\u00e9e par le Racing Club de Lens. Cet effort consenti par le joueur a \u00e9t\u00e9 particuli\u00e8rement <strong>appr\u00e9ci\u00e9 par la direction art\u00e9sienne<\/strong>, qui y voit la preuve d&rsquo;une r\u00e9elle motivation \u00e0 relancer sa carri\u00e8re dans un environnement plus favorable. L&rsquo;ancien Titi du PSG arrive donc avec le statut de joueur revanchard, d\u00e9termin\u00e9 \u00e0 prouver que ses difficult\u00e9s anglaises ne refl\u00e8tent pas son v\u00e9ritable niveau. Cette approche pragmatique de la part des dirigeants lensois s&rsquo;inscrit dans une logique d&rsquo;opportunisme intelligent, consistant \u00e0 r\u00e9cup\u00e9rer un joueur de qualit\u00e9 \u00e0 un prix raisonnable, tout en lui offrant les conditions id\u00e9ales pour retrouver ses sensations. Le pari est d&rsquo;autant plus int\u00e9ressant que le profil d&rsquo;\u00c9douard correspond parfaitement aux besoins offensifs identifi\u00e9s par le staff technique.<\/p>\n<p>Un retour symbolique qui passionne d\u00e9j\u00e0<\/p>\n<p>L&rsquo;arriv\u00e9e d&rsquo;Odsonne \u00c9douard \u00e0 Lens rev\u00eat \u00e9galement une dimension symbolique particuli\u00e8re qui n&rsquo;\u00e9chappe pas aux supporters les plus avertis. Un d\u00e9tail historique amusant circule d\u00e9j\u00e0 parmi les fans : <strong>\u00c9douard devient seulement le deuxi\u00e8me joueur de l&rsquo;histoire du club \u00e0 arriver directement de Crystal Palace<\/strong>, apr\u00e8s <strong>Val\u00e9rien Isma\u00ebl<\/strong>, figure embl\u00e9matique de l&rsquo;\u00e9pop\u00e9e europ\u00e9enne lensoise de l&rsquo;ann\u00e9e 2000. Cette co\u00efncidence alimente les espoirs des supporters qui voient dans cette signature un pr\u00e9sage favorable pour l&rsquo;avenir. Sur les r\u00e9seaux sociaux, les r\u00e9actions se multiplient d\u00e9j\u00e0, m\u00ealant <strong>comparaisons, souvenirs et d\u00e9bats passionn\u00e9s<\/strong>. Certains fans se rem\u00e9morent le <strong>jeune crack form\u00e9 au PSG<\/strong>, d&rsquo;autres mettent en avant son <strong>pedigree europ\u00e9en<\/strong> acquis lors de ses ann\u00e9es \u00e9cossaises, et tous s&rsquo;accordent sur le fait que Lens mise \u00e9norm\u00e9ment sur sa capacit\u00e9 \u00e0 redevenir d\u00e9cisif. Ce retour en Ligue 1 sera d&rsquo;autant plus scrut\u00e9 qu&rsquo;il intervient apr\u00e8s <strong>son d\u00e9part mouvement\u00e9 de Paris en 2017<\/strong>, marqu\u00e9 par une affaire judiciaire alors qu&rsquo;il \u00e9voluait en pr\u00eat \u00e0 Toulouse.<\/p>\n<p>\u00c0 l\u2019occasion de la 4\u00e8me journ\u00e9e de Ligue 1, le RCL tentera d\u2019aller chercher un r\u00e9sultat positif sur la pelouse du Parc des Princes face au PSG. Pour cette rencontre, profitez de 100\u20ac offerts pour votre premi\u00e8re inscription sur Parions Sport en Ligne. <a href=\"http:\/\/bit.ly\/4hgs1yE\" rel=\"nofollow noopener\" target=\"_blank\"><strong>Une victoire du RC Lens face au PSG vous rapporte jusqu\u2019\u00e0 770\u20ac !<\/strong><\/a><\/p>\n<p><strong>Pour en profiter, c\u2019est tr\u00e8s simple :<\/strong><\/p>\n<p>&#8211;                  Cr\u00e9ez votre compte joueur en seulement 2 \u00e9tapes <a href=\"http:\/\/bit.ly\/4hgs1yE\" rel=\"nofollow noopener\" target=\"_blank\"><strong>ici<\/strong><\/a><\/p>\n<p>&#8211;                  R\u00e9alisez votre 1er d\u00e9p\u00f4t puis placez votre 1er pari (Minimum 5\u20ac)<\/p>\n<p>&#8211;                  Une fois votre 1er d\u00e9p\u00f4t et votre 1er pari r\u00e9alis\u00e9s, l\u2019int\u00e9gralit\u00e9 du montant de ce 1er pari sera cr\u00e9dit\u00e9e sur votre compte joueur dans la limite de 100\u20ac maximum et sous la forme de cr\u00e9dits de jeu non retirables. Le cr\u00e9dit s\u2019effectuera alors en une seule \u00e9tape et sous 3 jours<\/p>\n<p>Jouer comporte des risques : endettement, d\u00e9pendance\u2026 Appelez le 09 74 75 13 13 (appel non surtax\u00e9)<\/p>\n","protected":false},"excerpt":{"rendered":"Publi\u00e9 le 02\/09\/2025 \u00e0 19h41 3 minutes de lecture F\u00e9ru de sport et plus particuli\u00e8rement de ballon rond&hellip;\n","protected":false},"author":2,"featured_media":361653,"comment_status":"","ping_status":"","sticky":false,"template":"","format":"standard","meta":{"footnotes":""},"categories":[1410],"tags":[63,1011,27,60],"class_list":{"0":"post-361652","1":"post","2":"type-post","3":"status-publish","4":"format-standard","5":"has-post-thumbnail","7":"category-football","8":"tag-football","9":"tag-fr","10":"tag-france","11":"tag-sports"},"share_on_mastodon":{"url":"https:\/\/pubeurope.com\/@fr\/115136716483919056","error":""},"_links":{"self":[{"href":"https:\/\/www.europesays.com\/fr\/wp-json\/wp\/v2\/posts\/361652","targetHints":{"allow":["GET"]}}],"collection":[{"href":"https:\/\/www.europesays.com\/fr\/wp-json\/wp\/v2\/posts"}],"about":[{"href":"https:\/\/www.europesays.com\/fr\/wp-json\/wp\/v2\/types\/post"}],"author":[{"embeddable":true,"href":"https:\/\/www.europesays.com\/fr\/wp-json\/wp\/v2\/users\/2"}],"replies":[{"embeddable":true,"href":"https:\/\/www.europesays.com\/fr\/wp-json\/wp\/v2\/comments?post=361652"}],"version-history":[{"count":0,"href":"https:\/\/www.europesays.com\/fr\/wp-json\/wp\/v2\/posts\/361652\/revisions"}],"wp:featuredmedia":[{"embeddable":true,"href":"https:\/\/www.europesays.com\/fr\/wp-json\/wp\/v2\/media\/361653"}],"wp:attachment":[{"href":"https:\/\/www.europesays.com\/fr\/wp-json\/wp\/v2\/media?parent=361652"}],"wp:term":[{"taxonomy":"category","embeddable":true,"href":"https:\/\/www.europesays.com\/fr\/wp-json\/wp\/v2\/categories?post=361652"},{"taxonomy":"post_tag","embeddable":true,"href":"https:\/\/www.europesays.com\/fr\/wp-json\/wp\/v2\/tags?post=361652"}],"curies":[{"name":"wp","href":"https:\/\/api.w.org\/{rel}","templated":true}]}}