{"id":361654,"date":"2025-09-02T21:00:12","date_gmt":"2025-09-02T21:00:12","guid":{"rendered":"https:\/\/www.europesays.com\/fr\/361654\/"},"modified":"2025-09-02T21:00:12","modified_gmt":"2025-09-02T21:00:12","slug":"audrey-crespo-mara-raconte-les-derniers-instants-de-thierry-ardisson-dans-quotidien","status":"publish","type":"post","link":"https:\/\/www.europesays.com\/fr\/361654\/","title":{"rendered":"Audrey Crespo-Mara raconte les derniers instants de Thierry Ardisson dans \u00abQuotidien\u00bb"},"content":{"rendered":"<p>La journaliste a tenu \u00e0 \u00abrectifier les choses\u00bb dans le talk-show anim\u00e9 par Yann Barth\u00e8s sur les informations partag\u00e9es au moment du d\u00e9c\u00e8s de l\u2019homme en noir, survenu le 14 juillet dernier.<\/p>\n<p class=\"fig-paragraph\">\u00abC\u2019est difficile, je me confronte \u00e0 l\u2019absence\u00bb, confie avec beaucoup d\u2019\u00e9motion\u00a0<a href=\"http:\/\/tvmag.lefigaro.fr\/programme-tv\/actu-tele\/je-vais-continuer-ma-vie-ici-sans-sa-presence-mais-avec-lui-audrey-crespo-mara-se-confie-sur-thierry-ardisson-20250830\" target=\"_blank\" data-fig-type=\"Article\" rel=\"noopener\" data-gtm-custom-categorie=\"navigation\" data-gtm-custom-action=\"crossclick\" data-gtm-custom-label=\"Contextuel\" data-gtm-event=\"customEventSPE\" data-fig-domain=\"TVMAG\"><strong>Audrey Crespo-Mara<\/strong><\/a> \u00a0ce mardi 2 septembre. La journaliste est l\u2019invit\u00e9e de \u00abQuotidien\u00bb pour dire ce qui \u00abs\u2019est r\u00e9ellement pass\u00e9\u00bb. \u00abJe voulais rectifier les choses que j\u2019ai pu lire sur sa disparition\u00bb, annonce-t-elle face \u00e0\u00a0<a href=\"http:\/\/tvmag.lefigaro.fr\/programme-tv\/actu-tele\/il-y-a-des-nouveautes-yann-barthes-devoile-l-identite-des-quatre-humoristes-qui-rejoignent-quotidien-20250830\" target=\"_blank\" data-fig-type=\"Article\" rel=\"noopener\" data-gtm-custom-categorie=\"navigation\" data-gtm-custom-action=\"crossclick\" data-gtm-custom-label=\"Contextuel\" data-gtm-event=\"customEventSPE\" data-fig-domain=\"TVMAG\">Yann Barth\u00e8s<\/a>.<\/p>\n<p class=\"fig-paragraph\">Dans\u00a0<a href=\"http:\/\/tvmag.lefigaro.fr\/programme-tv\/actu-tele\/j-ai-attendu-que-le-sang-se-vide-dans-la-baignoire-thierry-ardisson-revele-les-details-de-sa-tentative-de-suicide-20250717\" target=\"_blank\" data-fig-type=\"Article\" rel=\"noopener\" data-gtm-custom-categorie=\"navigation\" data-gtm-custom-action=\"crossclick\" data-gtm-custom-label=\"Contextuel\" data-gtm-event=\"customEventSPE\" data-fig-domain=\"TVMAG\">La face cach\u00e9e de l\u2019homme en noir<\/a>, diffus\u00e9 le 16 juillet dernier sur TF1, elle a voulu nuancer l\u2019image publique de Thierry Ardisson \u00abtr\u00e8s loin de l\u2019homme sensible\u00bb qu\u2019il \u00e9tait et raconter la vie romanesque de son mari dans la publicit\u00e9, \u00e0 la t\u00e9l\u00e9vision et dans la litt\u00e9rature.\u00a0\u00abCe documentaire n\u2019\u00e9tait pas dans l\u2019optique de sa disparition, parce qu\u2019il devrait encore \u00eatre avec nous\u00bb, commence \u00e0 expliquer celle qui signe chaque semaine le portrait dans \u00abSept \u00e0 huit\u00bb.<\/p>\n<blockquote class=\"fig-quote&#10;    \">\n<p class=\"fig-quote__text\">Il \u00e9tait serein alors qu\u2019on savait qu\u2019on n\u2019avait plus que quelques jours devant nous.<\/p>\n<p>            Audrey Crespo-Mara dans \u00abQuotidien\u00bb\n    <\/p><\/blockquote>\n<p>                                    <a class=\"fig-a11y-skip a11y-hidden\" href=\"#fig-a11y-skip-main-inarticle\"><br \/>\n        Passer la publicit\u00e9<br \/>\n    <\/a><\/p>\n<p class=\"fig-paragraph\">Audrey Crespo-Mara affirme ensuite qu\u2019elle a eu \u00abune libert\u00e9 totale\u00bb, et que l\u2019\u00e9vocation du cancer du foie, provoqu\u00e9 par une h\u00e9patite B attrap\u00e9e par Thierry Ardisson pendant sa trentaine, \u00e9tait une volont\u00e9 de celui qui a partag\u00e9 sa vie pendant 15 ans.<\/p>\n<p class=\"fig-body-link\">\n            \u00c0 lire aussi<br \/>\n        <a class=\"fig-body-link__link\" href=\"http:\/\/tvmag.lefigaro.fr\/programme-tv\/actu-tele\/audrey-crespo-mara-laurent-baffie-faustine-bollaert-suivez-les-obseques-de-thierry-ardisson-en-images-20250717\" target=\"_blank\" data-fig-type=\"Article\" rel=\"noopener\" data-gtm-custom-categorie=\"navigation\" data-gtm-custom-action=\"crossclick\" data-gtm-custom-label=\"Contextuel\" data-gtm-event=\"customEventSPE\" data-fig-domain=\"TVMAG\">Audrey Crespo-Mara, Laurent Baffie, Florent Pagny&#8230; Suivez les obs\u00e8ques de Thierry Ardisson en images<br \/>\n    <\/a>\n<\/p>\n<p class=\"fig-paragraph\">\u00abLe film ne devait pas \u00eatre posthume\u00bb, assure-t-elle mais \u00abson \u00e9tat s\u2019est aggrav\u00e9 au d\u00e9but de l\u2019\u00e9t\u00e9\u00bb. \u00abIl \u00e9tait serein alors qu\u2019on savait qu\u2019on n\u2019avait plus que quelques jours devant nous. Il nous a aid\u00e9s \u00e0 accepter ce qu\u2019on consid\u00e9rait comme inacceptable. On l\u2019a accompagn\u00e9 avec tout notre amour\u00bb, confie la journaliste avant d\u2019\u00e9voquer, encore plus en d\u00e9tail, ses derniers instants\u00a0: \u00abIl ne voulait pas d\u2019acharnement th\u00e9rapeutique. Comme son corps ne r\u00e9pondait plus aux traitements, l\u2019oncologue, ses \u00e9quipes et nous, on l\u2019a accompagn\u00e9 vers ce qu\u2019on appelle une s\u00e9dation profonde pour que ce soit le moins douloureux pour lui.\u00bb<\/p>\n<p class=\"fig-paragraph\">Le 14 juillet 2025, l\u2019homme en noir s\u2019est \u00e9teint, comme une derni\u00e8re boutade \u00e0 l\u2019histoire, lui qui \u00e9tait royaliste. \u00abOn \u00e9tait tr\u00e8s fusionnel, coll\u00e9 l\u2019un \u00e0 l\u2019autre, chez lui ou chez moi. Je sais qu\u2019il veille sur nous, sur moi, sur les enfants\u00bb, d\u00e9clame avec amour Audrey Crespo-Mara qui affirme sa derni\u00e8re volont\u00e9 quand sa propre heure viendra\u00a0: \u00abOn sera enterr\u00e9 tous les deux\u00bb.<\/p>\n","protected":false},"excerpt":{"rendered":"La journaliste a tenu \u00e0 \u00abrectifier les choses\u00bb dans le talk-show anim\u00e9 par Yann Barth\u00e8s sur les informations&hellip;\n","protected":false},"author":2,"featured_media":361655,"comment_status":"","ping_status":"","sticky":false,"template":"","format":"standard","meta":{"footnotes":""},"categories":[1359],"tags":[17979,58,59,1011,27,973,10058],"class_list":{"0":"post-361654","1":"post","2":"type-post","3":"status-publish","4":"format-standard","5":"has-post-thumbnail","7":"category-people","8":"tag-audrey-crespo-mara","9":"tag-divertissement","10":"tag-entertainment","11":"tag-fr","12":"tag-france","13":"tag-people","14":"tag-thierry-ardisson"},"share_on_mastodon":{"url":"https:\/\/pubeurope.com\/@fr\/115136720227058935","error":""},"_links":{"self":[{"href":"https:\/\/www.europesays.com\/fr\/wp-json\/wp\/v2\/posts\/361654","targetHints":{"allow":["GET"]}}],"collection":[{"href":"https:\/\/www.europesays.com\/fr\/wp-json\/wp\/v2\/posts"}],"about":[{"href":"https:\/\/www.europesays.com\/fr\/wp-json\/wp\/v2\/types\/post"}],"author":[{"embeddable":true,"href":"https:\/\/www.europesays.com\/fr\/wp-json\/wp\/v2\/users\/2"}],"replies":[{"embeddable":true,"href":"https:\/\/www.europesays.com\/fr\/wp-json\/wp\/v2\/comments?post=361654"}],"version-history":[{"count":0,"href":"https:\/\/www.europesays.com\/fr\/wp-json\/wp\/v2\/posts\/361654\/revisions"}],"wp:featuredmedia":[{"embeddable":true,"href":"https:\/\/www.europesays.com\/fr\/wp-json\/wp\/v2\/media\/361655"}],"wp:attachment":[{"href":"https:\/\/www.europesays.com\/fr\/wp-json\/wp\/v2\/media?parent=361654"}],"wp:term":[{"taxonomy":"category","embeddable":true,"href":"https:\/\/www.europesays.com\/fr\/wp-json\/wp\/v2\/categories?post=361654"},{"taxonomy":"post_tag","embeddable":true,"href":"https:\/\/www.europesays.com\/fr\/wp-json\/wp\/v2\/tags?post=361654"}],"curies":[{"name":"wp","href":"https:\/\/api.w.org\/{rel}","templated":true}]}}