{"id":361658,"date":"2025-09-02T21:02:10","date_gmt":"2025-09-02T21:02:10","guid":{"rendered":"https:\/\/www.europesays.com\/fr\/361658\/"},"modified":"2025-09-02T21:02:10","modified_gmt":"2025-09-02T21:02:10","slug":"le-salon-du-livre-ancien-et-moderne-de-cahors-met-le-cap-sur-les-etoiles-les-6-et-7-septembre","status":"publish","type":"post","link":"https:\/\/www.europesays.com\/fr\/361658\/","title":{"rendered":"Le Salon du Livre ancien et moderne de Cahors met le cap sur les \u00e9toiles, les 6 et 7\u00a0septembre"},"content":{"rendered":"<p>\n                                                                    l&rsquo;essentiel<br \/>\n                                                                Le 27\u1d49 Salon du Livre ancien et moderne de Cahors se tiendra les 6 et 7\u00a0septembre \u00e0 l\u2019Espace Valentr\u00e9 autour du th\u00e8me de l\u2019astronomie, avec 25 exposants, animations, livres rares, savoir-faire artisanaux, une conf\u00e9rence et des rencontres passionnantes.\n                            <\/p>\n<p>Le Salon du Livre ancien et moderne de Cahors, organis\u00e9 par l\u2019association \u00ab\u00a0Le temps du livre\u00a0\u00bb, l\u2019un des plus importants du Sud-Ouest, se tiendra \u00e0 l\u2019espace Valentr\u00e9 les 6 et 7\u00a0septembre de 10\u00a0heures \u00e0 18\u00a0heures.<\/p>\n<p>Ce rendez-vous incontournable du livre en Midi-Pyr\u00e9n\u00e9es accueillera 25 exposants, \u00e9diteurs et artisans du livre, venus de toute la France, qui pr\u00e9senteront plus de 30\u00a0000 ouvrages et documents rares ou curieux. Une occasion de d\u00e9couvrir des livres qui auraient n\u00e9cessit\u00e9 de faire beaucoup de kilom\u00e8tres\u00a0! L\u2019acc\u00e8s est libre et gratuit. Chaque ann\u00e9e, le salon met en avant une th\u00e9matique.<\/p>\n<p>En 2025, c\u2019est l\u2019astronomie, en hommage \u00e0 deux grandes figures\u00a0: Jean-Dominique Cassini (n\u00e9 en 1625) et Camille Flammarion (mort en 1925). \u00c0 deux pas du Triangle noir du Quercy, territoire reconnu pour la puret\u00e9 de son ciel, le salon c\u00e9l\u00e9brera quatre si\u00e8cles d\u2019histoire de l\u2019observation et de la repr\u00e9sentation des \u00e9toiles. Vous y trouverez des p\u00e9pites sur ce th\u00e8me car le livre est venu au secours de l\u2019astronomie. Samedi 6\u00a0septembre, \u00e0 17\u00a0h\u00a030, le public pourra assister \u00e0 une conf\u00e9rence de Patrick L\u00e9cureuil, astronome amateur, m\u00e9diateur scientifique et auteur prolifique. Pour marquer l\u2019\u00e9v\u00e9nement, cinq marque-pages en \u00e9dition limit\u00e9e haut de gamme seront distribu\u00e9s gratuitement.<\/p>\n<p>Des animations et un jeu-concours<\/p>\n<p>Le salon, festif et ouvert \u00e0 tous, propose \u00e9galement diverses animations\u00a0: un jeu-concours permettant de gagner 100\u00a0euros en bons d\u2019achat \u00e0 d\u00e9penser sur place (tirage au sort dimanche \u00e0 17\u00a0heures), des d\u00e9monstrations de reliure traditionnelle, un art \u00e0 part enti\u00e8re, par B\u00e9atrice Jaques et Catherine Lemouzy, ainsi qu\u2019un atelier de cr\u00e9ation de papiers marbr\u00e9s anim\u00e9 par l\u2019artisane d\u2019art Anne Lasserre-Gasquez reconnue pour son expertise en dominoterie. Vous vivrez un moment d\u2019enchantement en assistant \u00e0 une d\u00e9monstration de marbrure.<\/p>\n<p>Au sein de l\u2019imprimerie associative \u00ab\u00a0Trace\u00a0\u00bb \u00e0 Concots, les \u00e9ditions Mati\u00e8re Grasse, un \u00e9diteur \u00ab\u00a0\u00e0 l\u2019huile de coude\u00a0\u00bb met des \u00e9toiles plein les yeux. Il fera d\u00e9couvrir son catalogue original, ses cr\u00e9ations embl\u00e9matiques et ses auteurs. Comme chaque ann\u00e9e, un libraire est invit\u00e9 d\u2019honneur. Sur ce salon, ce sera Jean-Louis Beauvais, expert reconnu, qui viendra sp\u00e9cialement de Bourges avec une s\u00e9lection de ses ouvrages.<\/p>\n<p>Le Salon du Livre ancien et moderne de Cahors n\u2019est pas r\u00e9serv\u00e9 aux bibliophiles avertis. Il s\u2019adresse aussi bien aux passionn\u00e9s qu\u2019aux curieux, offrant \u00e0 chacun l\u2019occasion de fl\u00e2ner, de renouer avec des souvenirs de lecture, de rencontrer des professionnels du livre ou encore de faire estimer gratuitement les tr\u00e9sors de sa propre biblioth\u00e8que. Pour en savoir davantage\u00a0: <a href=\"https:\/\/salondulivreanciencahors.com\/\" target=\"_self\" rel=\"nofollow noopener\">https:\/\/salondulivreanciencahors.com\/<\/a><\/p>\n","protected":false},"excerpt":{"rendered":"l&rsquo;essentiel Le 27\u1d49 Salon du Livre ancien et moderne de Cahors se tiendra les 6 et 7\u00a0septembre \u00e0&hellip;\n","protected":false},"author":2,"featured_media":361659,"comment_status":"","ping_status":"","sticky":false,"template":"","format":"standard","meta":{"footnotes":""},"categories":[1357],"tags":[1379,58,59,1011,27,1380],"class_list":{"0":"post-361658","1":"post","2":"type-post","3":"status-publish","4":"format-standard","5":"has-post-thumbnail","7":"category-livres","8":"tag-books","9":"tag-divertissement","10":"tag-entertainment","11":"tag-fr","12":"tag-france","13":"tag-livres"},"share_on_mastodon":{"url":"https:\/\/pubeurope.com\/@fr\/115136727832098906","error":""},"_links":{"self":[{"href":"https:\/\/www.europesays.com\/fr\/wp-json\/wp\/v2\/posts\/361658","targetHints":{"allow":["GET"]}}],"collection":[{"href":"https:\/\/www.europesays.com\/fr\/wp-json\/wp\/v2\/posts"}],"about":[{"href":"https:\/\/www.europesays.com\/fr\/wp-json\/wp\/v2\/types\/post"}],"author":[{"embeddable":true,"href":"https:\/\/www.europesays.com\/fr\/wp-json\/wp\/v2\/users\/2"}],"replies":[{"embeddable":true,"href":"https:\/\/www.europesays.com\/fr\/wp-json\/wp\/v2\/comments?post=361658"}],"version-history":[{"count":0,"href":"https:\/\/www.europesays.com\/fr\/wp-json\/wp\/v2\/posts\/361658\/revisions"}],"wp:featuredmedia":[{"embeddable":true,"href":"https:\/\/www.europesays.com\/fr\/wp-json\/wp\/v2\/media\/361659"}],"wp:attachment":[{"href":"https:\/\/www.europesays.com\/fr\/wp-json\/wp\/v2\/media?parent=361658"}],"wp:term":[{"taxonomy":"category","embeddable":true,"href":"https:\/\/www.europesays.com\/fr\/wp-json\/wp\/v2\/categories?post=361658"},{"taxonomy":"post_tag","embeddable":true,"href":"https:\/\/www.europesays.com\/fr\/wp-json\/wp\/v2\/tags?post=361658"}],"curies":[{"name":"wp","href":"https:\/\/api.w.org\/{rel}","templated":true}]}}