{"id":361660,"date":"2025-09-02T21:03:12","date_gmt":"2025-09-02T21:03:12","guid":{"rendered":"https:\/\/www.europesays.com\/fr\/361660\/"},"modified":"2025-09-02T21:03:12","modified_gmt":"2025-09-02T21:03:12","slug":"canal-annonce-vouloir-racheter-ugc-dici-a-2028-20-minutes","status":"publish","type":"post","link":"https:\/\/www.europesays.com\/fr\/361660\/","title":{"rendered":"Canal+ annonce vouloir racheter UGC d\u2019ici \u00e0 2028 &#8211; 20 Minutes"},"content":{"rendered":"<ol>\n<li><a href=\"https:\/\/news.google.com\/rss\/articles\/CBMiowFBVV95cUxOdE1FRVhqcE9YLUk0dXNmQTd0Y1ZuSkpHWlJKbXRxeDJQbmRMUEc0SGRDc2ZuWndQc3lqZDRTeUp5c2huQWFmcDJnUEF5OWtFbEVCMG1TQ29CQU1HaFJ0VklkaW94bklpR1A2YTZJVzI2U0pBR2JmSnBBbXJiaThlOGpBejJEM0tPc3ZEOGk4WGJ5X2w4SjhuLXJpRTRpWFZaaGRF?oc=5\" target=\"_blank\" rel=\"noopener\">Canal+ annonce vouloir racheter UGC d\u2019ici \u00e0 2028<\/a>&nbsp;&nbsp;20 Minutes<\/li>\n<li><a href=\"https:\/\/news.google.com\/rss\/articles\/CBMi0gFBVV95cUxOdXN1cGlvQ2VLUC1tN3ZLdnQtNEl5SlB4ZXpSRW1YeHBVSTk1Q1Z2anlzQXE1bnV5TmUtalZSOTFlYl9XenJjdzJCOGVYY2R0WlBIdmVxanBvdWZhWm9Na3FvTW5LWm5LNmlKbnNobmRCTW14ZmZxSUlZQkVBeFpJTExmc0M1UXpiM3VIRWw2cnE3eUsybXNmOWVfZ1JWTkhSMG1CdjQtSkFxci1nSm8zOUNhMlh6UU80ZnNsaWtuZGVNbGo1UnpOTVZ4eGlIYlpyWXc?oc=5\" target=\"_blank\" rel=\"noopener\">Canal+ annonce vouloir racheter le r\u00e9seau de cin\u00e9mas UGC d\u2019ici \u00e0 2028<\/a>&nbsp;&nbsp;Le Monde.fr<\/li>\n<li><a href=\"https:\/\/news.google.com\/rss\/articles\/CBMiXkFVX3lxTE94ck5ZRHZ4MThvYTJYWFJuOXRfX0ZUZUR0TFI1bnptNmpQUDNvVVkzX09MblNBY24tbTlyUXhkWE1HeGJBODRtR0pDRUlaU0FUUWt5YUxiY2hjYUMtdFE?oc=5\" target=\"_blank\" rel=\"noopener\">CANA L en n\u00e9gociations exclusives &#8211; UGC<\/a>&nbsp;&nbsp;Groupe CANAL+<\/li>\n<li><a href=\"https:\/\/news.google.com\/rss\/articles\/CBMi2wFBVV95cUxNT1I3R2RNWkw5NURJNVRmWDUzZkR5RF9ISGM3Ti1hNm04eFhYR0ZHMkxkaG0tc1lGbVRCRjhZT3VsZ0U1Q2VyaEJNNFFvX0ZaUDJvaHh2cTFVZklhRGRmMEFKellBYXhZSkE3cTg2RUZQMG9JeUdsRTZtM253cVR6cTZkUE9VbGdmbTdUZHhyY1VoWkJNWTE4cjg4WGpCN3VnY21IaERzVi1RVjNsZmJvdVB2TmFFZG4yMTNRTG9nYW9QSGVMTVdYcnkzaGNHZWVQdmxrYkt2VWc3Qkk?oc=5\" target=\"_blank\" rel=\"noopener\">Cin\u00e9ma : le groupe Canal+ annonce vouloir racheter le r\u00e9seau de salles UGC<\/a>&nbsp;&nbsp;Ouest-France<\/li>\n<li><a href=\"https:\/\/news.google.com\/rss\/articles\/CBMitgFBVV95cUxPUU41dUt3ZTgyR2NvN3AxT25NeUQzWVlWZDhDRUFFekZCTEFMTExVTk51ODktY09NdDVfc2NZSk1JQ3R6MVdQSDAwa19tMlZnN1FGSzhaeHhGdDB6RUJBMVN3Qks3VjJRdVFoOEUwVVVZc1dzQVBLd2p4LW84eGVMWkxiU2laV1EwOG9va0d3cmctdHBjQVhwdWN0ZGdqSkE2WG80d2x4Z3o5Sm9YYnVFWEdvdTdVdw?oc=5\" target=\"_blank\" rel=\"noopener\">Canal+ s&rsquo;appr\u00eate \u00e0 racheter UGC, l&rsquo;un des leaders du cin\u00e9ma fran\u00e7ais<\/a>&nbsp;&nbsp;Les Echos<\/li>\n<\/ol>\n","protected":false},"excerpt":{"rendered":"Canal+ annonce vouloir racheter UGC d\u2019ici \u00e0 2028&nbsp;&nbsp;20 Minutes Canal+ annonce vouloir racheter le r\u00e9seau de cin\u00e9mas UGC&hellip;\n","protected":false},"author":2,"featured_media":361661,"comment_status":"","ping_status":"","sticky":false,"template":"","format":"standard","meta":{"footnotes":""},"categories":[1356],"tags":[314,10474,650,58,33,59,1011,27,500,8847,252,1364,24660],"class_list":{"0":"post-361660","1":"post","2":"type-post","3":"status-publish","4":"format-standard","5":"has-post-thumbnail","7":"category-television","8":"tag-acquisition","9":"tag-canal","10":"tag-cinema","11":"tag-divertissement","12":"tag-economie","13":"tag-entertainment","14":"tag-fr","15":"tag-france","16":"tag-medias","17":"tag-rachat","18":"tag-television","19":"tag-tv","20":"tag-ugc"},"share_on_mastodon":{"url":"https:\/\/pubeurope.com\/@fr\/115136731872566086","error":""},"_links":{"self":[{"href":"https:\/\/www.europesays.com\/fr\/wp-json\/wp\/v2\/posts\/361660","targetHints":{"allow":["GET"]}}],"collection":[{"href":"https:\/\/www.europesays.com\/fr\/wp-json\/wp\/v2\/posts"}],"about":[{"href":"https:\/\/www.europesays.com\/fr\/wp-json\/wp\/v2\/types\/post"}],"author":[{"embeddable":true,"href":"https:\/\/www.europesays.com\/fr\/wp-json\/wp\/v2\/users\/2"}],"replies":[{"embeddable":true,"href":"https:\/\/www.europesays.com\/fr\/wp-json\/wp\/v2\/comments?post=361660"}],"version-history":[{"count":0,"href":"https:\/\/www.europesays.com\/fr\/wp-json\/wp\/v2\/posts\/361660\/revisions"}],"wp:featuredmedia":[{"embeddable":true,"href":"https:\/\/www.europesays.com\/fr\/wp-json\/wp\/v2\/media\/361661"}],"wp:attachment":[{"href":"https:\/\/www.europesays.com\/fr\/wp-json\/wp\/v2\/media?parent=361660"}],"wp:term":[{"taxonomy":"category","embeddable":true,"href":"https:\/\/www.europesays.com\/fr\/wp-json\/wp\/v2\/categories?post=361660"},{"taxonomy":"post_tag","embeddable":true,"href":"https:\/\/www.europesays.com\/fr\/wp-json\/wp\/v2\/tags?post=361660"}],"curies":[{"name":"wp","href":"https:\/\/api.w.org\/{rel}","templated":true}]}}