{"id":361662,"date":"2025-09-02T21:04:11","date_gmt":"2025-09-02T21:04:11","guid":{"rendered":"https:\/\/www.europesays.com\/fr\/361662\/"},"modified":"2025-09-02T21:04:11","modified_gmt":"2025-09-02T21:04:11","slug":"orelsan-annonce-des-avant-premieres-de-son-film-yoroi-a-travers-la-france","status":"publish","type":"post","link":"https:\/\/www.europesays.com\/fr\/361662\/","title":{"rendered":"Orelsan annonce des avant-premi\u00e8res de son film \u00ab\u00a0Yoro\u00ef\u00a0\u00bb \u00e0 travers la France"},"content":{"rendered":"<p>Le rappeur caennais sillonnera la France d\u00e8s le mois prochain pour pr\u00e9senter son nouveau long-m\u00e9trage, attendu en salles le 29 octobre.<\/p>\n<p><a href=\"https:\/\/www.bfmtv.com\/people\/musique\/orelsan-rejoint-gringe-pour-un-duo-surprise-au-festival-beauregard_AN-202507080413.html\" title=\"Orelsan rejoint Gringe pour un duo surprise au festival Beauregard\" class=\"internal_link\" rel=\"nofollow noopener\" target=\"_blank\">Orelsan<\/a> va bient\u00f4t aller \u00e0 la rencontre de son public pour son film <a href=\"https:\/\/www.bfmtv.com\/people\/cinema\/orelsan-devoile-la-premiere-bande-annonce-de-son-film-yoroi_AN-202506190410.html\" title=\"Orelsan d\u00e9voile la premi\u00e8re bande-annonce de son film &quot;Yoro\u00ef&quot;\" class=\"internal_link\" rel=\"nofollow noopener\" target=\"_blank\">Yoro\u00ef<\/a>. Ce mardi 2 septembre, l&rsquo;artiste a annonc\u00e9 une tourn\u00e9e d&rsquo;avant-premi\u00e8res \u00e0 travers la France pour pr\u00e9senter son nouveau long-m\u00e9trage, attendu en salles le 29 octobre.<\/p>\n<p>Le rappeur passera ainsi par Caen, le 2 octobre, par Bordeaux, le 4 octobre, par Lyon, le 7 octobre, par Lomme, le 9 octobre, par Nice, le 11 octobre et enfin par Vern le 14 octobre. La billetterie pour assister \u00e0 ces s\u00e9ances exclusives sera mise en ligne d\u00e8s ce mercredi 3 septembre \u00e0 10 heures.<\/p>\n<blockquote class=\"embed embed_quote\"><p>\u00ab\u00a0Yooooooo. On vient pr\u00e9senter &lsquo;YORO\u00cf&rsquo; en avant-premi\u00e8re dans quelques villes. J\u2019en reviens pas que \u00e7a commence dans un mois\u00a0\u00bb, a d\u00e9clar\u00e9 Orelsan sur ses r\u00e9seaux sociaux.<\/p><\/blockquote>\n<p>Un album et une tourn\u00e9e seraient dans les tuyaux<\/p>\n<p>Co-\u00e9crit par Orelsan avec David Tomaszewski, \u00e9galement en charge de la r\u00e9alisation, Yoro\u00ef met en sc\u00e8ne le rappeur dans la peau d&rsquo;Aur\u00e9lien, un musicien qui apr\u00e8s sa derni\u00e8re tourn\u00e9e d\u00e9cide de s&rsquo;installer au Japon avec son \u00e9pouse, enceinte de leur premier enfant.<\/p>\n<p>Dans la maison qu&rsquo;il occupent &#8211; une vieille demeure en pleine campagne &#8211; Aur\u00e9lien d\u00e9couvre une armure ancienne, qui r\u00e9veille d&rsquo;\u00e9tranges cr\u00e9atures, les Yoka\u00efs, sortes de spectres dans la culture populaire japonaise. Par extension, le terme d\u00e9signe \u00e9galement les ph\u00e9nom\u00e8nes \u00e9tranges ou anormaux.<\/p>\n<\/p>\n<p>Tr\u00e8s peu d&rsquo;informations ont filtr\u00e9 \u00e0 propos du casting du film si ce n&rsquo;est qu&rsquo;Orelsan donnera la r\u00e9plique \u00e0 Clara Cho\u00ef, vue dans Sage-homme avec Karin Viard, et que ses \u00e9ternels complices Skread, Gringe et Ablaye seraient de l&rsquo;aventure.<\/p>\n<p>Avec Yoro\u00ef, Orelsan renoue ainsi avec le cin\u00e9ma pr\u00e8s de 10 ans apr\u00e8s la sortie de son premier film, <strong><a href=\"https:\/\/www.bfmtv.com\/people\/cinema\/comment-c-est-loin-premieres-images-du-film-d-orelsan_AN-201511030087.html\" title=\"Comment c&#039;est loin: premi\u00e8res images du film d&#039;Orelsan\" class=\"internal_link\" rel=\"nofollow noopener\" target=\"_blank\">Comment c&rsquo;est loin<\/a><\/strong>.<strong> <\/strong>En 2021, Prime Vid\u00e9o a diffus\u00e9 les deux saisons de <strong><a href=\"https:\/\/www.bfmtv.com\/people\/series\/mariage-plantage-et-doutes-ce-que-reserve-la-saison-2-de-montre-jamais-ca-a-personne_AN-202210120115.html\" title=\"Mariage, plantage et doutes... ce que r\u00e9serve la saison 2 de &quot;Montre jamais \u00e7a \u00e0 personne&quot;\" class=\"internal_link\" rel=\"nofollow noopener\" target=\"_blank\">Montre jamais \u00e7a \u00e0 personne<\/a><\/strong>, de Cl\u00e9ment Cotentin, le jeune fr\u00e8re d&rsquo;Orelsan, sur l&rsquo;ascension du rappeur caennais et les coulisses de la cr\u00e9ation de ses albums.<\/p>\n<p>En 2023, Orelsan a \u00e9galement quitt\u00e9 la maison de disques Wagram Music <strong><a href=\"https:\/\/www.bfmtv.com\/people\/musique\/orelsan-change-de-label-et-arrive-chez-sony-music_AN-202303270564.html\" title=\"Orelsan change de label et arrive chez Sony Music\" class=\"internal_link\" rel=\"nofollow noopener\" target=\"_blank\">pour rejoindre Sony Music<\/a><\/strong>, label avec lequel l&rsquo;artiste s&rsquo;est engag\u00e9 \u00e0 produire deux nouveaux albums ainsi qu&rsquo;un film. D&rsquo;apr\u00e8s <a href=\"https:\/\/www.parismatch.com\/culture\/musique\/film-album-tournee-le-grand-retour-dorelsan-256128\" target=\"_blank\" class=\"external_link\" rel=\"nofollow noopener\">Paris Match<\/a>, l&rsquo;un de ces disques sortira en m\u00eame temps que Yoro\u00ef, le 29 octobre prochain et sera accompagn\u00e9 d&rsquo;une tourn\u00e9e.<\/p>\n","protected":false},"excerpt":{"rendered":"Le rappeur caennais sillonnera la France d\u00e8s le mois prochain pour pr\u00e9senter son nouveau long-m\u00e9trage, attendu en salles&hellip;\n","protected":false},"author":2,"featured_media":361663,"comment_status":"","ping_status":"","sticky":false,"template":"","format":"standard","meta":{"footnotes":""},"categories":[1355],"tags":[58,59,1011,27,1361,873],"class_list":{"0":"post-361662","1":"post","2":"type-post","3":"status-publish","4":"format-standard","5":"has-post-thumbnail","7":"category-musique","8":"tag-divertissement","9":"tag-entertainment","10":"tag-fr","11":"tag-france","12":"tag-music","13":"tag-musique"},"share_on_mastodon":{"url":"https:\/\/pubeurope.com\/@fr\/115136735652583750","error":""},"_links":{"self":[{"href":"https:\/\/www.europesays.com\/fr\/wp-json\/wp\/v2\/posts\/361662","targetHints":{"allow":["GET"]}}],"collection":[{"href":"https:\/\/www.europesays.com\/fr\/wp-json\/wp\/v2\/posts"}],"about":[{"href":"https:\/\/www.europesays.com\/fr\/wp-json\/wp\/v2\/types\/post"}],"author":[{"embeddable":true,"href":"https:\/\/www.europesays.com\/fr\/wp-json\/wp\/v2\/users\/2"}],"replies":[{"embeddable":true,"href":"https:\/\/www.europesays.com\/fr\/wp-json\/wp\/v2\/comments?post=361662"}],"version-history":[{"count":0,"href":"https:\/\/www.europesays.com\/fr\/wp-json\/wp\/v2\/posts\/361662\/revisions"}],"wp:featuredmedia":[{"embeddable":true,"href":"https:\/\/www.europesays.com\/fr\/wp-json\/wp\/v2\/media\/361663"}],"wp:attachment":[{"href":"https:\/\/www.europesays.com\/fr\/wp-json\/wp\/v2\/media?parent=361662"}],"wp:term":[{"taxonomy":"category","embeddable":true,"href":"https:\/\/www.europesays.com\/fr\/wp-json\/wp\/v2\/categories?post=361662"},{"taxonomy":"post_tag","embeddable":true,"href":"https:\/\/www.europesays.com\/fr\/wp-json\/wp\/v2\/tags?post=361662"}],"curies":[{"name":"wp","href":"https:\/\/api.w.org\/{rel}","templated":true}]}}