{"id":361664,"date":"2025-09-02T21:06:14","date_gmt":"2025-09-02T21:06:14","guid":{"rendered":"https:\/\/www.europesays.com\/fr\/361664\/"},"modified":"2025-09-02T21:06:14","modified_gmt":"2025-09-02T21:06:14","slug":"premieres-images-de-la-suite-the-bone-temple","status":"publish","type":"post","link":"https:\/\/www.europesays.com\/fr\/361664\/","title":{"rendered":"premi\u00e8res images de la suite, The Bone Temple"},"content":{"rendered":"<p><strong>Le cauchemar viral de <a href=\"https:\/\/www.ecranlarge.com\/personnalite\/652014-danny-boyle\" data-type=\"people\" data-id=\"17863\" rel=\"nofollow noopener\" target=\"_blank\">Danny Boyle<\/a> reviendra avec <a href=\"https:\/\/www.ecranlarge.com\/films\/28-ans-plus-tard-ii-le-temple-des-os\" data-type=\"films\" data-id=\"1334494\" rel=\"nofollow noopener\" target=\"_blank\">28 ans plus tard : The Bone Temple (<\/a>ou 28 ans plus tard : le temple des os en VF) et Sony vient d\u2019en d\u00e9voiler les premi\u00e8res images. <\/strong><\/p>\n<p>\u00c0 sa sortie, <strong>28 ans plus tard<\/strong> de Danny Boyle avait fait un joli bruit critique, mais n\u2019a malheureusement pas soulev\u00e9 les foules pour autant. <strong><a href=\"https:\/\/www.ecranlarge.com\/films\/news\/28-ans-plus-tard-bide-compromet-trilogie-danny-boyle\" data-type=\"link\" data-id=\"https:\/\/www.ecranlarge.com\/films\/news\/28-ans-plus-tard-bide-compromet-trilogie-danny-boyle\" rel=\"nofollow noopener\" target=\"_blank\">28 ans plus tard <\/a><\/strong><a href=\"https:\/\/www.ecranlarge.com\/films\/news\/28-ans-plus-tard-bide-compromet-trilogie-danny-boyle\" data-type=\"link\" data-id=\"https:\/\/www.ecranlarge.com\/films\/news\/28-ans-plus-tard-bide-compromet-trilogie-danny-boyle\" rel=\"nofollow noopener\" target=\"_blank\">a \u00e9t\u00e9 un petit bide commercial<\/a> : avec un budget de d\u00e9part de 60 millions de dollars, le film d\u2019horreur n\u2019a r\u00e9colt\u00e9 que 150 millions au box-office, soit un score tr\u00e8s ti\u00e8de (pour ne pas dire tr\u00e8s d\u00e9cevant). Un r\u00e9sultat en demi-teinte qui nous avait fait nous demander <a href=\"https:\/\/www.ecranlarge.com\/films\/news\/28-ans-plus-tard-bide-compromet-trilogie-danny-boyle\" data-type=\"link\" data-id=\"https:\/\/www.ecranlarge.com\/films\/news\/28-ans-plus-tard-bide-compromet-trilogie-danny-boyle\" rel=\"nofollow noopener\" target=\"_blank\">si la trilogie <strong>28 ans plus tard<\/strong> allait vraiment voir le jour<\/a>.<\/p>\n<p>                    <img decoding=\"async\" alt=\"\" class=\"wp-image-518375\" style=\"object-fit:cover;width:25px;height:25px\" src=\"https:\/\/www.ecranlarge.com\/content\/uploads\/2023\/09\/arrow-right-circle.svg\"\/><\/p>\n<p>Mais surprise, Sony a bel et bien sorti le ch\u00e9quier, et <strong>The Bone Temple<\/strong> verra le jour, avec une intrigue qui embrasse <a href=\"https:\/\/www.ecranlarge.com\/films\/news\/28-ans-plus-tard-fin-wtf-expliquee-danny-boyle-alex-garland\" data-type=\"link\" data-id=\"https:\/\/www.ecranlarge.com\/films\/news\/28-ans-plus-tard-fin-wtf-expliquee-danny-boyle-alex-garland\" rel=\"nofollow noopener\" target=\"_blank\">le final compl\u00e8tement WTF du film de Danny Boyle<\/a>. On retrouvera donc Spike, h\u00e9ros un brin suicidaire, se retrouve embarqu\u00e9 avec le Dr. Kelson face \u00e0 une secte religieuse men\u00e9e par un certain Sir Jimmy Crystal. Cette confr\u00e9rie d\u2019illumin\u00e9s a pris racine autour d\u2019un sanctuaire construit en ossements humains, qu\u2019ils nomment sobrement le \u00ab Temple des Os \u00bb. <strong>Sony vient de livrer les premi\u00e8res images de cette suite. <\/strong><\/p>\n<p>28 ans plus tard : la chair sur les os<\/p>\n<p>D\u00e9voil\u00e9es en exclusivit\u00e9 par <a href=\"https:\/\/www.rollingstone.com\/tv-movies\/tv-movie-features\/28-years-later-the-bone-temple-first-look-1235419712\/\" data-type=\"link\" data-id=\"https:\/\/www.rollingstone.com\/tv-movies\/tv-movie-features\/28-years-later-the-bone-temple-first-look-1235419712\/\" target=\"_blank\" rel=\"noopener nofollow\">Rolling Stone Magazine<\/a>, ces trois images en montrent \u00e9videmment peu sur l\u2019intrigue \u00e0 venir. La premi\u00e8re d\u2019entre elles met en sc\u00e8ne <strong>Jimmy Crystal (interpr\u00e9t\u00e9 par Jack O\u2019Connell) en leader du culte du Temple des Os<\/strong>. Devant quatre membres de sa secte (les Jimmies), il appara\u00eet les yeux ferm\u00e9s, arborant une croix renvers\u00e9e et faisant le signe de Baphomet (dieu ou d\u00e9mon, selon le point de vue de chacun) de ses mains : deux doigts de la main droite vers le ciel, et deux de la main gauche vers la terre. Ce qui est cens\u00e9 symboliser l\u2019\u00e9quilibre entre mis\u00e9ricorde et justice. Venant d\u2019un \u00e9norme sociopathe, on a quelques doutes sur la volont\u00e9 de mis\u00e9ricorde du type en question. <\/p>\n<p><a href=\"https:\/\/www.ecranlarge.com\/content\/uploads\/2025\/09\/capture-decran-2025-09-02-154322.jpg\" rel=\"nofollow noopener\" target=\"_blank\"><\/p>\n<p><img loading=\"lazy\" decoding=\"async\" alt=\"\" src=\"https:\/\/www.europesays.com\/fr\/wp-content\/uploads\/2025\/09\/capture-decran-2025-09-02-154322-1260x755.jpg\" width=\"1260\" height=\"755\"  \/><\/p>\n<p><\/a><strong>Jimmy Crystal<\/strong>, un personnage qui promet d\u2019\u00eatre haut en couleur<\/p>\n<p>La deuxi\u00e8me image montre Chi Lewis-Parry dans le r\u00f4le de Samson, porteur alpha du virus de la rage, hurlant sa fureur en pleine nature. D\u2019apr\u00e8s les informations r\u00e9v\u00e9l\u00e9es par Rolling Stone, <strong>28 ans plus tard : The Bone Temple<\/strong> s\u2019attardera un peu plus sur le pass\u00e9 du Dr Kelson (Ralph Fiennes), et surtout sur son dr\u00f4le de lien avec Samson, l\u2019infect\u00e9 qu\u2019il pr\u00e9f\u00e8re endormir \u00e0 coups de seringue plut\u00f4t que d\u2019achever pour de bon. <\/p>\n<p>Dans la bande-annonce, qui d\u00e9barque demain, on aper\u00e7oit Kelson tendre la main vers la b\u00eate comme s\u2019il voulait caresser un rottweiler sous st\u00e9ro\u00efdes. La r\u00e9alisatrice Nia DaCosta assure que cette relation \u00e9trange sera \u00ab un \u00e9l\u00e9ment central du film \u00bb. Et m\u00eame si on a d\u00e9j\u00e0 vu Samson commettre un massacre \u00e0 mains nues, Kelson aurait (a priori) des raisons de faire ami-ami avec le monstre.<\/p>\n<p><a href=\"https:\/\/www.ecranlarge.com\/content\/uploads\/2025\/09\/capture-decran-2025-09-02-154334.jpg\" rel=\"nofollow noopener\" target=\"_blank\"><\/p>\n<p><img loading=\"lazy\" decoding=\"async\" alt=\"\" src=\"https:\/\/www.europesays.com\/fr\/wp-content\/uploads\/2025\/09\/capture-decran-2025-09-02-154334-1260x755.jpg\" width=\"1260\" height=\"755\"  \/><\/p>\n<p><\/a>Alpha Winn<\/p>\n<p>Enfin, on retrouve le fameux Dr Kelson, dans ce qui semble \u00eatre un bus ou une rame de m\u00e9tro d\u00e9saffect\u00e9e, le regard acier fix\u00e9 dans le vide, toujours plus inqui\u00e9tant. <\/p>\n<p><a href=\"https:\/\/www.ecranlarge.com\/content\/uploads\/2025\/09\/capture-decran-2025-09-02-154346.jpg\" rel=\"nofollow noopener\" target=\"_blank\"><\/p>\n<p><img loading=\"lazy\" decoding=\"async\" alt=\"\" src=\"https:\/\/www.europesays.com\/fr\/wp-content\/uploads\/2025\/09\/capture-decran-2025-09-02-154346-1260x764.jpg\" width=\"1260\" height=\"764\"  \/><\/p>\n<p><\/a>\u00ab\u00a0Pitit, pitit, pitit Samson\u00a0\u00bb<\/p>\n<p>Pour le moment, le sc\u00e9nario reste bien s\u00fbr sous cl\u00e9, mais au micro de Rolling Stone, Jack O\u2019Connell a donn\u00e9 quelques indices sur la nature m\u00eame du film. <\/p>\n<blockquote class=\"wp-block-quote is-layout-flow wp-block-quote-is-layout-flow\">\n<p><strong>\u00ab Ce film, c\u2019est un peu le cousin bizarre et d\u00e9rang\u00e9 de 28 ans plus tard, celui qu\u2019on h\u00e9site \u00e0 inviter aux repas de famille parce qu\u2019il a des passions douteuses. On y montre \u00e0 quel point la nature reste, au final, une force impossible \u00e0 stopper. Elle reprend toujours ses droits, avec ou sans les humains. Mais je ne pense pas que les infect\u00e9s soient de simples antagonistes dans notre film. Cela va clairement vous amener \u00e0 reconsid\u00e9rer les choses. \u00bb<\/strong><\/p>\n<\/blockquote>\n<p><strong>28 ans plus tard : Le temple des os sortira dans les salles fran\u00e7aises le 14 janvier 2026.<\/strong> Un premier trailer du film sera d\u00e9voil\u00e9 le 3 septembre 2025.<\/p>\n","protected":false},"excerpt":{"rendered":"Le cauchemar viral de Danny Boyle reviendra avec 28 ans plus tard : The Bone Temple (ou 28&hellip;\n","protected":false},"author":2,"featured_media":361665,"comment_status":"","ping_status":"","sticky":false,"template":"","format":"standard","meta":{"footnotes":""},"categories":[1354],"tags":[58,59,1346,1011,27,1360],"class_list":{"0":"post-361664","1":"post","2":"type-post","3":"status-publish","4":"format-standard","5":"has-post-thumbnail","7":"category-films","8":"tag-divertissement","9":"tag-entertainment","10":"tag-films","11":"tag-fr","12":"tag-france","13":"tag-movies"},"share_on_mastodon":{"url":"https:\/\/pubeurope.com\/@fr\/115136744074980238","error":""},"_links":{"self":[{"href":"https:\/\/www.europesays.com\/fr\/wp-json\/wp\/v2\/posts\/361664","targetHints":{"allow":["GET"]}}],"collection":[{"href":"https:\/\/www.europesays.com\/fr\/wp-json\/wp\/v2\/posts"}],"about":[{"href":"https:\/\/www.europesays.com\/fr\/wp-json\/wp\/v2\/types\/post"}],"author":[{"embeddable":true,"href":"https:\/\/www.europesays.com\/fr\/wp-json\/wp\/v2\/users\/2"}],"replies":[{"embeddable":true,"href":"https:\/\/www.europesays.com\/fr\/wp-json\/wp\/v2\/comments?post=361664"}],"version-history":[{"count":0,"href":"https:\/\/www.europesays.com\/fr\/wp-json\/wp\/v2\/posts\/361664\/revisions"}],"wp:featuredmedia":[{"embeddable":true,"href":"https:\/\/www.europesays.com\/fr\/wp-json\/wp\/v2\/media\/361665"}],"wp:attachment":[{"href":"https:\/\/www.europesays.com\/fr\/wp-json\/wp\/v2\/media?parent=361664"}],"wp:term":[{"taxonomy":"category","embeddable":true,"href":"https:\/\/www.europesays.com\/fr\/wp-json\/wp\/v2\/categories?post=361664"},{"taxonomy":"post_tag","embeddable":true,"href":"https:\/\/www.europesays.com\/fr\/wp-json\/wp\/v2\/tags?post=361664"}],"curies":[{"name":"wp","href":"https:\/\/api.w.org\/{rel}","templated":true}]}}