{"id":361674,"date":"2025-09-02T21:11:11","date_gmt":"2025-09-02T21:11:11","guid":{"rendered":"https:\/\/www.europesays.com\/fr\/361674\/"},"modified":"2025-09-02T21:11:11","modified_gmt":"2025-09-02T21:11:11","slug":"anthropic-leve-13-milliards-de-dollars-et-se-retrouve-valorisee-183-milliards-de-dollars","status":"publish","type":"post","link":"https:\/\/www.europesays.com\/fr\/361674\/","title":{"rendered":"Anthropic l\u00e8ve 13\u00a0milliards de dollars et se retrouve valoris\u00e9e 183\u00a0milliards de dollars"},"content":{"rendered":"<p>                         <img loading=\"lazy\" decoding=\"async\" src=\"https:\/\/www.europesays.com\/fr\/wp-content\/uploads\/2025\/09\/0642b22_upload-1-wszp6mdvyesp-000-47tp8wd.jpg\" alt=\"Dario Amodei, le PDG d\u2019Anthropic (gauche), lors de la premi\u00e8re conf\u00e9rence des d\u00e9veloppeurs d\u2019Anthropic, \u00e0 San Francisco, en Californie, le 22\u00a0mai\u00a02025.\"   width=\"664\" height=\"443\"\/>    Dario Amodei, le PDG d\u2019Anthropic (gauche), lors de la premi\u00e8re conf\u00e9rence des d\u00e9veloppeurs d\u2019Anthropic, \u00e0 San Francisco, en Californie, le 22\u00a0mai\u00a02025.  JULIE JAMMOT\/AFP                 <\/p>\n<p class=\"article__paragraph  \">Malgr\u00e9 les alertes sur la formation d\u2019une bulle de l\u2019intelligence artificielle (IA), les investissements et les attentes dans le secteur ne semblent pas encore faiblir. La start-up californienne Anthropic a annonc\u00e9, mardi 2\u00a0septembre, avoir, dans sa sixi\u00e8me lev\u00e9e de fonds, attir\u00e9 13\u00a0milliards de dollars de capitaux (11,2\u00a0milliards d\u2019euros). La valorisation de ce concurrent de l\u2019\u00e9diteur de ChatGPT, OpenAI, triple \u00e0 183\u00a0milliards de dollars, contre \u00ab\u00a0seulement\u00a0\u00bb 61,5\u00a0milliards lors de son tour de table pr\u00e9c\u00e9dent en mars.<\/p>\n<p class=\"article__paragraph  \">Les montants annonc\u00e9s placent ces entreprises d\u2019IA parmi les entreprises non cot\u00e9es en Bourse les mieux valoris\u00e9es. A titre de comparaison, <a href=\"https:\/\/www.lemonde.fr\/economie\/article\/2025\/04\/01\/pour-openai-une-levee-de-fonds-de-40-milliards-de-dollars-mais-des-defis_6589526_3234.html\" target=\"_blank\" rel=\"noopener nofollow\" title=\"Nouvelle fen\u00eatre\">OpenAI a lev\u00e9, en avril, 40\u00a0milliards de dollars pour 300\u00a0milliards de valorisation.<\/a> La soci\u00e9t\u00e9 d\u2019Elon Musk xAI \u00e9tait, en mars, valoris\u00e9e 80\u00a0milliards de dollars <a href=\"https:\/\/www.lemonde.fr\/economie\/article\/2025\/03\/29\/pourquoi-elon-musk-fusionne-sa-societe-d-intelligence-artificielle-xai-et-son-reseau-social-x_6587963_3234.html\" target=\"_blank\" rel=\"noopener nofollow\" title=\"Nouvelle fen\u00eatre\">dans sa fusion avec le r\u00e9seau social X<\/a> (valoris\u00e9, lui, plus de 40\u00a0milliards) mais <a href=\"https:\/\/www.ft.com\/content\/25aab987-c2a1-4fca-8883-38a617269b68\" target=\"_blank\" rel=\"noopener nofollow\" title=\"Nouvelle fen\u00eatre\">ce chiffre pourrait bondir \u00e0 200\u00a0milliards<\/a> dans la prochaine lev\u00e9e de fonds envisag\u00e9e par le patron de Tesla et SpaceX, selon le Financial Times.<\/p>\n<p class=\"article__paragraph  \">Le tour de table d\u2019Anthropic est men\u00e9 par de nombreux fonds d\u2019investissement, comme Iconiq, Fidelity, Lightspeed Ventures ou BlackRock. Auparavant, la start-up a fait entrer \u00e0 son capital les g\u00e9ants de la tech Amazon (qui a investi 8\u00a0milliards de dollars) et Google (3\u00a0milliards), dont les filiales de cloud sont des partenaires importants comme fournisseurs de calcul informatique pour entra\u00eener les mod\u00e8les d\u2019IA et comme distributeur des logiciels d\u2019Anthropic aupr\u00e8s des entreprises.<\/p>\n<p class=\"reading-mode-only \"><strong>Il vous reste 55.7% de cet article \u00e0 lire. La suite est r\u00e9serv\u00e9e aux abonn\u00e9s.<\/strong><\/p>\n","protected":false},"excerpt":{"rendered":"Dario Amodei, le PDG d\u2019Anthropic (gauche), lors de la premi\u00e8re conf\u00e9rence des d\u00e9veloppeurs d\u2019Anthropic, \u00e0 San Francisco, en&hellip;\n","protected":false},"author":2,"featured_media":361675,"comment_status":"","ping_status":"","sticky":false,"template":"","format":"standard","meta":{"footnotes":""},"categories":[6],"tags":[35,33,34,1011,27],"class_list":{"0":"post-361674","1":"post","2":"type-post","3":"status-publish","4":"format-standard","5":"has-post-thumbnail","7":"category-economie","8":"tag-business","9":"tag-economie","10":"tag-economy","11":"tag-fr","12":"tag-france"},"share_on_mastodon":{"url":"https:\/\/pubeurope.com\/@fr\/115136763736451368","error":""},"_links":{"self":[{"href":"https:\/\/www.europesays.com\/fr\/wp-json\/wp\/v2\/posts\/361674","targetHints":{"allow":["GET"]}}],"collection":[{"href":"https:\/\/www.europesays.com\/fr\/wp-json\/wp\/v2\/posts"}],"about":[{"href":"https:\/\/www.europesays.com\/fr\/wp-json\/wp\/v2\/types\/post"}],"author":[{"embeddable":true,"href":"https:\/\/www.europesays.com\/fr\/wp-json\/wp\/v2\/users\/2"}],"replies":[{"embeddable":true,"href":"https:\/\/www.europesays.com\/fr\/wp-json\/wp\/v2\/comments?post=361674"}],"version-history":[{"count":0,"href":"https:\/\/www.europesays.com\/fr\/wp-json\/wp\/v2\/posts\/361674\/revisions"}],"wp:featuredmedia":[{"embeddable":true,"href":"https:\/\/www.europesays.com\/fr\/wp-json\/wp\/v2\/media\/361675"}],"wp:attachment":[{"href":"https:\/\/www.europesays.com\/fr\/wp-json\/wp\/v2\/media?parent=361674"}],"wp:term":[{"taxonomy":"category","embeddable":true,"href":"https:\/\/www.europesays.com\/fr\/wp-json\/wp\/v2\/categories?post=361674"},{"taxonomy":"post_tag","embeddable":true,"href":"https:\/\/www.europesays.com\/fr\/wp-json\/wp\/v2\/tags?post=361674"}],"curies":[{"name":"wp","href":"https:\/\/api.w.org\/{rel}","templated":true}]}}