{"id":361677,"date":"2025-09-02T21:13:09","date_gmt":"2025-09-02T21:13:09","guid":{"rendered":"https:\/\/www.europesays.com\/fr\/361677\/"},"modified":"2025-09-02T21:13:09","modified_gmt":"2025-09-02T21:13:09","slug":"suicide-de-caroline-grandjean-directrice-decole-dans-le-cantal-les-habitants-entre-confusion-et-amertume-liberation","status":"publish","type":"post","link":"https:\/\/www.europesays.com\/fr\/361677\/","title":{"rendered":"Suicide de Caroline Grandjean, directrice d\u2019\u00e9cole : dans le Cantal, les habitants entre confusion et amertume &#8211; Lib\u00e9ration"},"content":{"rendered":"<ol>\n<li><a href=\"https:\/\/news.google.com\/rss\/articles\/CBMi-wFBVV95cUxNWS0xSUdDMkpJQlpnZHhLTWxGZEdqdnpiblRReGk5LXFfb2xZWTJGMUxkZ2pvbm1SVkZ3YWZSZEpZbm54NERBZXZSaWZ5UVZWTnVZRFoxbnVzRWwwbGRETVRVUGNEVVZ6bnhBQW90aFpOT1JUbFBmYVdmQ3F5X3ZMZkdRem1RTVpHWUoxOGFqRkNhc0lXbHM2ZzlSSXpDeTdPSnQwdDVMdHF0V3VCdmRjcmdVak5FUHpGMU1HR2pkREtBNkJHSjUzZXcxWUlwTTFaMmM2cVRVcWVnNXdaTE56RmV2MXdlSEZ1NGlHck1DOWFFRHUwMGpFZzNFMA?oc=5\" target=\"_blank\" rel=\"nofollow noopener\">Suicide de Caroline Grandjean, directrice d\u2019\u00e9cole : dans le Cantal, les habitants entre confusion et amertume<\/a>&nbsp;&nbsp;Lib\u00e9ration<\/li>\n<li><a href=\"https:\/\/news.google.com\/rss\/articles\/CBMilgJBVV95cUxNYVV3QmhiZ1gzeEdmQkFpc1RYalFLOGtqQ0haeDRsRnFHR2RZNlltQnk4UGtEeU03OWk1SHVHdTZGMnhZbUFacjNoRy1POGFoTWYtTmlCRDExa0hCYTE4MUxfRmFDd2NBLWtzQi1GMC1lazVoMjBIZ19zcHhuLS1MYkdzNVAtVVpqTkVLNDRGcjZic19GeC1aZkVGVFo3QXc1S181U2t0cUpsVnRtellSdzU3aWlnYjg1WjVWaTF2ZFF3Qm9ySWpnM3NldDNXYVQ5b3c5ekVRMUVZLVVJOWxOMDhneTFxNUJFd3llN2kyVFhuWllNR1FLNkZqZy1fWGRYajV2TXVLZkVObkZQZFVCSlAzcDIwdw?oc=5\" target=\"_blank\" rel=\"nofollow noopener\">Apr\u00e8s le suicide de Caroline Grandjean-Paccoud, une directrice d\u2019\u00e9cole du Cantal victime d\u2019injures et de menaces homophobes, un choc et des questions<\/a>&nbsp;&nbsp;Le Monde.fr<\/li>\n<li><a href=\"https:\/\/news.google.com\/rss\/articles\/CBMihgJBVV95cUxPa29kRXkzOE5ReUZrZ1BGb0loLXVvWHVfSG8wTXhKOWJlVTNZcFIxakQ0N1RUNG51eDBPbkYyV3RveWFnZXM2RDNjU0JkTURaMFNsXzRzY1ZNYmNVY1BadnVmb09seExnMXY5VmNfaDY0XzFIdFM5bTlDTkdLZGJVdE9RSmdIWjJxbjdIUVhNZ3EwVFVfdUpoXzY0bTNybEdzVmdBUjJud3d1RHhsNXlKOGxTUVN1YmQ4NEJuTXEyWWdpSzZlYlYwZ3ZrRDlOYmx1Z09mTzRKWkFua285TEh0RjA4a1FsdEdmQWRNNjgyTFZBTm4yX2Y2ckxrT3oxaDYzMk83ZG9B?oc=5\" target=\"_blank\" rel=\"nofollow noopener\">\u00ab\u00a0Je ne peux pas me r\u00e9signer\u00a0\u00bb : l&rsquo;histoire derri\u00e8re le suicide de Caroline Grandjean, priv\u00e9e d&rsquo;\u00e9l\u00e8ves dans le Cantal<\/a>&nbsp;&nbsp;La Montagne<\/li>\n<li><a href=\"https:\/\/news.google.com\/rss\/articles\/CBMi1gFBVV95cUxNQ0I0WWxRWXZVVkViMy1GSnhGWEIxVWFWOEJRWUM1YWNjS05nb1pqRDRUU3lMMHEtU1ctYlNIa01oSVZteGJBVzMtNGdaNjhzMU0wVWE5cFpmUi1BV3dZZEVrTE1xTG9QcE0zazVkRnU4bkdUanVuTVhUQWVGTE81ZEtwLW9UV1J4S2JlMi1vbVEySmdsZms1NWJ6UDdkc0ZZaUgyRmFIbHNNSHVVekJJdkYzQXF4ZEdjQzMzTVNBZnJ5VnhDbDlaV3ljQzJSdEtsRTFvcE9n?oc=5\" target=\"_blank\" rel=\"nofollow noopener\">Harcel\u00e9e parce que lesbienne, une enseignante se donne la mort le jour de la rentr\u00e9e scolaire<\/a>&nbsp;&nbsp;Mediapart<\/li>\n<li><a href=\"https:\/\/news.google.com\/rss\/articles\/CBMiiwJBVV95cUxQcDZsenNrMWFzZDdfWUxyekdva25GWGExcHl5WU5yY2tWMkkwWl9Td1pxNjlsalh0SDhhbXpOem1oQ2JiejI0cW03SEtuOVBoYk5aQzRwbWtmTTdyOGtHWkcxczUweUo1Z1R1RUEwbTF3RDB0YjI2RFo5RFdxOEM5ZnlvWEc4T296NkZNcjAzWURPQ09vUjJhT0tuMFFma2tNOTE5dzYtcFhKWHlHbjN6bzl6WkF0TmlQR3hjMTRYeklYMWFDVW5OWXBQaEpUajFiTlRRME1iTHRwTFVuZXdLR0ZWX0Y3OFp2VE9BSHJOMDBEYTNia0JGSnZWXzdyaTc4YV9YZGt5ckhtbVk?oc=5\" target=\"_blank\" rel=\"nofollow noopener\">Suicide d&rsquo;une directrice d&rsquo;\u00e9cole le jour de la rentr\u00e9e: \u00c9lisabeth Borne \u00ab\u00a0saisit l&rsquo;inspection g\u00e9n\u00e9rale\u00a0\u00bb pour \u00ab\u00a0faire la lumi\u00e8re\u00a0\u00bb<\/a>&nbsp;&nbsp;BFMTV<\/li>\n<\/ol>\n","protected":false},"excerpt":{"rendered":"Suicide de Caroline Grandjean, directrice d\u2019\u00e9cole : dans le Cantal, les habitants entre confusion et amertume&nbsp;&nbsp;Lib\u00e9ration Apr\u00e8s le&hellip;\n","protected":false},"author":2,"featured_media":1445,"comment_status":"","ping_status":"","sticky":false,"template":"","format":"standard","meta":{"footnotes":""},"categories":[4],"tags":[11,1011,27,12,25],"class_list":{"0":"post-361677","1":"post","2":"type-post","3":"status-publish","4":"format-standard","5":"has-post-thumbnail","7":"category-france","8":"tag-actualites","9":"tag-fr","10":"tag-france","11":"tag-news","12":"tag-republique-francaise"},"share_on_mastodon":{"url":"https:\/\/pubeurope.com\/@fr\/115136771139041212","error":""},"_links":{"self":[{"href":"https:\/\/www.europesays.com\/fr\/wp-json\/wp\/v2\/posts\/361677","targetHints":{"allow":["GET"]}}],"collection":[{"href":"https:\/\/www.europesays.com\/fr\/wp-json\/wp\/v2\/posts"}],"about":[{"href":"https:\/\/www.europesays.com\/fr\/wp-json\/wp\/v2\/types\/post"}],"author":[{"embeddable":true,"href":"https:\/\/www.europesays.com\/fr\/wp-json\/wp\/v2\/users\/2"}],"replies":[{"embeddable":true,"href":"https:\/\/www.europesays.com\/fr\/wp-json\/wp\/v2\/comments?post=361677"}],"version-history":[{"count":0,"href":"https:\/\/www.europesays.com\/fr\/wp-json\/wp\/v2\/posts\/361677\/revisions"}],"wp:featuredmedia":[{"embeddable":true,"href":"https:\/\/www.europesays.com\/fr\/wp-json\/wp\/v2\/media\/1445"}],"wp:attachment":[{"href":"https:\/\/www.europesays.com\/fr\/wp-json\/wp\/v2\/media?parent=361677"}],"wp:term":[{"taxonomy":"category","embeddable":true,"href":"https:\/\/www.europesays.com\/fr\/wp-json\/wp\/v2\/categories?post=361677"},{"taxonomy":"post_tag","embeddable":true,"href":"https:\/\/www.europesays.com\/fr\/wp-json\/wp\/v2\/tags?post=361677"}],"curies":[{"name":"wp","href":"https:\/\/api.w.org\/{rel}","templated":true}]}}