{"id":36168,"date":"2025-04-19T09:39:12","date_gmt":"2025-04-19T09:39:12","guid":{"rendered":"https:\/\/www.europesays.com\/fr\/36168\/"},"modified":"2025-04-19T09:39:12","modified_gmt":"2025-04-19T09:39:12","slug":"le-parisien-joue-lindecence-en-donnant-la-parole-a-un-agresseur-sexuel-denfants-apres-le-suicide-de-sa-victime","status":"publish","type":"post","link":"https:\/\/www.europesays.com\/fr\/36168\/","title":{"rendered":"Le Parisien joue l\u2019ind\u00e9cence en donnant la parole \u00e0 un agresseur sexuel d\u2019enfants apr\u00e8s le suicide de sa victime"},"content":{"rendered":"<p>En 2025, en plein #MeToo, et quelques semaines <a href=\"https:\/\/www.humanite.fr\/societe\/justice\/proces-des-viols-de-mazan-apres-tout-personne-nest-mort-je-vais-violer-ta-mere-la-culture-du-viol-en-plein-jour\" target=\"_blank\" rel=\"noopener\">apr\u00e8s l\u2019affaire Pelicot<\/a>, qui a tant bouscul\u00e9 les esprits, Le Parisien semble n\u2019avoir rien compris \u00e0 son \u00e9poque. Le journal semble m\u00eame \u00eatre pr\u00eat \u00e0 toutes les compromissions, y compris morales, pour vendre du papier ou du clic. Ce vendredi 18\u00a0avril dans la matin\u00e9e, le quotidien a publi\u00e9 sur son site internet, toute honte bue, l\u2019interview d\u2019un violeur et agresseur d\u2019enfants.<\/p>\n<p>Le monsieur est certes sous les feux de l\u2019actualit\u00e9, puisque c\u2019est en apprenant sa lib\u00e9ration qu\u2019une de ses victimes, le jeune Yanis, s\u2019est suicid\u00e9e par voie m\u00e9dicamenteuse, le 30\u00a0mars dernier, \u00e0 trois jours de ses 18\u00a0ans, en Haute-Savoie. La lettre d\u2019adieu qu\u2019il a adress\u00e9e sur son t\u00e9l\u00e9phone indique sans \u00e9quivoque les raisons de ce geste d\u00e9sesp\u00e9r\u00e9, ont relev\u00e9 les parents de Yanis, Delphine et Farid\u00a0: il dit \u00eatre \u00ab\u00a0profond\u00e9ment bless\u00e9 et d\u00e9vast\u00e9\u00a0\u00bb par la lib\u00e9ration de son bourreau venu s\u2019installer \u00e0 3 kilom\u00e8tres de son domicile, le 3\u00a0f\u00e9vrier dernier.<\/p>\n<p>Aucune mesure d\u2019\u00e9loignement<\/p>\n<p>Jean-Claude P., 58\u00a0ans, avait d\u00e9j\u00e0 \u00e9t\u00e9 condamn\u00e9 en 2014\u00a0pour <a href=\"https:\/\/www.humanite.fr\/societe\/abbe-pierre\/abbe-pierre-de-nouvelles-revelations-sur-une-procedure-judiciaire-freinee-par-les-eveques-en-france-puis-enterree\" target=\"_blank\" rel=\"noopener\">des agressions sexuelles<\/a> commises en 2007 et 2014. En 2023, reconnu coupable des agressions contre Yanis, il a \u00e9t\u00e9 condamn\u00e9 \u00e0 cinq ans de prison ferme, quinze ans de suivi socio-judiciaire par le tribunal de Bonneville, et a b\u00e9n\u00e9fici\u00e9 d\u2019un am\u00e9nagement de peine.<\/p>\n<p>Mais aucune mesure d\u2019\u00e9loignement n\u2019a \u00e9t\u00e9 prise par le tribunal, comme cela se pratique pour les auteurs de violences conjugales. Et comme l\u2019homme habite \u00e0 3 kilom\u00e8tres de la maison familiale de Yanis et de ses parents, le choc a visiblement \u00e9t\u00e9 trop violent pour le jeune homme. \u00ab\u00a0Son geste est li\u00e9 \u00e0 la sortie de son agresseur. C\u2019est\u00a0\u00e9crit noir sur blanc\u00a0sur la lettre d\u2019adieu. On est en col\u00e8re\u00a0\u00bb, a affirm\u00e9 la m\u00e8re de Yanis au micro de RTL.<\/p>\n<p>Sur cette histoire d\u00e9j\u00e0 terrible, qui montre des carences en termes de protection de l\u2019enfance, le Parisien ajoute son lot d\u2019horreurs, en donnant donc la parole \u00e0 l\u2019agresseur. Qui \u00e9videmment joue la contrition, en affirmant qu\u2019il prie tous les jours pour Yanis, et que, \u00ab\u00a0tr\u00e8s affect\u00e9\u00a0\u00bb par le suicide du jeune homme, il a \u00ab\u00a0enti\u00e8rement conscience de la souffrance\u00a0\u00bb inflig\u00e9e.<\/p>\n<p>\u00ab\u00a0Une insulte \u00e0 toutes les victimes\u00a0\u00bb<\/p>\n<p>M\u00eame s\u2019il r\u00e9fute sa propre responsabilit\u00e9 dans le geste du gar\u00e7on\u00a0: <strong>\u00ab<\/strong>\u00a0je dois vivre avec cela, mais je ne peux pas endosser enti\u00e8rement ce suicide\u00a0\u00bb.\u00a0\u00c0 quoi rime ce type d\u2019interview, de quelqu\u2019un condamn\u00e9 d\u00e9j\u00e0 trois fois pour des <a href=\"https:\/\/www.humanite.fr\/societe\/ecole-catholique\/apres-betharram-que-revele-le-metoo-de-lenseignement-catholique\" target=\"_blank\" rel=\"noopener\">agressions sexuelles sur des enfants<\/a>, et qui n\u2019en tire visiblement aucune cons\u00e9quence\u00a0? Depuis quand la parole des bourreaux est-elle indispensable\u00a0?<\/p>\n<p>\u00ab\u00a0Cette interview est une insulte. Une insulte \u00e0 la douleur de Yanis. Une insulte \u00e0 sa m\u00e9moire. Une insulte \u00e0 toutes <a href=\"https:\/\/www.humanite.fr\/societe\/notre-dame-de-betharram\/affaire-betharram-48-nouvelles-plaintes-le-nombre-total-de-victimes-seleve-a-200\" target=\"_blank\" rel=\"noopener\">les victimes d\u2019agressions sexuelles<\/a> qui doivent, chaque jour, se battre pour \u00eatre \u00e9cout\u00e9es, crues, prot\u00e9g\u00e9es. Offrir une tribune \u00e0 un agresseur sexuel quelques jours seulement apr\u00e8s le suicide de sa victime, c\u2019est une d\u00e9cision \u00e9ditoriale qui d\u00e9passe l\u2019ind\u00e9cence\u00a0\u00bb, rel\u00e8ve le compte\u00a0Cerveaux non disponibles sur Instagram.<\/p>\n<p>Sur le site Actu.fr, l\u2019avocate en droit p\u00e9nal Alexandra Hawrylyszyn pointe au contraire les d\u00e9faillances du syst\u00e8me, comme l\u2019obligation de pr\u00e9venir les mineurs et leurs parents de la remise en libert\u00e9 de leur agresseur, par lettre recommand\u00e9e avec accus\u00e9 de r\u00e9ception. Aujourd\u2019hui, \u00ab\u00a0c\u2019est \u00e0 l\u2019appr\u00e9ciation du\u00a0juge d\u2019application des peines (JAP)\u00a0\u00bb.<\/p>\n<p>Loin des excuses des bourreaux livr\u00e9es par voie de presse, et qui ne doivent que d\u00e9chirer un peu plus le c\u0153ur des parents endeuill\u00e9s, elle pr\u00e9conise de prot\u00e9ger r\u00e9ellement les enfants victimes de violences sexuelles, en interdisant \u00e0 leurs agresseurs une domiciliation dans le m\u00eame d\u00e9partement. Pour cela, encore faudrait-il d\u00e9cider que l\u2019enfance est une priorit\u00e9 nationale, et donc juridique.<\/p>\n<p>Le m\u00e9dia que les milliardaires ne peuvent pas s\u2019acheter<\/p>\n<p>Nous ne sommes financ\u00e9s par aucun milliardaire. Et nous en sommes fiers\u00a0! Mais nous sommes confront\u00e9s \u00e0 des d\u00e9fis financiers constants. Soutenez-nous\u00a0! Votre don sera d\u00e9fiscalis\u00e9\u00a0: donner 5\u20ac vous reviendra \u00e0 1.65\u20ac. Le prix d\u2019un caf\u00e9.<br \/><a href=\"https:\/\/www.humanite.fr\/lhumanite-cest-vous\" target=\"_blank\" rel=\"noopener\">Je veux en savoir plus\u00a0!<\/a><\/p>\n","protected":false},"excerpt":{"rendered":"En 2025, en plein #MeToo, et quelques semaines apr\u00e8s l\u2019affaire Pelicot, qui a tant bouscul\u00e9 les esprits, Le&hellip;\n","protected":false},"author":2,"featured_media":36169,"comment_status":"","ping_status":"","sticky":false,"template":"","format":"standard","meta":{"footnotes":""},"categories":[4],"tags":[11,1401,6105,10777,1011,27,5553,12,25,799],"class_list":{"0":"post-36168","1":"post","2":"type-post","3":"status-publish","4":"format-standard","5":"has-post-thumbnail","7":"category-france","8":"tag-actualites","9":"tag-agressions-sexuelles","10":"tag-droits-de-lenfant","11":"tag-enfance","12":"tag-fr","13":"tag-france","14":"tag-le-parisien","15":"tag-news","16":"tag-republique-francaise","17":"tag-violences-sexuelles"},"share_on_mastodon":{"url":"https:\/\/pubeurope.com\/@fr\/114363967954825550","error":""},"_links":{"self":[{"href":"https:\/\/www.europesays.com\/fr\/wp-json\/wp\/v2\/posts\/36168","targetHints":{"allow":["GET"]}}],"collection":[{"href":"https:\/\/www.europesays.com\/fr\/wp-json\/wp\/v2\/posts"}],"about":[{"href":"https:\/\/www.europesays.com\/fr\/wp-json\/wp\/v2\/types\/post"}],"author":[{"embeddable":true,"href":"https:\/\/www.europesays.com\/fr\/wp-json\/wp\/v2\/users\/2"}],"replies":[{"embeddable":true,"href":"https:\/\/www.europesays.com\/fr\/wp-json\/wp\/v2\/comments?post=36168"}],"version-history":[{"count":0,"href":"https:\/\/www.europesays.com\/fr\/wp-json\/wp\/v2\/posts\/36168\/revisions"}],"wp:featuredmedia":[{"embeddable":true,"href":"https:\/\/www.europesays.com\/fr\/wp-json\/wp\/v2\/media\/36169"}],"wp:attachment":[{"href":"https:\/\/www.europesays.com\/fr\/wp-json\/wp\/v2\/media?parent=36168"}],"wp:term":[{"taxonomy":"category","embeddable":true,"href":"https:\/\/www.europesays.com\/fr\/wp-json\/wp\/v2\/categories?post=36168"},{"taxonomy":"post_tag","embeddable":true,"href":"https:\/\/www.europesays.com\/fr\/wp-json\/wp\/v2\/tags?post=36168"}],"curies":[{"name":"wp","href":"https:\/\/api.w.org\/{rel}","templated":true}]}}