{"id":361680,"date":"2025-09-02T21:15:11","date_gmt":"2025-09-02T21:15:11","guid":{"rendered":"https:\/\/www.europesays.com\/fr\/361680\/"},"modified":"2025-09-02T21:15:11","modified_gmt":"2025-09-02T21:15:11","slug":"saint-victor-sur-loire-quand-des-enfants-sourds-font-vibrer-la-musique-avec-les-colibris","status":"publish","type":"post","link":"https:\/\/www.europesays.com\/fr\/361680\/","title":{"rendered":"Saint-Victor-sur-Loire : quand des enfants sourds font vibrer la musique avec Les Colibris"},"content":{"rendered":"<p>Saint-Victor-sur-Loire a eu l\u2019honneur d\u2019accueillir un orchestre exceptionnel : Les Colibris, une formation innovante compos\u00e9e d\u2019enfants sourds appareill\u00e9s, d\u2019enfants entendants et de parrain\u00b7e\u00b7s musiciens professionnels<\/p>\n<p>Cr\u00e9\u00e9 il y a deux ans \u00e0 Marseille, l\u2019ensemble \u00e9tait invit\u00e9 dans le cadre du festival BWd12. Sur la sc\u00e8ne de l\u2019amphith\u00e9\u00e2tre du ch\u00e2teau, six jeunes musiciens sourds ont partag\u00e9 leur passion de la musique aux c\u00f4t\u00e9s d\u2019instrumentistes confirm\u00e9s.<\/p>\n<p>Le projet repose sur un principe de jumelage : chaque enfant malentendant est accompagn\u00e9 par un \u00ab\u00a0jumeau\u00a0\u00bb entendant jouant du m\u00eame instrument, ainsi que par un parrain ou une marraine professionnel\u00b7le. Cette m\u00e9thode innovante favorise l\u2019apprentissage, la confiance et l\u2019inclusion.<\/p>\n<p>Un moment fort qui a touch\u00e9 le public lig\u00e9rien, et qui confirme que la musique peut franchir toutes les barri\u00e8res.<\/p>\n<p>Un reportage de\u00a0Chantale Joassard :\u00a0<\/p>\n<p>&#13;\n  <\/p>\n<p>Cl\u00e9ment.B\u00a0<\/p>\n","protected":false},"excerpt":{"rendered":"Saint-Victor-sur-Loire a eu l\u2019honneur d\u2019accueillir un orchestre exceptionnel : Les Colibris, une formation innovante compos\u00e9e d\u2019enfants sourds appareill\u00e9s,&hellip;\n","protected":false},"author":2,"featured_media":361681,"comment_status":"","ping_status":"","sticky":false,"template":"","format":"standard","meta":{"footnotes":""},"categories":[9653],"tags":[1111,11,2430,1777,674,1011,27,12,25,4001],"class_list":{"0":"post-361680","1":"post","2":"type-post","3":"status-publish","4":"format-standard","5":"has-post-thumbnail","7":"category-saint-etienne","8":"tag-actu","9":"tag-actualites","10":"tag-auvergne-rhone-alpes","11":"tag-eu","12":"tag-europe","13":"tag-fr","14":"tag-france","15":"tag-news","16":"tag-republique-francaise","17":"tag-saint-etienne"},"share_on_mastodon":{"url":"https:\/\/pubeurope.com\/@fr\/115136778986094198","error":""},"_links":{"self":[{"href":"https:\/\/www.europesays.com\/fr\/wp-json\/wp\/v2\/posts\/361680","targetHints":{"allow":["GET"]}}],"collection":[{"href":"https:\/\/www.europesays.com\/fr\/wp-json\/wp\/v2\/posts"}],"about":[{"href":"https:\/\/www.europesays.com\/fr\/wp-json\/wp\/v2\/types\/post"}],"author":[{"embeddable":true,"href":"https:\/\/www.europesays.com\/fr\/wp-json\/wp\/v2\/users\/2"}],"replies":[{"embeddable":true,"href":"https:\/\/www.europesays.com\/fr\/wp-json\/wp\/v2\/comments?post=361680"}],"version-history":[{"count":0,"href":"https:\/\/www.europesays.com\/fr\/wp-json\/wp\/v2\/posts\/361680\/revisions"}],"wp:featuredmedia":[{"embeddable":true,"href":"https:\/\/www.europesays.com\/fr\/wp-json\/wp\/v2\/media\/361681"}],"wp:attachment":[{"href":"https:\/\/www.europesays.com\/fr\/wp-json\/wp\/v2\/media?parent=361680"}],"wp:term":[{"taxonomy":"category","embeddable":true,"href":"https:\/\/www.europesays.com\/fr\/wp-json\/wp\/v2\/categories?post=361680"},{"taxonomy":"post_tag","embeddable":true,"href":"https:\/\/www.europesays.com\/fr\/wp-json\/wp\/v2\/tags?post=361680"}],"curies":[{"name":"wp","href":"https:\/\/api.w.org\/{rel}","templated":true}]}}