{"id":361686,"date":"2025-09-02T21:18:30","date_gmt":"2025-09-02T21:18:30","guid":{"rendered":"https:\/\/www.europesays.com\/fr\/361686\/"},"modified":"2025-09-02T21:18:30","modified_gmt":"2025-09-02T21:18:30","slug":"ils-echangent-leurs-uniformes-a-nancy-une-initiative-originale-pour-que-policiers-et-pompiers-travaillent-mieux-ensemble","status":"publish","type":"post","link":"https:\/\/www.europesays.com\/fr\/361686\/","title":{"rendered":"Ils \u00e9changent leurs uniformes : \u00e0 Nancy, une initiative originale pour que policiers et pompiers travaillent mieux ensemble"},"content":{"rendered":"<ul class=\"jsx-862013697 ArticleChapo__List\">\n<li class=\"jsx-862013697 ArticleChapo__List_Item flex\">Le 13H de TF1 part \u00e0 la d\u00e9couverte un dispositif in\u00e9dit \u00e0 Nancy (Meurthe-et-Moselle), o\u00f9 les policiers et les pompiers \u00e9changent leurs r\u00f4les.<\/li>\n<li class=\"jsx-862013697 ArticleChapo__List_Item flex\">L&rsquo;objectif est de mieux comprendre les imp\u00e9ratifs et les missions de chacun.<\/li>\n<li class=\"jsx-862013697 ArticleChapo__List_Item flex\">Cette convention unique baptis\u00e9e \u00ab\u00a0Vis ma Vie\u00a0\u00bb pr\u00e9voit une trentaine d&rsquo;\u00e9changes par an.<\/li>\n<\/ul>\n<p><a href=\"https:\/\/www.tf1info.fr\/emissions\/tf1\/le-13h-10927\/\" rel=\"noopener\" class=\"jsx-484472199 Link jsx-1428418400 jsx-640816507\" target=\"_blank\"><\/p>\n<p style=\"font-weight:400\" class=\"jsx-1837267516\">Suivez la couverture compl\u00e8te<\/p>\n<p style=\"font-weight:800\" class=\"jsx-1837267516\">Le 13H<\/p>\n<p><\/a><\/p>\n<p data-module=\"article-paragraph\" class=\"jsx-3046738180 Paragraph Paragraph__End\">Ce biper, S\u00e9bastien, policier depuis plus de 27 ans, le porte pour la premi\u00e8re fois. \u00ab\u00a0\u00c7a change du dispositif auquel je suis habitu\u00e9, parce qu&rsquo;on ne l&rsquo;a pas forc\u00e9ment \u00e0 la ceinture\u00a0\u00bb, plaisante-t-il. Le temps d&rsquo;une journ\u00e9e, ce major de police \u00e0 Nancy est plong\u00e9 dans le quotidien de ses coll\u00e8gues pompiers. Un \u00e9change pour ensuite mieux se comprendre sur le terrain. \u00ab\u00a0Vous vous interrompez le sport l\u00e0 ?\u00a0\u00bb, lui lance notre journaliste. \u00ab\u00a0Un peu, maintenant, c&rsquo;est une autre course\u00a0\u00bb, dit-il.\u00a0<\/p>\n<p>Mieux se comprendre sur le terrain<\/p>\n<p data-module=\"article-paragraph\" class=\"jsx-3046738180 Paragraph\">Sa s\u00e9ance de sport avec ses coll\u00e8gues doit en effet \u00eatre \u00e9court\u00e9e, l&rsquo;ambulance sur laquelle S\u00e9bastien est affect\u00e9 vient d&rsquo;\u00eatre d\u00e9clench\u00e9 pour une chute \u00e0 domicile. \u00ab\u00a0Ce n&rsquo;est pas le genre d&rsquo;intervention que nous, on g\u00e8re en tant que policier, mais oui, des chutes \u00e0 domicile et relevage pour reprendre leur terme, \u00e7a a l&rsquo;air assez courant\u00a0\u00bb, confie-t-il.\u00a0<\/p>\n<p data-module=\"article-paragraph\" class=\"jsx-3046738180 Paragraph Paragraph__End\">Et les interventions vont s&rsquo;encha\u00eener. Cette fois, c&rsquo;est le garage d&rsquo;une maison qui br\u00fble. Rapidement prise en charge dans le camion, la famille est hors de danger. \u00ab\u00a0Entre le d\u00e9clenchement de l&rsquo;alerte et notre arriv\u00e9e sur place, je pense que \u00e7a a \u00e9t\u00e9 tr\u00e8s rapide\u00a0\u00bb, affirme-t-il. Ici, les pompiers n&rsquo;ont pas eu de mal \u00e0 se positionner. L&rsquo;acc\u00e8s \u00e0 la maison \u00e9tait d\u00e9gag\u00e9, mais ce n&rsquo;est pas toujours le cas. \u00ab\u00a0Quand ils arrivent en primo-intervenant, ils peuvent \u00eatre \u00e0 des endroits o\u00f9 nous avons besoin de placer nos engins de fa\u00e7on sp\u00e9cifique. Et l\u00e0, \u00e7a, il peut le voir\u00a0\u00bb, explique Fr\u00e9d\u00e9ric Pierson, adjudant-chef \u00e0 la caserne Rives de Meurthe \u00e0 Nancy.\u00a0<\/p>\n<p data-module=\"article-paragraph\" class=\"jsx-3046738180 Paragraph\">Nous retrouvons un autre S\u00e9bastien, pompier, en immersion avec un \u00e9quipage de police secours. D\u00e8s la premi\u00e8re intervention, il constate que le dialogue est d&rsquo;habitude plus simple lorsqu&rsquo;il porte son habit de pompier. \u00ab\u00a0On pose les m\u00eames questions, mais ils ont un a priori sur la police, ils ne veulent pas parler \u00e0 la police. Du coup, ils ont plus de facilit\u00e9 \u00e0 nous parler \u00e0 nous\u00a0\u00bb, analyse S\u00e9bastien Badina, adjudant-chef \u00e0 la caserne Rives de Meurthe \u00e0 Nancy. \u00a0<\/p>\n<p data-module=\"article-paragraph\" class=\"jsx-3046738180 Paragraph Paragraph__End\">L&rsquo;intervention n&rsquo;est pas termin\u00e9e qu&rsquo;un appel tombe. Un refus d&rsquo;obtemp\u00e9rer dans la m\u00eame commune. \u00ab\u00a0C&rsquo;est de la recherche pure. Quand on intervient, on sait o\u00f9 on va, on sait qui on cherche. L\u00e0, c&rsquo;est un peu plus compliqu\u00e9, effectivement\u00a0\u00bb, reconna\u00eet S\u00e9bastien Badine. Et les r\u00e9sultats sont l\u00e0. \u00ab\u00a0On a un v\u00e9hicule Renault Sc\u00e9nic gris dans le camp des gens du voyage, fen\u00eatre ouverte\u00a0\u00bb, affirme un des agents. Le conducteur est introuvable. La voiture est donc enlev\u00e9e, direction la fourri\u00e8re. La proc\u00e9dure, qui ne fait que commencer, a de quoi impressionner S\u00e9bastien. \u00ab\u00a0On n&rsquo;a pas cette obligation administrative aussi urgente et pressante qu&rsquo;eux. Eux, apr\u00e8s une intervention, ils peuvent passer une ou deux heures \u00e0 r\u00e9diger\u00a0\u00bb, s&rsquo;\u00e9tonne-t-il.\u00a0<\/p>\n<p><a href=\"https:\/\/www.tf1info.fr\/justice-faits-divers\/lyon-un-vis-ma-vie-de-policier-pour-des-eleves-avocats-1521336.html\" rel=\"noopener\" class=\"jsx-3308031228 Link flex\" target=\"_blank\"><img decoding=\"async\" src=\"https:\/\/www.europesays.com\/fr\/wp-content\/uploads\/2025\/09\/export_rmhbxbjgxooq-4c11f5-0@1x.jpeg\" alt=\"\" loading=\"lazy\" importance=\"low\" fetchpriority=\"low\" class=\"\" aria-hidden=\"true\"\/><\/p>\n<p class=\"jsx-3657663356 ReadMoreArticle__Title\">Lire aussi<\/p>\n<p class=\"jsx-3657663356\">Lyon\u2002: un \u00ab\u00a0vis ma vie de policier\u00a0\u00bb pour des \u00e9l\u00e8ves avocats<\/p>\n<p><\/a><\/p>\n<p data-module=\"article-paragraph\" class=\"jsx-3046738180 Paragraph Paragraph__End\">Cette convention unique, baptis\u00e9e \u00ab\u00a0Vie ma Vie\u00a0\u00bb et sign\u00e9e le 10 juillet \u00e0 la caserne Rives de Meurthe \u00e0 Nancy, pr\u00e9voit une trentaine d&rsquo;\u00e9changes par an. Elle pourrait rapidement \u00eatre reprise dans d&rsquo;autres casernes partout en France.<\/p>\n<p>La r\u00e9daction de TF1info | Reportage Samuel CARDON, Christophe HANESSE<\/p>\n","protected":false},"excerpt":{"rendered":"Le 13H de TF1 part \u00e0 la d\u00e9couverte un dispositif in\u00e9dit \u00e0 Nancy (Meurthe-et-Moselle), o\u00f9 les policiers et&hellip;\n","protected":false},"author":2,"featured_media":361687,"comment_status":"","ping_status":"","sticky":false,"template":"","format":"standard","meta":{"footnotes":""},"categories":[9635],"tags":[1111,11,1921,1777,674,5582,3846,1011,27,775,1922,2954,5008,1702,12,1072,4775,25,133,2953,13988],"class_list":{"0":"post-361686","1":"post","2":"type-post","3":"status-publish","4":"format-standard","5":"has-post-thumbnail","7":"category-nancy","8":"tag-actu","9":"tag-actualites","10":"tag-article-video","11":"tag-eu","12":"tag-europe","13":"tag-forces-de-lordre-armee-pompiers","14":"tag-formation-professionnelle","15":"tag-fr","16":"tag-france","17":"tag-grand-est","18":"tag-info","19":"tag-justice-et-faits-divers","20":"tag-le-13h","21":"tag-nancy","22":"tag-news","23":"tag-police","24":"tag-pompier","25":"tag-republique-francaise","26":"tag-video","27":"tag-video-police","28":"tag-vie-au-travail"},"share_on_mastodon":{"url":"https:\/\/pubeurope.com\/@fr\/115136791201573192","error":""},"_links":{"self":[{"href":"https:\/\/www.europesays.com\/fr\/wp-json\/wp\/v2\/posts\/361686","targetHints":{"allow":["GET"]}}],"collection":[{"href":"https:\/\/www.europesays.com\/fr\/wp-json\/wp\/v2\/posts"}],"about":[{"href":"https:\/\/www.europesays.com\/fr\/wp-json\/wp\/v2\/types\/post"}],"author":[{"embeddable":true,"href":"https:\/\/www.europesays.com\/fr\/wp-json\/wp\/v2\/users\/2"}],"replies":[{"embeddable":true,"href":"https:\/\/www.europesays.com\/fr\/wp-json\/wp\/v2\/comments?post=361686"}],"version-history":[{"count":0,"href":"https:\/\/www.europesays.com\/fr\/wp-json\/wp\/v2\/posts\/361686\/revisions"}],"wp:featuredmedia":[{"embeddable":true,"href":"https:\/\/www.europesays.com\/fr\/wp-json\/wp\/v2\/media\/361687"}],"wp:attachment":[{"href":"https:\/\/www.europesays.com\/fr\/wp-json\/wp\/v2\/media?parent=361686"}],"wp:term":[{"taxonomy":"category","embeddable":true,"href":"https:\/\/www.europesays.com\/fr\/wp-json\/wp\/v2\/categories?post=361686"},{"taxonomy":"post_tag","embeddable":true,"href":"https:\/\/www.europesays.com\/fr\/wp-json\/wp\/v2\/tags?post=361686"}],"curies":[{"name":"wp","href":"https:\/\/api.w.org\/{rel}","templated":true}]}}