{"id":361688,"date":"2025-09-02T21:19:10","date_gmt":"2025-09-02T21:19:10","guid":{"rendered":"https:\/\/www.europesays.com\/fr\/361688\/"},"modified":"2025-09-02T21:19:10","modified_gmt":"2025-09-02T21:19:10","slug":"toulon-meteo-une-belle-journee-mercredi-sur-la-region-sud","status":"publish","type":"post","link":"https:\/\/www.europesays.com\/fr\/361688\/","title":{"rendered":"TOULON : M\u00e9t\u00e9o &#8211; Une belle journ\u00e9e mercredi sur la r\u00e9gion Sud"},"content":{"rendered":"<p><strong>Une belle journ\u00e9e ce mercredi sur la r\u00e9gion Sud, avec un soleil largement pr\u00e9sent et un mistral en att\u00e9nuation, soufflant jusqu\u2019\u00e0 40 km\/h.<\/strong><\/p>\n<p>Les temp\u00e9ratures amorcent une l\u00e9g\u00e8re baisse : de <strong data-start=\"323\" data-end=\"334\">9 \u00e0 18\u00b0<\/strong>\u00a0en matin\u00e9e.<br data-start=\"346\" data-end=\"349\"\/>L\u2019apr\u00e8s-midi, la douceur domine :\u00a0<strong data-start=\"383\" data-end=\"390\">25\u00b0<\/strong>\u00a0\u00e0\u00a0<strong data-start=\"393\" data-end=\"406\">Marseille<\/strong>,\u00a0<strong data-start=\"408\" data-end=\"418\">Cassis<\/strong>,\u00a0<strong data-start=\"420\" data-end=\"435\">Fos-sur-Mer<\/strong>,\u00a0<strong data-start=\"437\" data-end=\"453\">Port-de-Bouc<\/strong>\u00a0et\u00a0<strong data-start=\"457\" data-end=\"486\">Ch\u00e2teauneuf-les-Martigues<\/strong>.<br data-start=\"487\" data-end=\"490\"\/>\u00c9galement\u00a0<strong data-start=\"500\" data-end=\"507\">25\u00b0<\/strong>\u00a0\u00e0\u00a0<strong data-start=\"510\" data-end=\"523\">La Ciotat<\/strong>,\u00a0<strong data-start=\"525\" data-end=\"538\">Saint-Cyr<\/strong>,\u00a0<strong data-start=\"540\" data-end=\"550\">Bandol<\/strong>,\u00a0<strong data-start=\"552\" data-end=\"565\">Six-Fours<\/strong>\u00a0et\u00a0<strong data-start=\"569\" data-end=\"579\">Sanary<\/strong>.<br data-start=\"580\" data-end=\"583\"\/>Comptez\u00a0<strong data-start=\"591\" data-end=\"598\">26\u00b0<\/strong>\u00a0sur\u00a0<strong data-start=\"603\" data-end=\"622\">Aix-en-Provence<\/strong>,\u00a0<strong data-start=\"624\" data-end=\"634\">Toulon<\/strong>,\u00a0<strong data-start=\"636\" data-end=\"648\">La Garde<\/strong>\u00a0et\u00a0<strong data-start=\"652\" data-end=\"666\">La Valette<\/strong>.<br data-start=\"667\" data-end=\"670\"\/>Enfin,\u00a0<strong data-start=\"677\" data-end=\"684\">27\u00b0<\/strong>\u00a0du c\u00f4t\u00e9 de\u00a0<strong data-start=\"696\" data-end=\"706\">Hy\u00e8res<\/strong>,\u00a0<strong data-start=\"708\" data-end=\"720\">La Londe<\/strong>\u00a0et\u00a0<strong data-start=\"724\" data-end=\"746\">Bormes-les-Mimosas<\/strong>.<\/p>\n<p><strong>ComLaRadio\u00a0<\/strong><br \/><strong>Thierry CARI<\/strong><br \/><strong>Voix Off<\/strong><br \/><strong>Animateur \/ pr\u00e9sentateur<\/strong><br \/><strong><a href=\"https:\/\/presseagence.fr\/toulon-meteo-une-belle-journee-mercredi-sur-la-region-sud\/mailto:Contact@thierrycari.com\" rel=\"nofollow noopener\" target=\"_blank\">Contact@thierrycari.com<\/a><\/strong><br \/><strong><a href=\"http:\/\/www.thierrycari.com\" rel=\"nofollow noopener\" target=\"_blank\">www.thierrycari.com<\/a><\/strong><\/p>\n","protected":false},"excerpt":{"rendered":"Une belle journ\u00e9e ce mercredi sur la r\u00e9gion Sud, avec un soleil largement pr\u00e9sent et un mistral en&hellip;\n","protected":false},"author":2,"featured_media":252142,"comment_status":"","ping_status":"","sticky":false,"template":"","format":"standard","meta":{"footnotes":""},"categories":[9619],"tags":[1111,11,1777,674,1011,27,12,882,25,2310],"class_list":{"0":"post-361688","1":"post","2":"type-post","3":"status-publish","4":"format-standard","5":"has-post-thumbnail","7":"category-toulon","8":"tag-actu","9":"tag-actualites","10":"tag-eu","11":"tag-europe","12":"tag-fr","13":"tag-france","14":"tag-news","15":"tag-provence-alpes-cote-dazur","16":"tag-republique-francaise","17":"tag-toulon"},"share_on_mastodon":{"url":"https:\/\/pubeurope.com\/@fr\/115136794774343969","error":""},"_links":{"self":[{"href":"https:\/\/www.europesays.com\/fr\/wp-json\/wp\/v2\/posts\/361688","targetHints":{"allow":["GET"]}}],"collection":[{"href":"https:\/\/www.europesays.com\/fr\/wp-json\/wp\/v2\/posts"}],"about":[{"href":"https:\/\/www.europesays.com\/fr\/wp-json\/wp\/v2\/types\/post"}],"author":[{"embeddable":true,"href":"https:\/\/www.europesays.com\/fr\/wp-json\/wp\/v2\/users\/2"}],"replies":[{"embeddable":true,"href":"https:\/\/www.europesays.com\/fr\/wp-json\/wp\/v2\/comments?post=361688"}],"version-history":[{"count":0,"href":"https:\/\/www.europesays.com\/fr\/wp-json\/wp\/v2\/posts\/361688\/revisions"}],"wp:featuredmedia":[{"embeddable":true,"href":"https:\/\/www.europesays.com\/fr\/wp-json\/wp\/v2\/media\/252142"}],"wp:attachment":[{"href":"https:\/\/www.europesays.com\/fr\/wp-json\/wp\/v2\/media?parent=361688"}],"wp:term":[{"taxonomy":"category","embeddable":true,"href":"https:\/\/www.europesays.com\/fr\/wp-json\/wp\/v2\/categories?post=361688"},{"taxonomy":"post_tag","embeddable":true,"href":"https:\/\/www.europesays.com\/fr\/wp-json\/wp\/v2\/tags?post=361688"}],"curies":[{"name":"wp","href":"https:\/\/api.w.org\/{rel}","templated":true}]}}