{"id":361689,"date":"2025-09-02T21:20:26","date_gmt":"2025-09-02T21:20:26","guid":{"rendered":"https:\/\/www.europesays.com\/fr\/361689\/"},"modified":"2025-09-02T21:20:26","modified_gmt":"2025-09-02T21:20:26","slug":"joan-caudullo-ce-sera-dur-de-faire-la-composition-pour-affronter-toulon","status":"publish","type":"post","link":"https:\/\/www.europesays.com\/fr\/361689\/","title":{"rendered":"Joan Caudullo : \u00ab Ce sera dur de faire la composition pour affronter Toulon \u00bb"},"content":{"rendered":"<p>Cet \u00e9t\u00e9, Montpellier a effectu\u00e9 une pr\u00e9paration qui semble \u00eatre un v\u00e9ritable sans faute.<\/p>\n<p>En effet, les Montpelli\u00e9rains se sont montr\u00e9s tr\u00e8s s\u00e9rieux tout au cours de l\u2019\u00e9t\u00e9.<\/p>\n<p>Les H\u00e9raultais veulent continuer de remonter la pente et savent qu\u2019ils ont les capacit\u00e9s pour retrouver les sommets.<\/p>\n<p>D\u2019ailleurs, le MHR a parfaitement bien termin\u00e9 sa pr\u00e9paration avec deux victoires en matches amicaux, contre Pau et Perpignan.<\/p>\n<p>Des victoires qui confortent le bon travail effectu\u00e9 par le staff et les joueurs Montpelli\u00e9rains.<\/p>\n<p>Forc\u00e9ment, le MHR va d\u00e9buter cette saison 2025 \/ 2026 avec un maximum de confiance. Et cela d\u00e9butera samedi soir avec la r\u00e9ception du Rugby Club Toulonnais.<\/p>\n<p>Interrog\u00e9 via <a href=\"https:\/\/www.rugbyrama.fr\/2025\/08\/31\/matchs-amicaux-deux-matchs-amicaux-reussis-apres-son-beau-succes-a-perpignan-le-mhr-est-pret-pour-demarrer-le-top-14-12901697.php\" rel=\"nofollow noopener\" target=\"_blank\">Midi Olympique<\/a>, le manager de Montpellier, Joan Caudullo s\u2019est confi\u00e9.<\/p>\n<p>Il confirme avoir appr\u00e9ci\u00e9 les prestations de son \u00e9quipe lors des deux matches amicaux.<\/p>\n<p><strong>Il l\u2019annonce : il sera tr\u00e8s dur pour lui d\u2019effectuer la composition d\u2019\u00e9quipe pour le match contre Toulon. Extrait:<\/strong><\/p>\n<p>\u00ab\u00a0Ce sera dur de faire la composition pour affronter Toulon. On va le commencer tout de suite dans le bus du retour.\u00a0\u00bb\u00a0<\/p>\n","protected":false},"excerpt":{"rendered":"Cet \u00e9t\u00e9, Montpellier a effectu\u00e9 une pr\u00e9paration qui semble \u00eatre un v\u00e9ritable sans faute. En effet, les Montpelli\u00e9rains&hellip;\n","protected":false},"author":2,"featured_media":361690,"comment_status":"","ping_status":"","sticky":false,"template":"","format":"standard","meta":{"footnotes":""},"categories":[9619],"tags":[1111,11,1777,674,1011,27,12,882,25,2310],"class_list":{"0":"post-361689","1":"post","2":"type-post","3":"status-publish","4":"format-standard","5":"has-post-thumbnail","7":"category-toulon","8":"tag-actu","9":"tag-actualites","10":"tag-eu","11":"tag-europe","12":"tag-fr","13":"tag-france","14":"tag-news","15":"tag-provence-alpes-cote-dazur","16":"tag-republique-francaise","17":"tag-toulon"},"share_on_mastodon":{"url":"https:\/\/pubeurope.com\/@fr\/115136798682658070","error":""},"_links":{"self":[{"href":"https:\/\/www.europesays.com\/fr\/wp-json\/wp\/v2\/posts\/361689","targetHints":{"allow":["GET"]}}],"collection":[{"href":"https:\/\/www.europesays.com\/fr\/wp-json\/wp\/v2\/posts"}],"about":[{"href":"https:\/\/www.europesays.com\/fr\/wp-json\/wp\/v2\/types\/post"}],"author":[{"embeddable":true,"href":"https:\/\/www.europesays.com\/fr\/wp-json\/wp\/v2\/users\/2"}],"replies":[{"embeddable":true,"href":"https:\/\/www.europesays.com\/fr\/wp-json\/wp\/v2\/comments?post=361689"}],"version-history":[{"count":0,"href":"https:\/\/www.europesays.com\/fr\/wp-json\/wp\/v2\/posts\/361689\/revisions"}],"wp:featuredmedia":[{"embeddable":true,"href":"https:\/\/www.europesays.com\/fr\/wp-json\/wp\/v2\/media\/361690"}],"wp:attachment":[{"href":"https:\/\/www.europesays.com\/fr\/wp-json\/wp\/v2\/media?parent=361689"}],"wp:term":[{"taxonomy":"category","embeddable":true,"href":"https:\/\/www.europesays.com\/fr\/wp-json\/wp\/v2\/categories?post=361689"},{"taxonomy":"post_tag","embeddable":true,"href":"https:\/\/www.europesays.com\/fr\/wp-json\/wp\/v2\/tags?post=361689"}],"curies":[{"name":"wp","href":"https:\/\/api.w.org\/{rel}","templated":true}]}}