{"id":361691,"date":"2025-09-02T21:21:15","date_gmt":"2025-09-02T21:21:15","guid":{"rendered":"https:\/\/www.europesays.com\/fr\/361691\/"},"modified":"2025-09-02T21:21:15","modified_gmt":"2025-09-02T21:21:15","slug":"rendez-vous-au-1er-clapiers-dj-festival","status":"publish","type":"post","link":"https:\/\/www.europesays.com\/fr\/361691\/","title":{"rendered":"Rendez-vous au 1er \u00ab\u00a0Clapiers DJ Festival\u00a0\u00bb"},"content":{"rendered":"<p class=\"p3\">C\u2019est le rendez-vous pour c\u00e9l\u00e9brer la fin de l\u2019\u00e9t\u00e9 en musique, dans une ambiance survolt\u00e9e et festive. Trois <b>DJs locaux<\/b> s\u2019appr\u00eatent \u00e0 enflammer la sc\u00e8ne en plein air. De la <b>house<\/b> \u00e0 la <b>techno<\/b> en passant par l\u2019<b>\u00e9lectro chill<\/b>, il y en aura pour tous les go\u00fbts. Attendez-vous \u00e0 des <b>performances live<\/b> percutantes, une <b>sc\u00e9nographie<\/b> immersive et un <b>show lumi\u00e8re<\/b> spectaculaire qui vous feront danser jusqu\u2019au bout de la nuit.<\/p>\n<p><b>Un festival pour tous, petits et grands !<\/b><\/p>\n<p class=\"p3\">D\u00e8s <b>17h<\/b>, le <b>Parc Claude Leenhardt<\/b> se transforme en v\u00e9ritable village festif. L\u2019\u00e9v\u00e9nement est con\u00e7u pour toute la famille, avec un espace chill et des <b>animations gratuites<\/b> toute la soir\u00e9e : <b>drone ball<\/b>, <b>photomaton<\/b>, et bien plus encore ! Des <b>food trucks<\/b> et une buvette seront \u00e9galement sur place pour r\u00e9galer vos papilles.<\/p>\n<p><b>Le programme de la soir\u00e9e<\/b><\/p>\n<ul class=\"ul1\">\n<li class=\"li3\"><b>17h \u2013 18h : Sc\u00e8ne ouverte<\/b><b\/><\/li>\n<li class=\"li3\"><b>18h \u2013 20h : BASTIEN<\/b><b\/><\/li>\n<li class=\"li3\"><b>20h \u2013 22h : LILY<\/b><b\/><\/li>\n<li class=\"li3\"><b>22h \u2013 00h : LOADJAXX<\/b><b\/><\/li>\n<\/ul>\n<p class=\"p3\">L\u2019entr\u00e9e est <b>libre et gratuite<\/b> ! Venez nombreux c\u00e9l\u00e9brer la musique, l\u2019\u00e9nergie et la convivialit\u00e9 au c\u0153ur de Clapiers. <strong>Plus d\u2019info <a href=\"https:\/\/www.ville-clapiers.fr\/Accueil\/accueil\/8002\/11489\" rel=\"nofollow noopener\" target=\"_blank\">ICI<\/a><\/strong><\/p>\n<blockquote class=\"instagram-media\" style=\"background: #FFF; border: 0; border-radius: 3px; box-shadow: 0 0 1px 0 rgba(0,0,0,0.5),0 1px 10px 0 rgba(0,0,0,0.15); margin: 1px; max-width: 540px; min-width: 326px; padding: 0; width: calc(100% - 2px);\" data-instgrm-captioned=\"\" data-instgrm-permalink=\"https:\/\/www.instagram.com\/p\/DN09e1ZWsox\/?utm_source=ig_embed&amp;utm_campaign=loading\" data-instgrm-version=\"14\">\n<\/blockquote>\n<p>\t\t\t\t\t\t\t\t\t\t\t\t\t\t\t<script async src=\"\/\/www.instagram.com\/embed.js\"><\/script><\/p>\n","protected":false},"excerpt":{"rendered":"C\u2019est le rendez-vous pour c\u00e9l\u00e9brer la fin de l\u2019\u00e9t\u00e9 en musique, dans une ambiance survolt\u00e9e et festive. Trois&hellip;\n","protected":false},"author":2,"featured_media":361692,"comment_status":"","ping_status":"","sticky":false,"template":"","format":"standard","meta":{"footnotes":""},"categories":[9599],"tags":[1111,11,1777,674,1011,27,2208,12,2680,25],"class_list":{"0":"post-361691","1":"post","2":"type-post","3":"status-publish","4":"format-standard","5":"has-post-thumbnail","7":"category-montpellier","8":"tag-actu","9":"tag-actualites","10":"tag-eu","11":"tag-europe","12":"tag-fr","13":"tag-france","14":"tag-montpellier","15":"tag-news","16":"tag-occitanie","17":"tag-republique-francaise"},"share_on_mastodon":{"url":"https:\/\/pubeurope.com\/@fr\/115136802582941738","error":""},"_links":{"self":[{"href":"https:\/\/www.europesays.com\/fr\/wp-json\/wp\/v2\/posts\/361691","targetHints":{"allow":["GET"]}}],"collection":[{"href":"https:\/\/www.europesays.com\/fr\/wp-json\/wp\/v2\/posts"}],"about":[{"href":"https:\/\/www.europesays.com\/fr\/wp-json\/wp\/v2\/types\/post"}],"author":[{"embeddable":true,"href":"https:\/\/www.europesays.com\/fr\/wp-json\/wp\/v2\/users\/2"}],"replies":[{"embeddable":true,"href":"https:\/\/www.europesays.com\/fr\/wp-json\/wp\/v2\/comments?post=361691"}],"version-history":[{"count":0,"href":"https:\/\/www.europesays.com\/fr\/wp-json\/wp\/v2\/posts\/361691\/revisions"}],"wp:featuredmedia":[{"embeddable":true,"href":"https:\/\/www.europesays.com\/fr\/wp-json\/wp\/v2\/media\/361692"}],"wp:attachment":[{"href":"https:\/\/www.europesays.com\/fr\/wp-json\/wp\/v2\/media?parent=361691"}],"wp:term":[{"taxonomy":"category","embeddable":true,"href":"https:\/\/www.europesays.com\/fr\/wp-json\/wp\/v2\/categories?post=361691"},{"taxonomy":"post_tag","embeddable":true,"href":"https:\/\/www.europesays.com\/fr\/wp-json\/wp\/v2\/tags?post=361691"}],"curies":[{"name":"wp","href":"https:\/\/api.w.org\/{rel}","templated":true}]}}