{"id":361693,"date":"2025-09-02T21:22:11","date_gmt":"2025-09-02T21:22:11","guid":{"rendered":"https:\/\/www.europesays.com\/fr\/361693\/"},"modified":"2025-09-02T21:22:11","modified_gmt":"2025-09-02T21:22:11","slug":"coupe-de-france-2","status":"publish","type":"post","link":"https:\/\/www.europesays.com\/fr\/361693\/","title":{"rendered":"Coupe de France :"},"content":{"rendered":"<p style=\"text-align:justify\">Trois jours apr\u00e8s le sacre \u00e0 Poitiers du Troph\u00e9e des champions face \u00e0 Paris, le Montpellier Handball est reparti \u00e0 l&rsquo;abordage des comp\u00e9titions nationales. En tout premier, le 16e de finale de Coupe de France \u00e0 Valence (Proligue). Une premi\u00e8re victoire acquise dans cinq derni\u00e8res minutes de la partie : 26-29.\u00a0<\/p>\n<p style=\"text-align:justify\">Le\u00a0Palais des sports Pierre-Mendes de\u00a0Valence est plein pour ce qui est de l&rsquo;affiche de ce d\u00e9but de saison dans la Dr\u00f4me. L&rsquo;ambiance est l\u00e0, bruyante.\u00a0Les supporters locaux commencent \u00e0 s&rsquo;enflammer apr\u00e8s les trois parades de Kerdudo sur Richert, Casado et Plantin. La fougue de Valence se traduit par un avantage d&rsquo;un but (7-6). \u00c9rick Math\u00e9 pose le premier temps-mort de la partie (15e). Les t\u00eates sont remises \u00e0 l&rsquo;endroit. Porte entre sur le parquet, Richert \u00e0 trois\u00a0reprises et Casado sont \u00e0 l&rsquo;origine de la s\u00e9rie de 4-0 qui pousse les locaux \u00e0 poser un temps-mort : 7-10 (21e).\u00a0<\/p>\n<p style=\"text-align:justify\">La d\u00e9fense serre les boulons et les attaques sont disciplin\u00e9es. Bolzinger termine cette premi\u00e8re p\u00e9riode par un arr\u00eat sur jet de sept m\u00e8tres : 12-16.\u00a0<\/p>\n<p style=\"text-align: justify;\">Les dix premi\u00e8res minutes de la seconde p\u00e9riode sont largement en faveur de Valence qui ne souhaite pas abdiquer. Meddahi et Dury permettent de revenir \u00e0 hauteur du MHB (17-17). L&rsquo;\u00e9quipe d&rsquo;\u00c9rick Math\u00e9 se rebiffe et Thurin est imp\u00e9rial au jet de sept m\u00e8tres (20-22, 44e). Les supporters locaux y croient fermement lorsque Gory \u00e9galise (22-22, 46e).\u00a0<\/p>\n<p style=\"text-align: justify;\">\u00c0 l&rsquo;entr\u00e9e des dix ultimes minutes, \u00c9rick Math\u00e9 pose un temps-mort sur l&rsquo;\u00e9galisation de Valence (23-23, 50e). Valentin Porte montre l&rsquo;exemple et prend les intervalles. Kyllian Villeminot l&rsquo;imite en prenant le tir aussi (23-25, 53e). La salle se refroidit, les Rouges et Blancs posent un temps-mort \u00e0 leur tour dans la foul\u00e9e. Le MHB conserve une avance de deux buts (26-28, 58e).\u00a0<\/p>\n<p style=\"text-align: justify;\">Au final, Montpellier se qualifie pour les huiti\u00e8mes de finale en s&rsquo;imposant \u00e0 Valence (26-29). Apr\u00e8s le Troph\u00e9e des champions, la Coupe de France, dimanche, c&rsquo;est la Liqui Moly Starligue contre Dijon \u00e0 17h au FDI Stadium.<\/p>\n","protected":false},"excerpt":{"rendered":"Trois jours apr\u00e8s le sacre \u00e0 Poitiers du Troph\u00e9e des champions face \u00e0 Paris, le Montpellier Handball est&hellip;\n","protected":false},"author":2,"featured_media":361694,"comment_status":"","ping_status":"","sticky":false,"template":"","format":"standard","meta":{"footnotes":""},"categories":[9599],"tags":[1111,11,1777,674,1011,27,2208,12,2680,25],"class_list":{"0":"post-361693","1":"post","2":"type-post","3":"status-publish","4":"format-standard","5":"has-post-thumbnail","7":"category-montpellier","8":"tag-actu","9":"tag-actualites","10":"tag-eu","11":"tag-europe","12":"tag-fr","13":"tag-france","14":"tag-montpellier","15":"tag-news","16":"tag-occitanie","17":"tag-republique-francaise"},"share_on_mastodon":{"url":"https:\/\/pubeurope.com\/@fr\/115136806444007526","error":""},"_links":{"self":[{"href":"https:\/\/www.europesays.com\/fr\/wp-json\/wp\/v2\/posts\/361693","targetHints":{"allow":["GET"]}}],"collection":[{"href":"https:\/\/www.europesays.com\/fr\/wp-json\/wp\/v2\/posts"}],"about":[{"href":"https:\/\/www.europesays.com\/fr\/wp-json\/wp\/v2\/types\/post"}],"author":[{"embeddable":true,"href":"https:\/\/www.europesays.com\/fr\/wp-json\/wp\/v2\/users\/2"}],"replies":[{"embeddable":true,"href":"https:\/\/www.europesays.com\/fr\/wp-json\/wp\/v2\/comments?post=361693"}],"version-history":[{"count":0,"href":"https:\/\/www.europesays.com\/fr\/wp-json\/wp\/v2\/posts\/361693\/revisions"}],"wp:featuredmedia":[{"embeddable":true,"href":"https:\/\/www.europesays.com\/fr\/wp-json\/wp\/v2\/media\/361694"}],"wp:attachment":[{"href":"https:\/\/www.europesays.com\/fr\/wp-json\/wp\/v2\/media?parent=361693"}],"wp:term":[{"taxonomy":"category","embeddable":true,"href":"https:\/\/www.europesays.com\/fr\/wp-json\/wp\/v2\/categories?post=361693"},{"taxonomy":"post_tag","embeddable":true,"href":"https:\/\/www.europesays.com\/fr\/wp-json\/wp\/v2\/tags?post=361693"}],"curies":[{"name":"wp","href":"https:\/\/api.w.org\/{rel}","templated":true}]}}