{"id":361695,"date":"2025-09-02T21:24:27","date_gmt":"2025-09-02T21:24:27","guid":{"rendered":"https:\/\/www.europesays.com\/fr\/361695\/"},"modified":"2025-09-02T21:24:27","modified_gmt":"2025-09-02T21:24:27","slug":"un-nouveau-logo-pour-un-seul-et-meme-projet-rouen-metropole-basket","status":"publish","type":"post","link":"https:\/\/www.europesays.com\/fr\/361695\/","title":{"rendered":"Un nouveau logo pour un seul et m\u00eame projet ! \u2013 Rouen M\u00e9tropole Basket"},"content":{"rendered":"<p style=\"text-align: justify;\" data-start=\"75\" data-end=\"329\">Le Rouen M\u00e9tropole Basket d\u00e9voile aujourd\u2019hui son nouveau logo : une identit\u00e9 commune qui r\u00e9unit l\u2019association, l\u2019\u00e9quipe masculine et l\u2019\u00e9quipe f\u00e9minine sous un m\u00eame embl\u00e8me.<\/p>\n<p style=\"text-align: justify;\" data-start=\"75\" data-end=\"329\">Pour gagner en modernit\u00e9 et en coh\u00e9rence, et faire des projets m\u00e9tropolitains un seul et m\u00eame projet, le Rouen M\u00e9tropole Basket a d\u00e9cid\u00e9 d\u2019unir l\u2019ensemble de ses entit\u00e9s, l\u2019\u00e9quipe masculine, l\u2019\u00e9quipe f\u00e9minine et l\u2019association sous une m\u00eame banni\u00e8re.<\/p>\n<p style=\"text-align: justify;\" data-start=\"331\" data-end=\"674\">C\u2019est un retour aux sources avec les deux couleurs historiques du SPO Rouen et du club de Bihorel : le bleu et le blanc. Le logo, de forme ronde, symbolise la r\u00e9union et facilite son utilisation. En son centre, les lettres \u00ab RMB \u00bb, la marque que le club souhaite diffuser. Un symbole simple, dans l\u2019air du temps et facilement reconnaissable.<\/p>\n<p style=\"text-align: justify;\" data-start=\"676\" data-end=\"918\">Gr\u00e2ce \u00e0 ce nouveau logo, le RMB veut avancer, viser plus loin et construire une identit\u00e9 forte autour de ses \u00e9quipes. Ce projet commun a pour ambition de rassembler et d\u2019unir les forces de chacun afin de toujours performer sur les terrains.<\/p>\n","protected":false},"excerpt":{"rendered":"Le Rouen M\u00e9tropole Basket d\u00e9voile aujourd\u2019hui son nouveau logo : une identit\u00e9 commune qui r\u00e9unit l\u2019association, l\u2019\u00e9quipe masculine&hellip;\n","protected":false},"author":2,"featured_media":361696,"comment_status":"","ping_status":"","sticky":false,"template":"","format":"standard","meta":{"footnotes":""},"categories":[9587],"tags":[1111,11,1777,674,1011,27,12,5161,25,9590],"class_list":{"0":"post-361695","1":"post","2":"type-post","3":"status-publish","4":"format-standard","5":"has-post-thumbnail","7":"category-rouen","8":"tag-actu","9":"tag-actualites","10":"tag-eu","11":"tag-europe","12":"tag-fr","13":"tag-france","14":"tag-news","15":"tag-normandie","16":"tag-republique-francaise","17":"tag-rouen"},"share_on_mastodon":{"url":"https:\/\/pubeurope.com\/@fr\/115136814898009794","error":""},"_links":{"self":[{"href":"https:\/\/www.europesays.com\/fr\/wp-json\/wp\/v2\/posts\/361695","targetHints":{"allow":["GET"]}}],"collection":[{"href":"https:\/\/www.europesays.com\/fr\/wp-json\/wp\/v2\/posts"}],"about":[{"href":"https:\/\/www.europesays.com\/fr\/wp-json\/wp\/v2\/types\/post"}],"author":[{"embeddable":true,"href":"https:\/\/www.europesays.com\/fr\/wp-json\/wp\/v2\/users\/2"}],"replies":[{"embeddable":true,"href":"https:\/\/www.europesays.com\/fr\/wp-json\/wp\/v2\/comments?post=361695"}],"version-history":[{"count":0,"href":"https:\/\/www.europesays.com\/fr\/wp-json\/wp\/v2\/posts\/361695\/revisions"}],"wp:featuredmedia":[{"embeddable":true,"href":"https:\/\/www.europesays.com\/fr\/wp-json\/wp\/v2\/media\/361696"}],"wp:attachment":[{"href":"https:\/\/www.europesays.com\/fr\/wp-json\/wp\/v2\/media?parent=361695"}],"wp:term":[{"taxonomy":"category","embeddable":true,"href":"https:\/\/www.europesays.com\/fr\/wp-json\/wp\/v2\/categories?post=361695"},{"taxonomy":"post_tag","embeddable":true,"href":"https:\/\/www.europesays.com\/fr\/wp-json\/wp\/v2\/tags?post=361695"}],"curies":[{"name":"wp","href":"https:\/\/api.w.org\/{rel}","templated":true}]}}