{"id":361697,"date":"2025-09-02T21:25:36","date_gmt":"2025-09-02T21:25:36","guid":{"rendered":"https:\/\/www.europesays.com\/fr\/361697\/"},"modified":"2025-09-02T21:25:36","modified_gmt":"2025-09-02T21:25:36","slug":"un-discours-sur-israel-tres-mal-passe-a-grenoble","status":"publish","type":"post","link":"https:\/\/www.europesays.com\/fr\/361697\/","title":{"rendered":"Un discours sur Isra\u00ebl tr\u00e8s mal pass\u00e9 \u00e0 Grenoble"},"content":{"rendered":"<p>\t\t\t\t\tCHRONIQUE \u2013 Place Gre\u2019net s\u2019as\u00adso\u00adcie \u00e0 la radio <a href=\"https:\/\/rcf.fr\" target=\"_blank\" rel=\"noopener nofollow\">RCF Is\u00e8re<\/a> chaque lundi midi dans la chro\u00adnique <a href=\"https:\/\/www.placegrenet.fr\/tag\/lecho-des-medias\" target=\"_blank\" rel=\"noopener nofollow\">L\u2019\u00c9cho des m\u00e9dias<\/a>. Notre objec\u00adtif\u00a0? Revenir sur une actua\u00adlit\u00e9, d\u00e9cryp\u00adter une infor\u00adma\u00adtion\u2026 ou r\u00e9v\u00e9\u00adler les cou\u00adlisses du trai\u00adte\u00adment d\u2019une nou\u00advelle. Pour cette chro\u00adnique n\u00b0123 du lundi 1er sep\u00adtembre 2025, retour sur un dis\u00adcours qui est tr\u00e8s mal pass\u00e9 \u00e0 Grenoble.<\/p>\n<p>\u00ab\u00a0Aujourd\u2019hui, nous allons par\u00adler d\u2019un dis\u00adcours <a href=\"https:\/\/www.placegrenet.fr\/2025\/08\/27\/polemique-autour-de-la-commemoration-de-la-rafle-du-26-aout-1942-le-discours-de-lelu-grenoblois-claus-habfast-ne-passe-pas\/658278\" target=\"_blank\" rel=\"noopener nofollow\">qui est tr\u00e8s mal pass\u00e9<\/a>. Car il n\u2019y a pas que les \u00e9l\u00e8ves et les pro\u00adfes\u00adseurs qui font leur ren\u00adtr\u00e9e, les pol\u00e9\u00admiques aussi sont de retour. Mardi 26 ao\u00fbt, comme chaque ann\u00e9e, avait lieu \u00e0 Grenoble la c\u00e9r\u00e9\u00admo\u00adnie de com\u00adm\u00e9\u00admo\u00adra\u00adtion de la rafle du 26 ao\u00fbt 1942\u00a0en zone dite libre. Une rafle, rap\u00adpe\u00adlons-le, qui a entra\u00een\u00e9 la d\u00e9por\u00adta\u00adtion \u00e0 Auschwitz d\u2019en\u00advi\u00adron 10 000 Juifs, dont un grand nombre ne sont jamais reve\u00adnus. \u00c0 Grenoble, apr\u00e8s un \u201ctri\u201d op\u00e9r\u00e9 \u00e0 la Caserne Bizanet, une cen\u00adtaine de per\u00adsonnes ont \u00e9t\u00e9 d\u00e9por\u00adt\u00e9es, et 53 ont par la suite \u00e9t\u00e9\u00a0tu\u00e9es.<\/p>\n<p>D\u00e8s lors, tous les ans, la <a href=\"http:\/\/grenoble.fr\" target=\"_blank\" rel=\"noopener nofollow\">Ville de Grenoble<\/a>, la M\u00e9tropole, le (ou la) d\u00e9put\u00e9(e) de la 1re cir\u00adcons\u00adcrip\u00adtion de l\u2019Is\u00e8re, le Conseil d\u00e9par\u00adte\u00admen\u00adtal et le Conseil r\u00e9gio\u00adnal rendent hom\u00admage aux vic\u00adtimes dans le cadre d\u2019une c\u00e9r\u00e9\u00admo\u00adnie. De m\u00eame que l\u2019\u00c9tat, repr\u00e9\u00adsent\u00e9 par la pr\u00e9\u00adfec\u00adture de l\u2019Is\u00e8re, et le Crif Grenoble-Dauphin\u00e9.<\/p>\n<p>Mais, cette ann\u00e9e, les choses ne se sont pas pas\u00ads\u00e9es comme pr\u00e9\u00advues.\u00a0C\u2019est le moins que l\u2019on puisse dire. C\u2019est l\u2019\u00e9lu Claus Habfast qui repr\u00e9\u00adsen\u00adtait la Ville de Grenoble et qui d\u00e9li\u00advrait le dis\u00adcours au nom de celle-ci. L\u2019\u00e9lu a rap\u00adpel\u00e9 les cir\u00adcons\u00adtances his\u00adto\u00adriques de la rafle, l\u2019hor\u00adreur de la Shoah, et d\u00e9plor\u00e9 que l\u2019an\u00adti\u00ads\u00e9\u00admi\u00adtisme soit \u00ab\u00a0tou\u00adjours pr\u00e9\u00adsent, en France et en Europe\u00a0\u00bb.<\/p>\n<p>Mais Claus Habfast a ensuite d\u00e9riv\u00e9 vers la ques\u00adtion de Gaza, en jugeant notam\u00adment que la \u00ab\u00a0coa\u00adli\u00adtion d\u2019ex\u00adtr\u00eame droite\u00a0\u00bb au pou\u00advoir en Isra\u00ebl n\u2019\u00e9\u00adtait pas l\u00e9gi\u00adtime. Pour lui, \u00ab\u00a0chaque enfant mort \u00e0 Gaza ali\u00admente l\u2019antisionisme et d\u00e9com\u00adplexe davan\u00adtage encore l\u2019antis\u00e9mitisme\u00a0\u00bb. Un ton qui tranche avec les dis\u00adcours des ann\u00e9es pr\u00e9\u00adc\u00e9\u00addentes, qui se conten\u00adtaient de d\u00e9non\u00adcer la mon\u00adt\u00e9e du racisme et de l\u2019an\u00adti\u00ads\u00e9\u00admi\u00adtisme de fa\u00e7on g\u00e9n\u00e9rale.<\/p>\n<p>Et la r\u00e9ac\u00adtion a \u00e9t\u00e9 vive.\u00a0Tr\u00e8s vive. Un porte-dra\u00adpeau a inter\u00adpell\u00e9 l\u2019\u00e9lu en lui fai\u00adsant remar\u00adquer que la c\u00e9r\u00e9\u00admo\u00adnie n\u2019\u00e9\u00adtait ni le temps, ni le lieu pour ce genre de consi\u00add\u00e9\u00adra\u00adtions. Il est ensuite parti, tout comme le pr\u00e9\u00adsident du Crif \u00c9ric Hattab, la d\u00e9pu\u00adt\u00e9e de l\u2019Is\u00e8re Camille Galliard-Minier, la repr\u00e9\u00adsen\u00adtante du D\u00e9partement Jo\u00eblle Hours et la repr\u00e9\u00adsen\u00adtante de la R\u00e9gion Catherine Bolze. C\u2019est en leur absence que s\u2019est conclu le dis\u00adcours et qu\u2019a eu lieu le reste de la c\u00e9r\u00e9monie.<\/p>\n<p>Et l\u2019on peut se deman\u00adder pour\u00adquoi avoir choisi un tel dis\u00adcours. La Ville de Grenoble a d\u00e9j\u00e0 connu un <a href=\"https:\/\/www.placegrenet.fr\/2024\/09\/27\/folie-meurtriere-disrael-les-institutions-juives-de-grenoble-coupent-les-ponts-avec-la-ville-apres-un-message-deric-piolle-sur-x\/636710\" target=\"_blank\" rel=\"noopener nofollow\">\u00e9pi\u00adsode dif\u00adfi\u00adcile<\/a> avec le Crif, que nous <a href=\"https:\/\/www.placegrenet.fr\/2024\/10\/01\/chronique-place-grenet-rcf-le-crif-coupe-les-ponts-avec-la-ville-de-grenoble\/636974\" target=\"_blank\" rel=\"noopener nofollow\">avions \u00e9vo\u00adqu\u00e9 dans cette chro\u00adnique<\/a>. Alors que les rela\u00adtions s\u2019\u00e9taient apai\u00ads\u00e9es, quel int\u00e9\u00adr\u00eat de pro\u00adnon\u00adcer un dis\u00adcours aussi cli\u00advant, qui ne pou\u00advait que pro\u00advo\u00adquer la col\u00e8re\u00a0?<\/p>\n<p>De m\u00eame, d\u00e9non\u00adcer la poli\u00adtique de Benjamin Netanyahou durant une c\u00e9r\u00e9\u00admo\u00adnie de com\u00adm\u00e9\u00admo\u00adra\u00adtion de la Shoah ne rel\u00e8ve-t-il pas d\u2019un ana\u00adchro\u00adnisme quelque peu impu\u00addique\u00a0? Les Juifs tu\u00e9s par le r\u00e9gime nazi et ses com\u00adplices n\u2019ont rien \u00e0 voir avec la situa\u00adtion g\u00e9o\u00adpo\u00adli\u00adtique actuelle. L\u2019objectif de Claus Habfast n\u2019\u00e9\u00adtait cer\u00adtai\u00adne\u00adment pas de cr\u00e9er un amal\u00adgame, mais dans un contexte o\u00f9 des per\u00adsonnes taguent des slo\u00adgans anti-Isra\u00ebl sur des monu\u00adments d\u00e9di\u00e9s \u00e0 la Shoah, peut-\u00eatre qu\u2019un dis\u00adcours plus mesur\u00e9 aurait \u00e9t\u00e9 pr\u00e9f\u00e9rable.<\/p>\n<p>La m\u00e9moire est certes poli\u00adtique mais elle est aussi col\u00adlec\u00adtive, et face au fiasco de la c\u00e9r\u00e9\u00admo\u00adnie du 26 ao\u00fbt 2025 \u00e0 Grenoble, on aime\u00adrait que les esprits se reprennent et que les uns comme les autres cessent de se croire auto\u00adri\u00ads\u00e9s \u00e0 s\u2019ap\u00adpro\u00adprier les\u00a0morts.\u00a0\u00bb<\/p>\n<p>Retrouvez la chro\u00adnique RCF 123 dans sa ver\u00adsion radio\u00adpho\u00adnique en cli\u00adquant sur le lec\u00adteur ci-dessous.<\/p>\n<p><a href=\"https:\/\/rcf.fr\/actualite\/lecho-des-medias-avec-place-grenet\" target=\"_blank\" rel=\"noopener nofollow\"><img fetchpriority=\"high\" decoding=\"async\" aria-describedby=\"caption-attachment-545542\" class=\"wp-image-545542 size-full\" src=\"data:image\/svg+xml,%3Csvg%20xmlns=\" http:=\"\" alt=\"Chronique RCF 123 : Un discours qui passe tr\u00e8s mal \u00e0 Grenoble\" width=\"1181\" height=\"622\" data-lazy- data-lazy- data-lazy-src=\"https:\/\/www.europesays.com\/fr\/wp-content\/uploads\/2025\/04\/RCF_LOGO_ISERE_QUADRI-e1631280905220.png\"\/><\/a><\/p>\n<p id=\"caption-attachment-545542\" class=\"wp-caption-text\">Chronique RCF 123\u00a0: Un dis\u00adcours qui passe tr\u00e8s mal \u00e0 Grenoble<\/p>\n<p>Chaque lundi midi, retrou\u00advez la chro\u00adnique L\u2019\u00c9cho des m\u00e9dias <a href=\"https:\/\/rcf.fr\/actualite\/lecho-des-medias-avec-place-grenet\" rel=\"nofollow noopener\" target=\"_blank\">sur RCF Is\u00e8re<\/a> (103.7\u00a0FM \u00e0 Grenoble) en par\u00adte\u00adna\u00adriat avec Place Gre\u2019net. (Cliquer sur l\u2019i\u00admage pour acc\u00e9\u00adder \u00e0 toutes les chroniques.)<\/p>\n","protected":false},"excerpt":{"rendered":"CHRONIQUE \u2013 Place Gre\u2019net s\u2019as\u00adso\u00adcie \u00e0 la radio RCF Is\u00e8re chaque lundi midi dans la chro\u00adnique L\u2019\u00c9cho des&hellip;\n","protected":false},"author":2,"featured_media":27517,"comment_status":"","ping_status":"","sticky":false,"template":"","format":"standard","meta":{"footnotes":""},"categories":[9566],"tags":[1111,11,2430,1777,674,1011,27,2731,12,25],"class_list":{"0":"post-361697","1":"post","2":"type-post","3":"status-publish","4":"format-standard","5":"has-post-thumbnail","7":"category-grenoble","8":"tag-actu","9":"tag-actualites","10":"tag-auvergne-rhone-alpes","11":"tag-eu","12":"tag-europe","13":"tag-fr","14":"tag-france","15":"tag-grenoble","16":"tag-news","17":"tag-republique-francaise"},"share_on_mastodon":{"url":"https:\/\/pubeurope.com\/@fr\/115136818326106696","error":""},"_links":{"self":[{"href":"https:\/\/www.europesays.com\/fr\/wp-json\/wp\/v2\/posts\/361697","targetHints":{"allow":["GET"]}}],"collection":[{"href":"https:\/\/www.europesays.com\/fr\/wp-json\/wp\/v2\/posts"}],"about":[{"href":"https:\/\/www.europesays.com\/fr\/wp-json\/wp\/v2\/types\/post"}],"author":[{"embeddable":true,"href":"https:\/\/www.europesays.com\/fr\/wp-json\/wp\/v2\/users\/2"}],"replies":[{"embeddable":true,"href":"https:\/\/www.europesays.com\/fr\/wp-json\/wp\/v2\/comments?post=361697"}],"version-history":[{"count":0,"href":"https:\/\/www.europesays.com\/fr\/wp-json\/wp\/v2\/posts\/361697\/revisions"}],"wp:featuredmedia":[{"embeddable":true,"href":"https:\/\/www.europesays.com\/fr\/wp-json\/wp\/v2\/media\/27517"}],"wp:attachment":[{"href":"https:\/\/www.europesays.com\/fr\/wp-json\/wp\/v2\/media?parent=361697"}],"wp:term":[{"taxonomy":"category","embeddable":true,"href":"https:\/\/www.europesays.com\/fr\/wp-json\/wp\/v2\/categories?post=361697"},{"taxonomy":"post_tag","embeddable":true,"href":"https:\/\/www.europesays.com\/fr\/wp-json\/wp\/v2\/tags?post=361697"}],"curies":[{"name":"wp","href":"https:\/\/api.w.org\/{rel}","templated":true}]}}