{"id":361698,"date":"2025-09-02T21:26:26","date_gmt":"2025-09-02T21:26:26","guid":{"rendered":"https:\/\/www.europesays.com\/fr\/361698\/"},"modified":"2025-09-02T21:26:26","modified_gmt":"2025-09-02T21:26:26","slug":"france-espoirs-a-grenoble-district-de-lisere-de-football","status":"publish","type":"post","link":"https:\/\/www.europesays.com\/fr\/361698\/","title":{"rendered":"France Espoirs \u00e0 Grenoble \u2013 DISTRICT DE L&rsquo;ISERE DE FOOTBALL"},"content":{"rendered":"<p>                    <img width=\"611\" height=\"378\" src=\"https:\/\/www.europesays.com\/fr\/wp-content\/uploads\/2025\/09\/image-bleuets.jpg\" class=\"vignette-large wp-post-image\" alt=\"\" decoding=\"async\" fetchpriority=\"high\"  \/>                    <\/p>\n<p>\n                        Billetterie clubs : France Espoirs \u00e0 Grenoble\n                    <\/p>\n<p>Mesdames, Messieurs les responsables des clubs,<\/p>\n<p>\u00a0<\/p>\n<p>Le Stade des Alpes de Grenoble (Is\u00e8re) accueillera les Bleuets (Espoirs) pour deux rencontres de qualification \u00e0 l\u2019EURO 2027 :<\/p>\n<ul>\n<li><strong>France (Espoirs) \/ Estonie,\u00a0le lundi 13 octobre 2025 \u00e0 18h30<\/strong><\/li>\n<li><strong>France (Espoirs) \/ Iles F\u00e9ro\u00e9,\u00a0le lundi 17 novembre 2025 \u00e0 21h00.<\/strong><\/li>\n<\/ul>\n<p>\u00a0<\/p>\n<p>A cette occasion, la FFF et la LAuRAFoot proposent aux clubs une vente prioritaire de billets \u00e0 tarifs pr\u00e9f\u00e9rentiels dans la limite des places disponibles.<\/p>\n<p>\u00a0<\/p>\n<p>Vous trouverez toutes les informations et les modalit\u00e9s de mise en place de cette offre sur le site internet de la Ligue <a href=\"https:\/\/laurafoot.fff.fr\/simple\/billetterie-2-rendez-vous-pour-les-bleuets-a-grenoble\/\" rel=\"nofollow noopener\" target=\"_blank\">en cliquant ici.<\/a><\/p>\n<p>Sportivement<\/p>\n<p>\u00a0<\/p>\n<p>Par<br \/>\n                     Corinne<br \/>\n                     MERCIER\n                <\/p>\n","protected":false},"excerpt":{"rendered":"Billetterie clubs : France Espoirs \u00e0 Grenoble Mesdames, Messieurs les responsables des clubs, \u00a0 Le Stade des Alpes&hellip;\n","protected":false},"author":2,"featured_media":361699,"comment_status":"","ping_status":"","sticky":false,"template":"","format":"standard","meta":{"footnotes":""},"categories":[9566],"tags":[1111,11,2430,1777,674,1011,27,2731,12,25],"class_list":{"0":"post-361698","1":"post","2":"type-post","3":"status-publish","4":"format-standard","5":"has-post-thumbnail","7":"category-grenoble","8":"tag-actu","9":"tag-actualites","10":"tag-auvergne-rhone-alpes","11":"tag-eu","12":"tag-europe","13":"tag-fr","14":"tag-france","15":"tag-grenoble","16":"tag-news","17":"tag-republique-francaise"},"share_on_mastodon":{"url":"https:\/\/pubeurope.com\/@fr\/115136822541225394","error":""},"_links":{"self":[{"href":"https:\/\/www.europesays.com\/fr\/wp-json\/wp\/v2\/posts\/361698","targetHints":{"allow":["GET"]}}],"collection":[{"href":"https:\/\/www.europesays.com\/fr\/wp-json\/wp\/v2\/posts"}],"about":[{"href":"https:\/\/www.europesays.com\/fr\/wp-json\/wp\/v2\/types\/post"}],"author":[{"embeddable":true,"href":"https:\/\/www.europesays.com\/fr\/wp-json\/wp\/v2\/users\/2"}],"replies":[{"embeddable":true,"href":"https:\/\/www.europesays.com\/fr\/wp-json\/wp\/v2\/comments?post=361698"}],"version-history":[{"count":0,"href":"https:\/\/www.europesays.com\/fr\/wp-json\/wp\/v2\/posts\/361698\/revisions"}],"wp:featuredmedia":[{"embeddable":true,"href":"https:\/\/www.europesays.com\/fr\/wp-json\/wp\/v2\/media\/361699"}],"wp:attachment":[{"href":"https:\/\/www.europesays.com\/fr\/wp-json\/wp\/v2\/media?parent=361698"}],"wp:term":[{"taxonomy":"category","embeddable":true,"href":"https:\/\/www.europesays.com\/fr\/wp-json\/wp\/v2\/categories?post=361698"},{"taxonomy":"post_tag","embeddable":true,"href":"https:\/\/www.europesays.com\/fr\/wp-json\/wp\/v2\/tags?post=361698"}],"curies":[{"name":"wp","href":"https:\/\/api.w.org\/{rel}","templated":true}]}}