{"id":361704,"date":"2025-09-02T21:29:26","date_gmt":"2025-09-02T21:29:26","guid":{"rendered":"https:\/\/www.europesays.com\/fr\/361704\/"},"modified":"2025-09-02T21:29:26","modified_gmt":"2025-09-02T21:29:26","slug":"ce-samedi-ca-va-bouger-a-la-cathedrale-de-strasbourg","status":"publish","type":"post","link":"https:\/\/www.europesays.com\/fr\/361704\/","title":{"rendered":"ce samedi, \u00e7a va bouger \u00e0 la cath\u00e9drale de Strasbourg"},"content":{"rendered":"<p><b>Pour une rentr\u00e9e culturelle et artistique magistrale : rendez-vous le samedi 6 septembre, place du Ch\u00e2teau, au pied de la Cath\u00e9drale. Comme \u00e0 chaque rentr\u00e9e, petit(e)s et grand(e)s pourront y d\u00e9couvrir l\u2019offre foisonnante du monde culturel strasbourgeois. Toute la journ\u00e9e, des spectacles, des rencontres et des animations gratuites ! <\/b><strong>Ouvre les yeux, sois curieux\/se et\u2026<\/strong><b> Demandez le programme, m\u2019sieurs dames !<\/b><\/p>\n<p>Avec ses nombreux th\u00e9\u00e2tres et salles de concert, ses associations et structures culturelles, Strasbourg (et son Eurom\u00e9tropole) est une ville qui bouge, \u00e0 l\u2019<b>agenda culturel<\/b> bien rempli.<\/p>\n<p>Pour t\u2019aider \u00e0 compl\u00e9ter le tien, ou \u00e0<b> trouver ton nouveau loisir<\/b>, chaque ann\u00e9e, le monde culturel strasbourgeois se rassemble le temps d\u2019une journ\u00e9e\u00a0: c\u2019est <b>Strasculture<\/b>.<\/p>\n<p>                <img width=\"750\" height=\"500\" src=\"https:\/\/www.europesays.com\/fr\/wp-content\/uploads\/2025\/09\/stp6498-0x1080-1-750x500.jpg\" class=\"attachment-gallery size-gallery\" alt=\"Strasculture\" data-full-url=\"https:\/\/pokaa.fr\/wp-content\/uploads\/2025\/08\/28\/stp6498-0x1080-1.jpg\" decoding=\"async\" loading=\"lazy\"  \/>            <\/p>\n<p>                <img width=\"750\" height=\"500\" src=\"https:\/\/www.europesays.com\/fr\/wp-content\/uploads\/2025\/09\/stp6576-0x1080-1-750x500.jpg\" class=\"attachment-gallery size-gallery\" alt=\"Strasculture\" data-full-url=\"https:\/\/pokaa.fr\/wp-content\/uploads\/2025\/08\/28\/stp6576-0x1080-1.jpg\" decoding=\"async\" loading=\"lazy\"  \/>            <\/p>\n<p>                    \u00a9 Ville et Eurom\u00e9tropole de Strasbourg \/ Documents remis<\/p>\n<p>    <img width=\"800\" height=\"533\" src=\"https:\/\/www.europesays.com\/fr\/wp-content\/uploads\/2025\/09\/stp6467-0x1080-1-800x533.jpg\" class=\"attachment-image-size-L size-image-size-L\" alt=\"Strasculture\" decoding=\"async\" loading=\"lazy\"  \/>         Strasculture 2024. \u00a9 Ville et Eurom\u00e9tropole de Strasbourg \/ Document remis <\/p>\n<p>La culture au rendez-vous<\/p>\n<p>Au pied de la Cath\u00e9drale, place du Ch\u00e2teau, ce seront ainsi <b>pr\u00e8s de 120 structures culturelles et de pratiques artistiques <\/b>qui nous y donneront rendez-vous,<b> le samedi 6 septembre<\/b>. Entre rencontres, animations et spectacles\u00a0: \u00e7a va \u00eatre la f\u00eate.<\/p>\n<p>    <img width=\"800\" height=\"533\" src=\"https:\/\/www.europesays.com\/fr\/wp-content\/uploads\/2025\/09\/stp6529-0x1080-1-800x533.jpg\" class=\"attachment-image-size-L size-image-size-L\" alt=\"Strasculture\" decoding=\"async\" loading=\"lazy\"  \/>         \u00a9 Ville et Eurom\u00e9tropole de Strasbourg \/ Document remis <\/p>\n<p>    <img width=\"800\" height=\"533\" src=\"https:\/\/www.europesays.com\/fr\/wp-content\/uploads\/2025\/09\/stp6554-0x1080-1-800x533.jpg\" class=\"attachment-image-size-L size-image-size-L\" alt=\"Strasculture\" decoding=\"async\" loading=\"lazy\"  \/>         \u00a9 Ville et Eurom\u00e9tropole de Strasbourg \/ Document remis <\/p>\n<p>Envie de commencer une nouvelle activit\u00e9 cette ann\u00e9e\u00a0? Impro, cornemuse, chorale ou bachata : tu ne sais pas o\u00f9 donner de la t\u00eate ou de la voix ? <b>Plus de 40 associations de pratique artistique en amateur<\/b> viendront s\u2019y d\u00e9ployer, pour t\u2019aiguiller dans ton choix. Certain(e)s te proposeront m\u00eame <b>des ateliers gratuits <\/b>pour t\u2019initier sur place, \u00e0 leurs activit\u00e9s.<\/p>\n<p>En compl\u00e9ment\u00a0:<a href=\"https:\/\/culture.strasbourg.eu\/pratiquer\/\" target=\"_blank\" rel=\"noopener\"><b> le moteur de recherche d\u00e9di\u00e9<\/b><\/a>, accessible sur le nouveau site \u00ab culture \u00bb de l\u2019Eurom\u00e9tropole de Strasbourg.<\/p>\n<p>                <img width=\"750\" height=\"500\" src=\"https:\/\/www.europesays.com\/fr\/wp-content\/uploads\/2025\/09\/stp6479-0x1080-1-750x500.jpg\" class=\"attachment-gallery size-gallery\" alt=\"Strasculture + bibliobus\" data-full-url=\"https:\/\/pokaa.fr\/wp-content\/uploads\/2025\/08\/28\/stp6479-0x1080-1.jpg\" decoding=\"async\" loading=\"lazy\"  \/>            <\/p>\n<p>                <img width=\"749\" height=\"500\" src=\"https:\/\/www.europesays.com\/fr\/wp-content\/uploads\/2025\/09\/480415779-1020820376745636-7545862133571558252-n-749x500.jpg\" class=\"attachment-gallery size-gallery\" alt=\"Bibliobus + strasculture\" data-full-url=\"https:\/\/pokaa.fr\/wp-content\/uploads\/2025\/08\/28\/480415779-1020820376745636-7545862133571558252-n.jpg\" decoding=\"async\" loading=\"lazy\"  \/>            <\/p>\n<p>                    Le Bibliobus \u00e0 Strasculture. \u00a9 Ville et Eurom\u00e9tropole de Strasbourg \/ Documents remis<\/p>\n<p>Quant \u00e0 rester \u00e0 la page, cette rentr\u00e9e\u00a0: direction <b>les m\u00e9diath\u00e8ques de la Ville et l\u2019Eurom\u00e9tropole<\/b>. Elles seront pr\u00e9sentes sous la Cath\u00e9drale, ainsi que le <b>Bibliobus<\/b>, pour <b>pr\u00e9senter leur programmation culturelle, leurs services et les offres d\u2019abonnements<\/b>.<\/p>\n<p>Les petits rats de biblioth\u00e8que profiteront du<b> coin lecture<\/b> install\u00e9 pour la journ\u00e9e, pour bouquiner, quand d\u2019autres iront damer le pion, dans <b>l\u2019espace jeux de soci\u00e9t\u00e9<\/b>.<\/p>\n<p>    <img width=\"800\" height=\"533\" src=\"https:\/\/www.europesays.com\/fr\/wp-content\/uploads\/2025\/09\/stp6525-0x1080-2-800x533.jpg\" class=\"attachment-image-size-L size-image-size-L\" alt=\"Strasculture\" decoding=\"async\" loading=\"lazy\"  \/>         \u00a9 Ville et Eurom\u00e9tropole de Strasbourg \/ Document remis <\/p>\n<p>Joueur, joueuse\u00a0? Tente aussi de<b> gagner cadeaux et gros lots, \u00e0 la roue de la chance<\/b>. Avant de faire un crochet par l\u2019<b>espace d\u00e9tente<\/b>, ou de <b>restauration<\/b> pour une pause gourmande.<\/p>\n<\/p>\n<p>Une programmation gratuite et pluridisciplinaire<\/p>\n<p>Outre les stands, Strasculture offrira le samedi 6 septembre, une riche <b>programmation gratuite<\/b> \u00e0 d\u00e9couvrir tout au long de la journ\u00e9e, au gr\u00e9 des lieux et des envies. Un sacr\u00e9 cirque qui commencera sur la <b>place du Ch\u00e2teau<\/b>, avec des num\u00e9ros circassiens, de la danse, de la musique et du th\u00e9\u00e2tre\u2026<\/p>\n<p>\u2026Et s\u2019\u00e9tendra jusqu\u2019\u00e0 la magistrale <b>cour du Palais Rohan, o\u00f9 r\u00e9sonneront chorales et orchestres<\/b>, pour une partition musicale aux r\u00e9pertoires vari\u00e9s entre \u00ab\u00a0musiques celtiques, morceaux a capella, r\u00e9pertoire pop\u00a0\u00bb.<\/p>\n<p>                <img width=\"333\" height=\"500\" src=\"https:\/\/www.europesays.com\/fr\/wp-content\/uploads\/2025\/09\/stp6449-0x1080-1-333x500.jpg\" class=\"attachment-gallery size-gallery\" alt=\"Strasculture\" data-full-url=\"https:\/\/pokaa.fr\/wp-content\/uploads\/2025\/08\/28\/stp6449-0x1080-1.jpg\" decoding=\"async\" loading=\"lazy\"  \/>            <\/p>\n<p>                <img width=\"333\" height=\"500\" src=\"https:\/\/www.europesays.com\/fr\/wp-content\/uploads\/2025\/09\/stp6578-0x1080-1-333x500.jpg\" class=\"attachment-gallery size-gallery\" alt=\"Lolita + Strasculture\" data-full-url=\"https:\/\/pokaa.fr\/wp-content\/uploads\/2025\/08\/28\/stp6578-0x1080-1.jpg\" decoding=\"async\" loading=\"lazy\"  \/>            <\/p>\n<p>                    \u00c0 droite, la Lolita (th\u00e9\u00e2tre d&rsquo;improvisation) \u00e0 Strasculture. \u00a9 Ville et Eurom\u00e9tropole de Strasbourg \/ Document remis<\/p>\n<p>    <img width=\"800\" height=\"534\" src=\"https:\/\/www.europesays.com\/fr\/wp-content\/uploads\/2025\/09\/480679074-1020820336745640-3491376501606401283-n-800x534.jpg\" class=\"attachment-image-size-L size-image-size-L\" alt=\"Strasculture\" decoding=\"async\" loading=\"lazy\"  \/>         \u00a9 Ville et Eurom\u00e9tropole de Strasbourg \/ Document remis <\/p>\n<p><b>La terrasse du Palais Rohan<\/b> sera investie quant \u00e0 elle, de <b>d\u00e9monstrations de danse<\/b> (de couple, urbaines, latines, d\u2019Afrique de l\u2019Ouest, d\u2019Inde, de Pologne, etc.) <b>et de num\u00e9ros circassiens vertigineux<\/b>.<\/p>\n<p>Et dans l\u2019\u00e9crin de <b>la cour du 5e Lieu<\/b>\u00a0? Toujours plus <b>de musique, de chant et de danse<\/b> pour une programmation curieuse, \u00e0 d\u00e9couvrir dans un cadre intimiste.<\/p>\n<p>    <img width=\"800\" height=\"533\" src=\"https:\/\/www.europesays.com\/fr\/wp-content\/uploads\/2025\/09\/stp6471-0x1080-1-800x533.jpg\" class=\"attachment-image-size-L size-image-size-L\" alt=\"Strasculture\" decoding=\"async\" loading=\"lazy\"  \/>         Des concerts au Palais Rohan. \u00a9 Ville et Eurom\u00e9tropole de Strasbourg \/ Document remis <\/p>\n<p>Tous et toutes aux mus\u00e9es\u00a0!<\/p>\n<p>Et pourquoi ne pas profiter d\u2019\u00eatre tout pr\u00e8s, pour <b>(re)visiter les collections des quatre mus\u00e9es\u00a0: Mus\u00e9e de l\u2019\u0152uvre Notre-Dame, des Beaux-Arts, des Arts d\u00e9coratifs, et Arch\u00e9ologique<\/b>\u00a0? Toute la journ\u00e9e, ils seront exceptionnellement <b>gratuits<\/b> (de 10h \u00e0 18h).<\/p>\n<p>L\u2019occasion aussi, de faire un crochet par <b>le 5e Lieu et son exposition permanente <\/b><b>Un voyage \u00e0 Strasbourg<\/b>, sur la richesse de son patrimoine.<\/p>\n<p>                <img width=\"843\" height=\"500\" src=\"https:\/\/www.europesays.com\/fr\/wp-content\/uploads\/2025\/09\/musees-de-la-ville-3-e1696001162767-843x500.jpg\" class=\"attachment-gallery size-gallery\" alt=\"Mus\u00e9es de la Ville + arts d\u00e9coratifs + palais rohan\" data-full-url=\"https:\/\/pokaa.fr\/wp-content\/uploads\/2023\/09\/29\/musees-de-la-ville-3-1500x889.jpg\" decoding=\"async\" loading=\"lazy\"  \/>            <\/p>\n<p>                <img width=\"750\" height=\"500\" src=\"https:\/\/www.europesays.com\/fr\/wp-content\/uploads\/2025\/09\/musees-de-la-ville-beaux-arts-m-bertola-e1696001195121-750x500.jpg\" class=\"attachment-gallery size-gallery\" alt=\"Mus\u00e9es de la Ville + beaux arts\" data-full-url=\"https:\/\/pokaa.fr\/wp-content\/uploads\/2023\/09\/29\/musees-de-la-ville-beaux-arts-m-bertola-1500x1000.jpg\" decoding=\"async\" loading=\"lazy\"  \/>            <\/p>\n<p>                    1. Mus\u00e9e des Arts d\u00e9coratifs. \u00a9 Mus\u00e9es de la Ville de Strasbourg \/ Document remis ; 2. Mus\u00e9e des Beaux-Arts? \u00a9 Mus\u00e9es de la Ville de Strasbourg &#8211; M. Bertola \/ Document remis<\/p>\n<p>Cirque, mus\u00e9es, th\u00e9\u00e2tre ou lecture\u2026 Pour profiter apr\u00e8s le boulot ou l\u2019\u00e9cole, d\u2019une rentr\u00e9e culturelle et artistique de haut-vol : rendez-vous le samedi 6 septembre, \u00e0 Strasculture !<\/p>\n<p>            Strasculture 2025<\/p>\n<p>            Quoi ? <\/p>\n<p>Animations, rencontres, spectacles, concerts et visites de mus\u00e9es<br \/>Gratuit et tout public<\/p>\n<p>                Quand ?<\/p>\n<p>Samedi 6 septembre de 10h \u00e0 19h<\/p>\n<p>            o\u00f9 ?<\/p>\n<p>Place du Ch\u00e2teau (et divers lieux autour) \u00e0 Strasbourg<\/p>\n<p>                Plus d&rsquo;infos ?<\/p>\n<p><a href=\"https:\/\/culture.strasbourg.eu\/sortir\/strasculture\/\" target=\"_blank\" rel=\"noopener\">Infos et programmation compl\u00e8te<\/a><br \/><a href=\"https:\/\/culture.strasbourg.eu\/pratiquer\/\" target=\"_blank\" rel=\"noopener\">Moteur de recherche des activit\u00e9s artistiques sur le nouveau site \u00ab culture \u00bb de l\u2019Eurom\u00e9tropole de Strasbourg<\/a><\/p>\n","protected":false},"excerpt":{"rendered":"Pour une rentr\u00e9e culturelle et artistique magistrale : rendez-vous le samedi 6 septembre, place du Ch\u00e2teau, au pied&hellip;\n","protected":false},"author":2,"featured_media":361705,"comment_status":"","ping_status":"","sticky":false,"template":"","format":"standard","meta":{"footnotes":""},"categories":[2820],"tags":[1111,11,13601,1697,251,1777,674,652,1011,27,775,326,3048,12,28313,25,3140,640,49710,4064],"class_list":{"0":"post-361704","1":"post","2":"type-post","3":"status-publish","4":"format-standard","5":"has-post-thumbnail","7":"category-strasbourg","8":"tag-actu","9":"tag-actualites","10":"tag-cathedrale","11":"tag-concert","12":"tag-culture","13":"tag-eu","14":"tag-europe","15":"tag-famille","16":"tag-fr","17":"tag-france","18":"tag-grand-est","19":"tag-gratuit","20":"tag-musee","21":"tag-news","22":"tag-rentree","23":"tag-republique-francaise","24":"tag-spectacle","25":"tag-strasbourg","26":"tag-strasculture","27":"tag-week-end"},"share_on_mastodon":{"url":"https:\/\/pubeurope.com\/@fr\/115136834641918790","error":""},"_links":{"self":[{"href":"https:\/\/www.europesays.com\/fr\/wp-json\/wp\/v2\/posts\/361704","targetHints":{"allow":["GET"]}}],"collection":[{"href":"https:\/\/www.europesays.com\/fr\/wp-json\/wp\/v2\/posts"}],"about":[{"href":"https:\/\/www.europesays.com\/fr\/wp-json\/wp\/v2\/types\/post"}],"author":[{"embeddable":true,"href":"https:\/\/www.europesays.com\/fr\/wp-json\/wp\/v2\/users\/2"}],"replies":[{"embeddable":true,"href":"https:\/\/www.europesays.com\/fr\/wp-json\/wp\/v2\/comments?post=361704"}],"version-history":[{"count":0,"href":"https:\/\/www.europesays.com\/fr\/wp-json\/wp\/v2\/posts\/361704\/revisions"}],"wp:featuredmedia":[{"embeddable":true,"href":"https:\/\/www.europesays.com\/fr\/wp-json\/wp\/v2\/media\/361705"}],"wp:attachment":[{"href":"https:\/\/www.europesays.com\/fr\/wp-json\/wp\/v2\/media?parent=361704"}],"wp:term":[{"taxonomy":"category","embeddable":true,"href":"https:\/\/www.europesays.com\/fr\/wp-json\/wp\/v2\/categories?post=361704"},{"taxonomy":"post_tag","embeddable":true,"href":"https:\/\/www.europesays.com\/fr\/wp-json\/wp\/v2\/tags?post=361704"}],"curies":[{"name":"wp","href":"https:\/\/api.w.org\/{rel}","templated":true}]}}