{"id":361708,"date":"2025-09-02T21:31:24","date_gmt":"2025-09-02T21:31:24","guid":{"rendered":"https:\/\/www.europesays.com\/fr\/361708\/"},"modified":"2025-09-02T21:31:24","modified_gmt":"2025-09-02T21:31:24","slug":"a-nice-un-restaurant-bon-marche-pour-enchanter-les-pauses-dejeuner","status":"publish","type":"post","link":"https:\/\/www.europesays.com\/fr\/361708\/","title":{"rendered":"\u00e0 Nice, un restaurant bon march\u00e9 pour enchanter les pauses d\u00e9jeuner"},"content":{"rendered":"<p><strong>Au pied de l\u2019\u00e9glise du V\u0153u, dans ce quartier ni\u00e7ois qui bruisse <a href=\"https:\/\/nicepresse.com\/nice-presse-des-quartiers-le-voeu\/\" rel=\"nofollow noopener\" target=\"_blank\">entre tradition et renouveau<\/a>, une enseigne attire les regards\u2026 et d\u00e9sormais les habitu\u00e9s : \u00ab\u00a0La Cantine des Copains\u00a0\u00bb. William Guichessieux et un associ\u00e9 de longue date ont repris le flambeau d\u2019une institution de quartier, avec l\u2019id\u00e9e simple mais pr\u00e9cieuse de recr\u00e9er une table \u00e0 l\u2019esprit familial.<\/strong><\/p>\n<p>\u00ab Ici, on voulait quelque chose de chaleureux, de convivial. La cantine, c\u2019est le lieu o\u00f9 l\u2019on partage, o\u00f9 l\u2019on se retrouve, et tout est fait maison, sans cong\u00e9lateur \u00bb insiste William. <\/p>\n<p>Une histoire d\u2019amiti\u00e9 et de fid\u00e9lit\u00e9 au quartier<\/p>\n<p>Avant de s\u2019installer rue Tonduti de l\u2019Escar\u00e8ne, les deux complices avaient d\u00e9j\u00e0 fait leurs preuves avec la Galinetta, un bar \u00e0 cr\u00eapes ouvert rue Saint-Jean-Baptiste. C\u2019est en d\u00e9jeunant r\u00e9guli\u00e8rement dans leur \u00e9tablissement actuel qu\u2019ils ont eu le d\u00e9clic.<\/p>\n<p>\u00ab On adorait le concept, ces plats simples et g\u00e9n\u00e9reux qui faisaient revenir les habitu\u00e9s. Alors quand l\u2019opportunit\u00e9 s\u2019est pr\u00e9sent\u00e9e, on a fonc\u00e9 \u00bb raconte le g\u00e9rant.<\/p>\n<blockquote class=\"instagram-media\" data-instgrm-permalink=\"https:\/\/www.instagram.com\/p\/DNxbz_l0EHj\/?utm_source=ig_embed&amp;utm_campaign=loading\" data-instgrm-version=\"14\" style=\" background:#FFF; border:0; border-radius:3px; box-shadow:0 0 1px 0 rgba(0,0,0,0.5),0 1px 10px 0 rgba(0,0,0,0.15); margin: 1px; max-width:540px; min-width:326px; padding:0; width:99.375%; width:-webkit-calc(100% - 2px); width:calc(100% - 2px);\"\/>\n<p>Le nom s\u2019est impos\u00e9 comme une \u00e9vidence : La Cantine des Copains. \u00ab Parce qu\u2019on est copains depuis l\u2019\u00e9cole, et que l\u2019on voulait marquer ce c\u00f4t\u00e9 amical et accessible, un endroit o\u00f9 tout le monde se sente bien. \u00bb<\/p>\n<p>Des plats d\u2019\u00e9cole\u2026 revisit\u00e9s<\/p>\n<p>Chaque midi, le plat du jour change et se d\u00e9cline \u00e0 l\u2019ardoise : lasagnes, farcis ni\u00e7ois, quiches, ou encore jambon r\u00f4ti maison. Le vendredi, c\u2019est l\u2019a\u00efoli qui prend le relais, \u00ab un incontournable qui cartonne. \u00bb<\/p>\n<p><img loading=\"lazy\" decoding=\"async\" width=\"1120\" height=\"630\" src=\"data:image\/svg+xml,%3Csvg%20xmlns=\" http:=\"\" alt=\"2 1\" class=\"wp-image-248630\" title=\"&quot;Ici, tout est fait maison, sans cong\u00e9lateur...&quot;: \u00e0 Nice, un restaurant bon march\u00e9 pour enchanter les pauses d\u00e9jeuner 1\" data-lazy- data-lazy- data-lazy-src=\"https:\/\/www.europesays.com\/fr\/wp-content\/uploads\/2025\/09\/2-1-1120x630.jpg\"\/>[\u00a9 Transmis \u00e0 Nice-Presse]<\/p>\n<p>L\u2019esprit est clair : revisiter ces plats que l\u2019on retrouvait \u00e0 la cantine de l\u2019\u00e9cole, mais en \u00ab\u00a0version maison\u00a0\u00bb, cuisin\u00e9s avec des produits frais issus de circuits courts. \u00ab On travaille en local d\u00e8s que possible. M\u00eame notre pain vient de chez Marc Payeur, le boulanger de Pastorelli. \u00bb<\/p>\n<p><a href=\"https:\/\/anneedelamer.nice.fr\/\" rel=\"nofollow noopener\" target=\"_blank\"><img loading=\"lazy\" decoding=\"async\" width=\"300\" height=\"300\" src=\"data:image\/svg+xml,%3Csvg%20xmlns=\" http:=\"\" alt=\"\" class=\"wp-image-235449\" data-lazy-src=\"https:\/\/www.europesays.com\/fr\/wp-content\/uploads\/2025\/04\/IMG_1416-2.png\"\/><\/a><\/p>\n<p>Les formules suivent le m\u00eame principe de simplicit\u00e9 assum\u00e9e : 13,90 euros le plat du jour, 16,90 euros pour entr\u00e9e + plat ou plat + dessert, et 19,90 euros pour la compl\u00e8te.<\/p>\n<p>Atmosph\u00e8re familiale et conviviale<\/p>\n<p>\u00c0 l\u2019int\u00e9rieur, une vingtaine de couverts seulement. De quoi pr\u00e9server une ambiance intime. Et la magie op\u00e8re. \u00ab Beaucoup de gens viennent seuls, et au fil du repas, tout le monde finit par discuter. \u00c7a se perd dans les restaurants, mais c\u2019est exactement ce que l\u2019on cherchait \u00e0 recr\u00e9er ici. \u00bb<\/p>\n<blockquote class=\"instagram-media\" data-instgrm-permalink=\"https:\/\/www.instagram.com\/p\/DMFXRTsolEg\/?utm_source=ig_embed&amp;utm_campaign=loading\" data-instgrm-version=\"14\" style=\" background:#FFF; border:0; border-radius:3px; box-shadow:0 0 1px 0 rgba(0,0,0,0.5),0 1px 10px 0 rgba(0,0,0,0.15); margin: 1px; max-width:540px; min-width:326px; padding:0; width:99.375%; width:-webkit-calc(100% - 2px); width:calc(100% - 2px);\"\/>\n<p>La convivialit\u00e9 s\u2019exprime aussi \u00e0 travers une petite partie \u00e9picerie, pens\u00e9e comme une prolongation du restaurant. <\/p>\n<p>D\u2019ici peu, une vitrine sur rue permettra de proposer en vente \u00e0 emporter des sp\u00e9cialit\u00e9s locales : pan bagnat, pissaladi\u00e8re ou encore \u00ab am\u00e9ricains copieux \u00bb, pr\u00e9par\u00e9s avec un steak hach\u00e9 fait sur place et des frites artisanales.<\/p>\n<p>Nouvelle dynamique pour le quartier<\/p>\n<p>William et Franck Martin, son associ\u00e9 (et homonyme de l\u2019\u00e9lu communal), ne s\u2019inqui\u00e8tent pas de la concurrence alentour. \u00ab Au contraire, plus il y a de vie dans le quartier, mieux c\u2019est. Les clients ne vont pas manger tous les jours au m\u00eame endroit, cela profite \u00e0 tout le monde. \u00bb<\/p>\n<p>Eux misent sur une cuisine authentique et un rapport qualit\u00e9-prix honn\u00eate. Leur recette semble d\u00e9j\u00e0 porter ses fruits. \u00ab Des clients de La Galineta nous suivent ici. Et petit \u00e0 petit, une client\u00e8le fid\u00e8le s\u2019installe.\u00bb<\/p>\n<p>\t<script async src=\"\/\/www.instagram.com\/embed.js\"><\/script><\/p>\n","protected":false},"excerpt":{"rendered":"Au pied de l\u2019\u00e9glise du V\u0153u, dans ce quartier ni\u00e7ois qui bruisse entre tradition et renouveau, une enseigne&hellip;\n","protected":false},"author":2,"featured_media":361709,"comment_status":"","ping_status":"","sticky":false,"template":"","format":"standard","meta":{"footnotes":""},"categories":[2819],"tags":[1111,11,1777,674,1011,27,12,2401,882,25],"class_list":{"0":"post-361708","1":"post","2":"type-post","3":"status-publish","4":"format-standard","5":"has-post-thumbnail","7":"category-nice","8":"tag-actu","9":"tag-actualites","10":"tag-eu","11":"tag-europe","12":"tag-fr","13":"tag-france","14":"tag-news","15":"tag-nice","16":"tag-provence-alpes-cote-dazur","17":"tag-republique-francaise"},"share_on_mastodon":{"url":"https:\/\/pubeurope.com\/@fr\/115136841894115083","error":""},"_links":{"self":[{"href":"https:\/\/www.europesays.com\/fr\/wp-json\/wp\/v2\/posts\/361708","targetHints":{"allow":["GET"]}}],"collection":[{"href":"https:\/\/www.europesays.com\/fr\/wp-json\/wp\/v2\/posts"}],"about":[{"href":"https:\/\/www.europesays.com\/fr\/wp-json\/wp\/v2\/types\/post"}],"author":[{"embeddable":true,"href":"https:\/\/www.europesays.com\/fr\/wp-json\/wp\/v2\/users\/2"}],"replies":[{"embeddable":true,"href":"https:\/\/www.europesays.com\/fr\/wp-json\/wp\/v2\/comments?post=361708"}],"version-history":[{"count":0,"href":"https:\/\/www.europesays.com\/fr\/wp-json\/wp\/v2\/posts\/361708\/revisions"}],"wp:featuredmedia":[{"embeddable":true,"href":"https:\/\/www.europesays.com\/fr\/wp-json\/wp\/v2\/media\/361709"}],"wp:attachment":[{"href":"https:\/\/www.europesays.com\/fr\/wp-json\/wp\/v2\/media?parent=361708"}],"wp:term":[{"taxonomy":"category","embeddable":true,"href":"https:\/\/www.europesays.com\/fr\/wp-json\/wp\/v2\/categories?post=361708"},{"taxonomy":"post_tag","embeddable":true,"href":"https:\/\/www.europesays.com\/fr\/wp-json\/wp\/v2\/tags?post=361708"}],"curies":[{"name":"wp","href":"https:\/\/api.w.org\/{rel}","templated":true}]}}