{"id":361710,"date":"2025-09-02T21:32:09","date_gmt":"2025-09-02T21:32:09","guid":{"rendered":"https:\/\/www.europesays.com\/fr\/361710\/"},"modified":"2025-09-02T21:32:09","modified_gmt":"2025-09-02T21:32:09","slug":"florian-maurice-lance-un-appel-au-vestiaire","status":"publish","type":"post","link":"https:\/\/www.europesays.com\/fr\/361710\/","title":{"rendered":"Florian Maurice lance un appel au vestiaire"},"content":{"rendered":"<p>Nice est en train d\u2019effectuer un mauvais d\u00e9but de saison. Entre une \u00e9limination d\u00e8s les barrages de Ligue des Champions contre Benfica dans une double-confrontation \u00e0 sens unique, et deux d\u00e9faites lors des trois premi\u00e8res journ\u00e9es en <a href=\"https:\/\/www.footmercato.net\/france\/ligue-1\/\" rel=\"nofollow noopener\" target=\"_blank\">Ligue 1<\/a>, il y a de quoi s\u2019inqui\u00e9ter. Florian Maurice en est conscient et estime que les recrues n\u2019ont pas encore eu le temps d\u2019apporter leurs qualit\u00e9s. \u00abCe qu\u2019on a montr\u00e9, ce n\u2019est pas notre r\u00e9el niveau. \u00c9videmment, il y a des nouveaux qui viennent d\u2019arriver, qui jouent peut-\u00eatre plus t\u00f4t que ce qu\u2019ils pouvaient imaginer. Il faut que tout le monde revienne \u00e0 100 %.\u00bb<\/p>\n<p>            La suite apr\u00e8s cette publicit\u00e9<\/p>\n<p>Aupr\u00e8s de <a href=\"https:\/\/www.lequipe.fr\/Football\/Article\/Florian-maurice-dresse-un-bilan-de-l-ete-de-l-ogc-nice-ce-n-etait-pas-un-mercato-agreable\/1589984\" rel=\"nofollow noopener\" target=\"_blank\">L\u2019Equipe<\/a>, le directeur sportif du Gym appelle surtout les joueurs \u00e0 se remobiliser apr\u00e8s une p\u00e9riode de mercato qui a \u00e9t\u00e9 d\u00e9licate pour le club avec pas mal de transferts qui ne se sont finalement pas concr\u00e9tis\u00e9s (Ransford K\u00f6nigsd\u00f6rffer, Mahdi Camara dans le sens des arriv\u00e9es, et Jonathan Clauss dans le sens des d\u00e9parts). \u00abLa p\u00e9riode du mercato est d\u00e9licate. Des joueurs veulent partir et \u00e7a peut diffuser dans le groupe des choses un peu n\u00e9gatives. On est l\u00e0-dedans aujourd\u2019hui. Mais il faut qu\u2019on tienne le cap. Maintenant, le mercato est termin\u00e9 et on doit repartir de l\u2019avant.\u00bb<\/p>\n<p>\n    Pub. le 02\/09\/2025 23:17<br \/>\n            &#8211; MAJ le 02\/09\/2025 23:18\n    <\/p>\n","protected":false},"excerpt":{"rendered":"Nice est en train d\u2019effectuer un mauvais d\u00e9but de saison. Entre une \u00e9limination d\u00e8s les barrages de Ligue&hellip;\n","protected":false},"author":2,"featured_media":361711,"comment_status":"","ping_status":"","sticky":false,"template":"","format":"standard","meta":{"footnotes":""},"categories":[2819],"tags":[1111,11,1777,674,1011,27,12,2401,882,25],"class_list":{"0":"post-361710","1":"post","2":"type-post","3":"status-publish","4":"format-standard","5":"has-post-thumbnail","7":"category-nice","8":"tag-actu","9":"tag-actualites","10":"tag-eu","11":"tag-europe","12":"tag-fr","13":"tag-france","14":"tag-news","15":"tag-nice","16":"tag-provence-alpes-cote-dazur","17":"tag-republique-francaise"},"share_on_mastodon":{"url":"https:\/\/pubeurope.com\/@fr\/115136845837433579","error":""},"_links":{"self":[{"href":"https:\/\/www.europesays.com\/fr\/wp-json\/wp\/v2\/posts\/361710","targetHints":{"allow":["GET"]}}],"collection":[{"href":"https:\/\/www.europesays.com\/fr\/wp-json\/wp\/v2\/posts"}],"about":[{"href":"https:\/\/www.europesays.com\/fr\/wp-json\/wp\/v2\/types\/post"}],"author":[{"embeddable":true,"href":"https:\/\/www.europesays.com\/fr\/wp-json\/wp\/v2\/users\/2"}],"replies":[{"embeddable":true,"href":"https:\/\/www.europesays.com\/fr\/wp-json\/wp\/v2\/comments?post=361710"}],"version-history":[{"count":0,"href":"https:\/\/www.europesays.com\/fr\/wp-json\/wp\/v2\/posts\/361710\/revisions"}],"wp:featuredmedia":[{"embeddable":true,"href":"https:\/\/www.europesays.com\/fr\/wp-json\/wp\/v2\/media\/361711"}],"wp:attachment":[{"href":"https:\/\/www.europesays.com\/fr\/wp-json\/wp\/v2\/media?parent=361710"}],"wp:term":[{"taxonomy":"category","embeddable":true,"href":"https:\/\/www.europesays.com\/fr\/wp-json\/wp\/v2\/categories?post=361710"},{"taxonomy":"post_tag","embeddable":true,"href":"https:\/\/www.europesays.com\/fr\/wp-json\/wp\/v2\/tags?post=361710"}],"curies":[{"name":"wp","href":"https:\/\/api.w.org\/{rel}","templated":true}]}}