{"id":361712,"date":"2025-09-02T21:33:09","date_gmt":"2025-09-02T21:33:09","guid":{"rendered":"https:\/\/www.europesays.com\/fr\/361712\/"},"modified":"2025-09-02T21:33:09","modified_gmt":"2025-09-02T21:33:09","slug":"la-grande-remontee-de-la-loire-fait-etape-a-nantes","status":"publish","type":"post","link":"https:\/\/www.europesays.com\/fr\/361712\/","title":{"rendered":"La Grande remont\u00e9e de la Loire fait \u00e9tape \u00e0 Nantes"},"content":{"rendered":"<p>La Grande remont\u00e9e de la Loire des bateliers et bateli\u00e8res fait \u00e9tape \u00e0 Nantes, ce mercredi 3\u00a0septembre.\u00a0Cette aventure nautique \u00e0 la fois scientifique, artistique et festive, entend mettre en commun les connaissances et les pratiques li\u00e9es au fleuve.<strong> \u00ab\u00a0De Saint-Nazaire \u00e0 Orl\u00e9ans, les \u00e9quipages embarquent sur des bateaux d\u2019inspiration traditionnelle, partagent des moments conviviaux avec les habitants et t\u00e9moignent de la vitalit\u00e9 du patrimoine lig\u00e9rien\u00a0\u00bb,<\/strong> expliquent les organisateurs. Au programme\u00a0: 350\u00a0kilom\u00e8tres et vingt escales.<\/p>\n<p>Les \u00e9quipages accosteront au ponton Belem \u00e0 partir de midi. Un temps scientifique aura lieu \u00e0 14\u00a0h, autour du th\u00e8me \u00ab\u00a0Une histoire de techniques\u00a0? Du travail des communaut\u00e9s humaines au travail du fleuve.\u00a0\u00bb<\/p>\n<p>Le Don de l\u2019aval invite chacun \u00e0 raconter sa Loire. Que souhaitez-vous offrir \u00e0 un lig\u00e9rien ou une lig\u00e9rienne de l\u2019amont pour lui partager votre Loire\u00a0? Telle est la question pos\u00e9e \u00e0 chaque escale, afin de compiler des endroits, habitudes, savoirs, rencontres qui incarnent la Loire, \u00e0 offrir aux escales suivantes.<\/p>\n<p>\u00a0<\/p>\n","protected":false},"excerpt":{"rendered":"La Grande remont\u00e9e de la Loire des bateliers et bateli\u00e8res fait \u00e9tape \u00e0 Nantes, ce mercredi 3\u00a0septembre.\u00a0Cette aventure&hellip;\n","protected":false},"author":2,"featured_media":361713,"comment_status":"","ping_status":"","sticky":false,"template":"","format":"standard","meta":{"footnotes":""},"categories":[2818],"tags":[1111,11,20173,1777,674,21,1011,27,4027,3367,766,12,2636,13079,25],"class_list":{"0":"post-361712","1":"post","2":"type-post","3":"status-publish","4":"format-standard","5":"has-post-thumbnail","7":"category-nantes","8":"tag-actu","9":"tag-actualites","10":"tag-etape","11":"tag-eu","12":"tag-europe","13":"tag-fait","14":"tag-fr","15":"tag-france","16":"tag-grande","17":"tag-loire","18":"tag-nantes","19":"tag-news","20":"tag-pays-de-la-loire","21":"tag-remontee","22":"tag-republique-francaise"},"share_on_mastodon":{"url":"https:\/\/pubeurope.com\/@fr\/115136849755473854","error":""},"_links":{"self":[{"href":"https:\/\/www.europesays.com\/fr\/wp-json\/wp\/v2\/posts\/361712","targetHints":{"allow":["GET"]}}],"collection":[{"href":"https:\/\/www.europesays.com\/fr\/wp-json\/wp\/v2\/posts"}],"about":[{"href":"https:\/\/www.europesays.com\/fr\/wp-json\/wp\/v2\/types\/post"}],"author":[{"embeddable":true,"href":"https:\/\/www.europesays.com\/fr\/wp-json\/wp\/v2\/users\/2"}],"replies":[{"embeddable":true,"href":"https:\/\/www.europesays.com\/fr\/wp-json\/wp\/v2\/comments?post=361712"}],"version-history":[{"count":0,"href":"https:\/\/www.europesays.com\/fr\/wp-json\/wp\/v2\/posts\/361712\/revisions"}],"wp:featuredmedia":[{"embeddable":true,"href":"https:\/\/www.europesays.com\/fr\/wp-json\/wp\/v2\/media\/361713"}],"wp:attachment":[{"href":"https:\/\/www.europesays.com\/fr\/wp-json\/wp\/v2\/media?parent=361712"}],"wp:term":[{"taxonomy":"category","embeddable":true,"href":"https:\/\/www.europesays.com\/fr\/wp-json\/wp\/v2\/categories?post=361712"},{"taxonomy":"post_tag","embeddable":true,"href":"https:\/\/www.europesays.com\/fr\/wp-json\/wp\/v2\/tags?post=361712"}],"curies":[{"name":"wp","href":"https:\/\/api.w.org\/{rel}","templated":true}]}}