{"id":361714,"date":"2025-09-02T21:34:11","date_gmt":"2025-09-02T21:34:11","guid":{"rendered":"https:\/\/www.europesays.com\/fr\/361714\/"},"modified":"2025-09-02T21:34:11","modified_gmt":"2025-09-02T21:34:11","slug":"nantes-enquete-ouverte-apres-le-suicide-dun-homme-qui-denoncait-des-violences-sexuelles-dans-un-etablissement-catholique","status":"publish","type":"post","link":"https:\/\/www.europesays.com\/fr\/361714\/","title":{"rendered":"Nantes\u00a0: enqu\u00eate ouverte apr\u00e8s le suicide d\u2019un homme qui d\u00e9non\u00e7ait des violences sexuelles dans un \u00e9tablissement catholique"},"content":{"rendered":"<p class=\"paragraph text_align_left lp-f-body-02\">Une enqu\u00eate a \u00e9t\u00e9 ouverte apr\u00e8s le suicide d\u2019un quadrag\u00e9naire en 2024 ayant confi\u00e9 avoir \u00e9t\u00e9 victime de violences sexuelles <a href=\"https:\/\/www.leparisien.fr\/faits-divers\/cinq-pretres-mis-en-cause-pour-violences-sexuelles-dans-un-etablissement-catholique-nantais-29-08-2025-F6VACWK5TRC6ZGKP2CCM75AO6U.php\" target=\"_blank\" rel=\"noreferrer nofollow noopener\">dans l\u2019\u00e9tablissement catholique Saint Stanislas de Nantes<\/a>, a-t-on appris mardi aupr\u00e8s du parquet de la ville.<\/p>\n<p class=\"paragraph text_align_left lp-f-body-02\">\u00ab Le parquet de Nantes a \u00e9t\u00e9 effectivement rendu destinataire d\u2019un courrier adress\u00e9 au directeur de l\u2019enseignement catholique de Nantes, qui me l\u2019a transmis, et \u00e9manant de la famille d\u2019un homme de 46 ans qui s\u2019est donn\u00e9 la mort \u00bb en 2024, a indiqu\u00e9 Antoine Leroy, procureur de la R\u00e9publique de Nantes.<\/p>\n<p class=\"paragraph text_align_left lp-f-body-02\">Cet homme avait indiqu\u00e9 avant son suicide avoir \u00ab \u00e9t\u00e9 victime d\u2019infractions \u00e0 caract\u00e8re sexuel commises par un surveillant lorsqu\u2019il \u00e9tait interne au coll\u00e8ge Saint Stanislas de Nantes \u00bb, selon le magistrat, confirmant une information de <a href=\"https:\/\/www.ouest-france.fr\/faits-divers\/pedophilie\/abus-sexuels-a-saint-stanislas-le-parquet-de-nantes-ouvre-une-enquete-apres-le-suicide-dun-homme-51c40aec-8814-11f0-880b-e0751d6521a8\" target=\"_blank\" rel=\"noreferrer nofollow noopener\">Ouest-France<\/a>. L\u2019enqu\u00eate a \u00e9t\u00e9 confi\u00e9e aux services du commissariat de police de Nantes.<\/p>\n<p>Cinq pr\u00eatres mis en cause<\/p>\n<p class=\"paragraph text_align_left lp-f-body-02\">Vendredi, l\u2019enseignement catholique de Loire-Atlantique avait annonc\u00e9 avoir recueilli plusieurs t\u00e9moignages faisant \u00e9tat de violences sexuelles au sein de cet \u00e9tablissement entre les ann\u00e9es 1950 et 1990, cinq pr\u00eatres \u00e9tant mis en cause, aujourd\u2019hui d\u00e9c\u00e9d\u00e9s.<\/p>\n<p class=\"lp-card-podcast-highlighting__title  lp-f-subtitle-05\">[4\/4] C\u00e9cile Vallin, les secrets d\u2019une disparition<\/p>\n<p class=\"lp-card-podcast-highlighting__description lp-f-ui-05\">Crime story raconte chaque semaine les grandes affaires criminelles.<\/p>\n<p><a class=\"lp-card-podcast-highlighting__call-to-action\" data-page-type=\"HP\" data-block-name=\"podcast-highlight\">\u00c9couter<\/a><\/p>\n<p class=\"paragraph text_align_left lp-f-body-02\">L\u2019\u00e9v\u00eaque de Nantes, Mgr Laurent Percerou, a lanc\u00e9 lors de la conf\u00e9rence de presse un appel \u00e0 t\u00e9moignages.<\/p>\n<p class=\"paragraph text_align_left lp-f-body-02\">\u00ab En l\u2019\u00e9tat, le parquet de Nantes n\u2019a en revanche pas \u00e9t\u00e9 rendu destinataire d\u2019autres informations de m\u00eame nature concernant d\u2019autres familles, notamment depuis la conf\u00e9rence de presse \u00bb de vendredi, a pr\u00e9cis\u00e9 le procureur.<\/p>\n","protected":false},"excerpt":{"rendered":"Une enqu\u00eate a \u00e9t\u00e9 ouverte apr\u00e8s le suicide d\u2019un quadrag\u00e9naire en 2024 ayant confi\u00e9 avoir \u00e9t\u00e9 victime de&hellip;\n","protected":false},"author":2,"featured_media":361715,"comment_status":"","ping_status":"","sticky":false,"template":"","format":"standard","meta":{"footnotes":""},"categories":[2818],"tags":[1111,11,459,1777,674,118,1011,27,766,12,2636,25],"class_list":{"0":"post-361714","1":"post","2":"type-post","3":"status-publish","4":"format-standard","5":"has-post-thumbnail","7":"category-nantes","8":"tag-actu","9":"tag-actualites","10":"tag-departements-horsidfo","11":"tag-eu","12":"tag-europe","13":"tag-faits-divers","14":"tag-fr","15":"tag-france","16":"tag-nantes","17":"tag-news","18":"tag-pays-de-la-loire","19":"tag-republique-francaise"},"share_on_mastodon":{"url":"https:\/\/pubeurope.com\/@fr\/115136853782050519","error":""},"_links":{"self":[{"href":"https:\/\/www.europesays.com\/fr\/wp-json\/wp\/v2\/posts\/361714","targetHints":{"allow":["GET"]}}],"collection":[{"href":"https:\/\/www.europesays.com\/fr\/wp-json\/wp\/v2\/posts"}],"about":[{"href":"https:\/\/www.europesays.com\/fr\/wp-json\/wp\/v2\/types\/post"}],"author":[{"embeddable":true,"href":"https:\/\/www.europesays.com\/fr\/wp-json\/wp\/v2\/users\/2"}],"replies":[{"embeddable":true,"href":"https:\/\/www.europesays.com\/fr\/wp-json\/wp\/v2\/comments?post=361714"}],"version-history":[{"count":0,"href":"https:\/\/www.europesays.com\/fr\/wp-json\/wp\/v2\/posts\/361714\/revisions"}],"wp:featuredmedia":[{"embeddable":true,"href":"https:\/\/www.europesays.com\/fr\/wp-json\/wp\/v2\/media\/361715"}],"wp:attachment":[{"href":"https:\/\/www.europesays.com\/fr\/wp-json\/wp\/v2\/media?parent=361714"}],"wp:term":[{"taxonomy":"category","embeddable":true,"href":"https:\/\/www.europesays.com\/fr\/wp-json\/wp\/v2\/categories?post=361714"},{"taxonomy":"post_tag","embeddable":true,"href":"https:\/\/www.europesays.com\/fr\/wp-json\/wp\/v2\/tags?post=361714"}],"curies":[{"name":"wp","href":"https:\/\/api.w.org\/{rel}","templated":true}]}}